{"id":13692,"date":"2021-12-06T02:18:58","date_gmt":"2021-12-05T22:18:58","guid":{"rendered":"http:\/\/veteran.az\/?p=13692"},"modified":"2021-12-06T13:40:41","modified_gmt":"2021-12-06T09:40:41","slug":"t%c9%99brik-%c9%99mrahov-m%c9%99h%c9%99mm%c9%99d%c9%99li-qiyas%c9%99ddin-oglu-55","status":"publish","type":"post","link":"https:\/\/veteran.az\/?p=13692","title":{"rendered":"T\u018fBR\u0130K: \u018fMRAHOV  M\u018fH\u018fMM\u018fD\u018fL\u0130 Q\u0130YAS\u018fDD\u0130N O\u011eLU &#8212; 55"},"content":{"rendered":"\n<p><strong>&nbsp;&nbsp;&nbsp;&nbsp; <span class=\"has-inline-color has-vivid-red-color\">AVMV\u0130B R\u0259hb\u0259rliyi v\u0259 Az\u0259rbaycan V\u0259t\u0259n M\u00fcharib\u0259si Veteranlar\u0131 \u0130ctimai birliyinin s\u0259dr m\u00fcavini polkovnik Salman Musayev M\u00fcharib\u0259 Veteran\u0131 polkovnik-leytenant \u018fmrahov&nbsp; M\u0259h\u0259mm\u0259d\u0259li&nbsp; Qiyas\u0259ddin o\u011flunu do\u011fum g\u00fcn\u00fc m\u00fcnasib\u0259til\u0259 s\u0259mimi q\u0259lbd\u0259n t\u0259brik edir, ona h\u0259yatda insan \u00fc\u00e7\u00fcn \u0259n \u015firin nem\u0259t olan m\u00f6hk\u0259m can sa\u011fl\u0131\u011f\u0131, ail\u0259 s\u0259ad\u0259ti v\u0259 h\u0259yat yollar\u0131nda bitib &#8212; t\u00fck\u0259nm\u0259y\u0259n nailiyy\u0259tl\u0259r arzulay\u0131r.<\/span><\/strong><\/p>\n\n\n\n<p><strong>&nbsp;&nbsp;&nbsp;&nbsp; Qoy ya\u015f\u0131n\u0131n \u00fcst\u0259 g\u0259l\u0259n bu ya\u015f ona sevinc dolu g\u00fcnl\u0259r b\u0259x\u015f etsin v\u0259 h\u0259r yeni g\u00fcn\u00fc is\u0259 \u00f6t\u0259n g\u00fcnl\u0259rd\u0259n daha g\u00f6z\u0259l ist\u0259kl\u0259rin\u0259 uy\u011fun onu xo\u015fb\u0259xt ed\u0259c\u0259k \u015f\u0259kild\u0259 ke\u00e7sin. Amin!<\/strong><\/p>\n\n\n\n<p>&nbsp;&nbsp;&nbsp;&nbsp; M\u00fcharib\u0259 Veteran\u0131&nbsp; polkovnik leytenant \u018fmrahov M\u0259h\u0259mm\u0259d\u0259li Qiyas\u0259ddin o\u011flu&nbsp; 07 dekabr&nbsp; 1966-c\u0131 ild\u0259&nbsp; Q\u0259rbi Az\u0259rbaycan\u0131n Z\u0259ng\u0259zur mahal\u0131n\u0131n Qafan rayonunun Sizn\u0259k k\u0259ndind\u0259 anadan olub.<\/p>\n\n\n\n<figure class=\"wp-block-gallery columns-3 is-cropped wp-block-gallery-1 is-layout-flex wp-block-gallery-is-layout-flex\"><ul class=\"blocks-gallery-grid\"><li class=\"blocks-gallery-item\"><figure><img loading=\"lazy\" decoding=\"async\" width=\"1024\" height=\"1024\" src=\"http:\/\/veteran.az\/wp-content\/uploads\/2021\/12\/20211205_163615-1024x1024.jpg\" alt=\"\" data-id=\"13693\" data-link=\"http:\/\/veteran.az\/?attachment_id=13693\" class=\"wp-image-13693\" srcset=\"https:\/\/veteran.az\/wp-content\/uploads\/2021\/12\/20211205_163615-1024x1024.jpg 1024w, https:\/\/veteran.az\/wp-content\/uploads\/2021\/12\/20211205_163615-300x300.jpg 300w, https:\/\/veteran.az\/wp-content\/uploads\/2021\/12\/20211205_163615-150x150.jpg 150w, https:\/\/veteran.az\/wp-content\/uploads\/2021\/12\/20211205_163615-768x768.jpg 768w, https:\/\/veteran.az\/wp-content\/uploads\/2021\/12\/20211205_163615.jpg 1104w\" sizes=\"auto, (max-width: 1024px) 100vw, 1024px\" \/><\/figure><\/li><li class=\"blocks-gallery-item\"><figure><img loading=\"lazy\" decoding=\"async\" width=\"537\" height=\"857\" src=\"http:\/\/veteran.az\/wp-content\/uploads\/2021\/12\/20211205_111144-rotated.jpg\" alt=\"\" data-id=\"13694\" data-link=\"http:\/\/veteran.az\/?attachment_id=13694\" class=\"wp-image-13694\" srcset=\"https:\/\/veteran.az\/wp-content\/uploads\/2021\/12\/20211205_111144-rotated.jpg 537w, https:\/\/veteran.az\/wp-content\/uploads\/2021\/12\/20211205_111144-188x300.jpg 188w\" sizes=\"auto, (max-width: 537px) 100vw, 537px\" \/><\/figure><\/li><li class=\"blocks-gallery-item\"><figure><img loading=\"lazy\" decoding=\"async\" width=\"1024\" height=\"768\" src=\"http:\/\/veteran.az\/wp-content\/uploads\/2021\/12\/IMG-20211205-WA0005-1024x768.jpg\" alt=\"\" data-id=\"13697\" data-full-url=\"http:\/\/veteran.az\/wp-content\/uploads\/2021\/12\/IMG-20211205-WA0005-rotated.jpg\" data-link=\"http:\/\/veteran.az\/?attachment_id=13697\" class=\"wp-image-13697\" srcset=\"https:\/\/veteran.az\/wp-content\/uploads\/2021\/12\/IMG-20211205-WA0005-1024x768.jpg 1024w, https:\/\/veteran.az\/wp-content\/uploads\/2021\/12\/IMG-20211205-WA0005-300x225.jpg 300w, https:\/\/veteran.az\/wp-content\/uploads\/2021\/12\/IMG-20211205-WA0005-768x576.jpg 768w, https:\/\/veteran.az\/wp-content\/uploads\/2021\/12\/IMG-20211205-WA0005-1536x1152.jpg 1536w, https:\/\/veteran.az\/wp-content\/uploads\/2021\/12\/IMG-20211205-WA0005-rotated.jpg 1600w\" sizes=\"auto, (max-width: 1024px) 100vw, 1024px\" \/><\/figure><\/li><\/ul><\/figure>\n\n\n\n<p>&nbsp;&nbsp;&nbsp;&nbsp; Polkovnik leytenant M\u0259h\u0259mm\u0259d\u0259li Qiyas\u0259ddin o\u011flu \u018fmrahov 1973-c\u00fc ild\u0259&nbsp; Qafan rayonunun Sizn\u0259k k\u0259nd orta m\u0259kt\u0259binin birinci sinifin\u0259 getmi\u015f 1983-c\u00fc ild\u0259 h\u0259min m\u0259kt\u0259bi bitirdikd\u0259n sonra, 1984-c\u00fc ild\u0259&nbsp; SSR\u0130 M\u00fcdafi\u0259 Nazirliyinin Tallin \u015f\u0259h\u0259rind\u0259 yerl\u0259\u015f\u0259n Ali \u0130n\u015fatlar Siyasi H\u0259rbi m\u0259kt\u0259bin\u0259 daxil olmu\u015f&nbsp; 1989- cu ild\u0259 h\u0259min&nbsp; ali h\u0259rbi m\u0259kt\u0259bi bitirmi\u015fdir.T\u0259hsilini ba\u015fa vurduqdan sonra SSR\u0130 M\u00fcdafi\u0259 Nazirliyinin \u0130n\u015faat Qo\u015funlar\u0131n\u0131n Bak\u0131 \u015f\u0259h\u0259rind\u0259 yerl\u0259\u015f\u0259n h\u0259rbi hiss\u0259l\u0259rind\u0259 b\u00f6luk komandirinin t\u0259rbiy\u0259vi i\u015fl\u0259r \u00fczr\u0259 m\u00fcavini, B\u00f6l\u00fck komandiri v\u0259zif\u0259sind\u0259 qulluq etmi\u015fdir.<\/p>\n\n\n\n<figure class=\"wp-block-image size-large\"><img loading=\"lazy\" decoding=\"async\" width=\"640\" height=\"510\" src=\"http:\/\/veteran.az\/wp-content\/uploads\/2021\/12\/264465234_131749159267130_8996455611568237799_n.jpg\" alt=\"\" class=\"wp-image-13707\" srcset=\"https:\/\/veteran.az\/wp-content\/uploads\/2021\/12\/264465234_131749159267130_8996455611568237799_n.jpg 640w, https:\/\/veteran.az\/wp-content\/uploads\/2021\/12\/264465234_131749159267130_8996455611568237799_n-300x239.jpg 300w\" sizes=\"auto, (max-width: 640px) 100vw, 640px\" \/><\/figure>\n\n\n\n<p>\u00a0\u00a0\u00a0\u00a0 \u018fmrahov M\u0259h\u0259mm\u0259d\u0259li Qiyas\u0259ddin o\u011flu\u00a0 1992-2007-ci ill\u0259rd\u0259 Daxili \u0130\u015fl\u0259r Nazirliyinin Daxili Qo\u015funlar\u0131n Bin\u0259q\u0259di rayonunda yerl\u0259\u015f\u0259n h\u0259rbi hiss\u0259d\u0259 D\u00f6y\u00fc\u015f haz\u0131rl\u0131\u011f\u0131 b\u00f6lm\u0259s\u0131n\u0131n r\u0259isi, h\u0259rbi hiss\u0259 komandirinin Maddi- texniki t\u0259minat xidm\u0259tl\u0259ri \u00fczr\u0259\u00a0 m\u00fcavini, Daxili Qo\u015funlar\u0131n N\u0259rimanov rayonunda yerl\u0259\u015f\u0259n h\u0259rbi hiss\u0259d\u0259\u00a0 h\u0259rbi hiss\u0259 komandirinin m\u00fcavini-Q\u0259rargah r\u0259isi, Daxili Qo\u015funlar\u0131n\u00a0 Sumqay\u0131t \u015f\u0259h\u0259rind\u0259, Bin\u0259q\u0259di, Zaqatala v\u0259 Hac\u0131qabul rayonunlarda yerl\u0259\u015f\u0259n h\u0259rbi hiss\u0259l\u0259rd\u0259 h\u0259rbi hiss\u0259 komandiri, Daxili Qo\u015funlar\u0131n Ba\u015f idar\u0259sinin Maddi texniki t\u0259minat idar\u0259sind\u0259 ba\u015f zabit, DQB\u0130 -nin Q\u0259rargah\u0131nda is\u0259 \u018fm\u0259liyyat \u015f\u00f6b\u0259sinin ba\u015f zabiti v\u0259 N\u00f6vb\u0259t\u00e7i Xidm\u0259tinin r\u0259isi v\u0259zif\u0259l\u0259rind\u0259 V\u0259t\u0259n\u0259, D\u00f6vl\u0259t\u0259 v\u0259 xalqa s\u0259daq\u0259tl\u0259 xidm\u0259t etmi\u015fdir. O, Daxili Qo\u015funlarda r\u0259hb\u0259r v\u0259zif\u0259l\u0259rd\u0259 xidm\u0259t etdiyi ill\u0259r \u0259rzind\u0259 bir \u00e7ox metodiki- t\u0259lim toplan\u0131\u015flarda, x\u00fcsusi taktiki t\u0259liml\u0259rd\u0259, Q\u0259rargah m\u0259\u015fqil\u0259rind\u0259, seminar v\u0259 konfranslarda f\u0259al i\u015ftirak etmi\u015fdir.<\/p>\n\n\n\n<figure class=\"wp-block-image size-large\"><img decoding=\"async\" src=\"http:\/\/veteran.az\/wp-content\/uploads\/2021\/12\/IMG-20211205-WA0003-1024x768.jpg\" alt=\"\" class=\"wp-image-13695\"\/><\/figure>\n\n\n\n<p>&nbsp;&nbsp;&nbsp;&nbsp; Polkovnik leytenant M\u0259h\u0259mm\u0259d\u0259li Qiyas\u0259ddin o\u011flu \u018fmrahov&nbsp;&nbsp; Daxili Qo\u015funlardan Silahl\u0131 Quvv\u0259l\u0259r\u0259 ehtiyata&nbsp; buraxld\u0131qdan sonra 2011-2013-c\u00fc ill\u0259rd\u0259 F\u00f6vqal\u0259d\u0259 Hallar Nazirliyinin Akademiyas\u0131nda Komendant xidm\u0259tinin r\u0259isi v\u0259zif\u0259sind\u0259 i\u015fl\u0259yib, 2014- c\u00fc ild\u0259n etibar\u0259n is\u0259 FHN-nin Akademiyas\u0131nda ba\u015f m\u00fc\u0259llim v\u0259zif\u0259sind\u0259 i\u015fl\u0259yir.<\/p>\n\n\n\n<p>&nbsp;&nbsp;&nbsp;&nbsp;&nbsp; Pe\u015f\u0259karl\u0131\u011f\u0131 v\u0259 humanistliyi il\u0259 se\u00e7il\u0259n&nbsp; \u00f6mrunun \u0259n m\u0259hsuldar d\u00f6vr\u00fcn\u00fcn 33 (otuz \u00fcc) ild\u0259n cox \u015f\u0259r\u0259fli xidm\u0259t yolunun 7 (yeddi) ilini SSR\u0130 M\u00fcdafi\u0259 Nazirliyinin ali h\u0259rbi m\u0259kt\u0259bind\u0259 v\u0259 h\u0259rbi hiss\u0259sind\u0259&nbsp; , 16 (on alt\u0131) ilini Daxili \u0130\u015fl\u0259r Nazirliyinin Daxili Qo\u015funlar\u0131n Ba\u015f \u0130dar\u0259sind\u0259 v\u0259 h\u0259rbi hiss\u0259l\u0259rind\u0259 , 10 (on )&nbsp; ilini is\u0259 F\u00f6vq\u0259lad\u0259 Hallar Nazirliyinin Akademiyas\u0131nda ke\u00e7ir\u0259r\u0259k \u00fcz\u0259rin\u0259 d\u00fc\u015f\u0259n v\u0259zif\u0259 v\u0259 tap\u015f\u0131r\u0131qlar\u0131 m\u0259suliyy\u0259t v\u0259 \u015f\u0259r\u0259f hissi il\u0259 yer\u0131n\u0259 yetirmi\u015fdir.<\/p>\n\n\n\n<p>&nbsp;&nbsp;&nbsp; M\u0259h\u0259mm\u0259d\u0259li \u018fmrahov Daxili Qo\u015funlarda xidm\u0259t etdiyi ill\u0259r \u0259rzind\u0259 \u00f6z\u00fcn\u00fc qorxmaz, insanp\u0259rv\u0259r ba\u015f zabit kimi g\u00f6st\u0259rmi\u015fdir. O,ist\u0259r ya\u015fad\u0131\u011f\u0131 \u0259razid\u0259, oxudu\u011fu&nbsp; orta v\u0259 t\u0259hsil ald\u0131\u011f\u0131 h\u0259rbi m\u0259kt\u0259bd\u0259, ist\u0259rs\u0259 d\u0259 i\u015fl\u0259diyi v\u0259 xidm\u0259t etdiyi kollektiv, dost -tan\u0131\u015f, qohum -\u0259qraba aras\u0131nda \u00f6z\u00fcn\u0259 layiq h\u00f6rm\u0259t qazanm\u0131\u015fd\u0131r.<\/p>\n\n\n\n<p>&nbsp;&nbsp;&nbsp; Az\u0259rbaycan Respublikas\u0131n\u0131n \u0259razi b\u00fct\u00f6vl\u00fcy\u00fc u\u011frunda (A\u011fd\u0259r\u0259, A\u011fdam, F\u00fczuli v\u0259 C\u0259bray\u0131l rayonlar\u0131 istiqam\u0259tind\u0259) ged\u0259n d\u00f6y\u00fc\u015fl\u0259rd\u0259 i\u015ftirak edib&nbsp; v\u0259 kontuziya al\u0131b.<\/p>\n\n\n\n<figure class=\"wp-block-image size-large\"><img loading=\"lazy\" decoding=\"async\" width=\"1020\" height=\"559\" src=\"http:\/\/veteran.az\/wp-content\/uploads\/2021\/12\/20211205_192936.jpg\" alt=\"\" class=\"wp-image-13696\" srcset=\"https:\/\/veteran.az\/wp-content\/uploads\/2021\/12\/20211205_192936.jpg 1020w, https:\/\/veteran.az\/wp-content\/uploads\/2021\/12\/20211205_192936-300x164.jpg 300w, https:\/\/veteran.az\/wp-content\/uploads\/2021\/12\/20211205_192936-768x421.jpg 768w\" sizes=\"auto, (max-width: 1020px) 100vw, 1020px\" \/><\/figure>\n\n\n\n<p>&nbsp;&nbsp;&nbsp; Az\u0259rbaycan respublikas\u0131n\u0131nda ictimai qaydan\u0131n v\u0259 ictimai t\u0259hl\u00fck\u0259sizliyin qorunmas\u0131nda, \u015f\u0259h\u0259rd\u0259 v\u0259 ya\u015fay\u0131\u015f m\u0259nt\u0259q\u0259l\u0259rind\u0259, c\u0259za\u00e7\u0259km\u0259 m\u00fc\u0259ssis\u0259l\u0259rind\u0259 ba\u015f vermi\u015f ixt\u015fa\u015flar\u0131n qar\u015f\u0131s\u0131n\u0131n al\u0131nmas\u0131nda, c\u0131nay\u0259tkarl\u0131\u011fa qar\u015f\u0131 m\u00fcbariz\u0259d\u0259, Silahl\u0131 qurupla\u015fm\u0131\u015f&nbsp; d\u0259st\u0259l\u0259rin z\u0259r\u0259rsizl\u0259\u015fdirilm\u0259sind\u0259, F\u00f6vqal\u0259d\u0259 v\u0259ziyy\u0259t zaman\u0131 h\u00fcquqi rejimin t\u0259min olunmas\u0131nda el\u0259c\u0259d\u0259 d\u00f6vl\u0259tin \u0259razi b\u00fct\u00f6vl\u00fcy\u00fcn\u00fcn t\u0259min edilm\u0259sind\u0259 \u00fcz\u0259rin\u0259 d\u00fcs\u0259n&nbsp; v\u0259zif\u0259 v\u0259 tap\u015f\u0131r\u0131qlar\u0131n \u00f6hd\u0259sind\u0259n layiqinc\u0259 g\u0259lmi\u015fdir.<\/p>\n\n\n\n<figure class=\"wp-block-image size-large\"><img loading=\"lazy\" decoding=\"async\" width=\"1024\" height=\"768\" src=\"http:\/\/veteran.az\/wp-content\/uploads\/2021\/12\/IMG-20211205-WA0004-1024x768.jpg\" alt=\"\" class=\"wp-image-13703\" srcset=\"https:\/\/veteran.az\/wp-content\/uploads\/2021\/12\/IMG-20211205-WA0004-1024x768.jpg 1024w, https:\/\/veteran.az\/wp-content\/uploads\/2021\/12\/IMG-20211205-WA0004-300x225.jpg 300w, https:\/\/veteran.az\/wp-content\/uploads\/2021\/12\/IMG-20211205-WA0004-768x576.jpg 768w, https:\/\/veteran.az\/wp-content\/uploads\/2021\/12\/IMG-20211205-WA0004-1536x1152.jpg 1536w, https:\/\/veteran.az\/wp-content\/uploads\/2021\/12\/IMG-20211205-WA0004-rotated.jpg 1600w\" sizes=\"auto, (max-width: 1024px) 100vw, 1024px\" \/><\/figure>\n\n\n\n<p>&nbsp;&nbsp;&nbsp;&nbsp; M\u0259h\u0259mm\u0259d\u0259li \u018fmrahov SSR\u0130&nbsp; M\u00fcdafi\u0259 Nazirliyinin ali h\u0259rbi m\u0259kt\u0259bind\u0259&nbsp; v\u0259 h\u0259rbi hiss\u0259l\u0259rind\u0259,Daxili \u0130\u015fl\u0259r Nazirliyinin Daxili Qo\u015funlar\u0131nda&nbsp; oxudu\u011fu v\u0259 xidm\u0259t etdiyi,&nbsp; F\u00f6vqal\u0259d\u0259 Hallar Nazirliyinin Akademiyas\u0131nda&nbsp; i\u015fl\u0259diyi&nbsp; ill\u0259r \u0259rzind\u0259&nbsp; xidm\u0259ti v\u0259zif\u0259l\u0259rinin&nbsp; icras\u0131 zaman\u0131 y\u00fcks\u0259k m\u0259n\u0259vi-d\u00f6y\u00fc\u015f keyfiyy\u0259tl\u0259ri g\u00f6st\u0259rdiyin\u0259 g\u00f6r\u0259, d\u00f6y\u00fc\u015f v\u0259 ictimai s\u0131yas\u0131 haz\u0131rl\u0131\u011f\u0131nda, pe\u015f\u0259kar kadr zabitl\u0259rin, kicik m\u00fct\u0259x\u0259ssisl\u0259rin haz\u0131rlanmas\u0131nda ,h\u0259rbi intizam\u0131n m\u00f6hk\u0259ml\u0259ndirilm\u0259sind\u0259 y\u00fcks\u0259k g\u00f6st\u0259ricil\u0259r\u0259 nail oldu\u011funa&nbsp; g\u00f6r\u0259 SSRI M\u00fcdafi\u0259 Nazirinin, Az\u0259rbaycan Respublikas\u0131n\u0131n&nbsp;&nbsp; Daxili \u0130\u015fl\u0259r v\u0259 F\u00f6vqal\u0259d\u0259 Hallar&nbsp; Nazirl\u0259rinin, Daxili Qo\u015funlar Komandan\u0131n v\u0259 onun m\u00fcavininl\u0259rnin, t\u0259hsil ald\u0131g\u0131 v\u0259 i\u015fl\u0259diyi ali h\u0259rbi m\u0259kt\u0259b v\u0259 akademiya r\u0259isinin ,h\u0259rbi hiss\u0259 komandirinin m\u00fcvafiq \u0259mrl\u0259ri il\u0259 \u0259la xidm\u0259tl\u0259r\u0259 g\u00f6r\u0259 d\u00f6\u015f v\u0259 yubiley ni\u015fanlar\u0131 il\u0259, pul m\u00fckafatlar\u0131 il\u0259, f\u0259xri f\u0259rmanlarla, qiym\u0259tli h\u0259diyy\u0259l\u0259rl\u0259 m\u00fckafatland\u0131rl\u0131b v\u0259 ona t\u0259\u015f\u0259kk\u00fcr elan edilib.<\/p>\n\n\n\n<figure class=\"wp-block-image size-large\"><img loading=\"lazy\" decoding=\"async\" width=\"1024\" height=\"768\" src=\"http:\/\/veteran.az\/wp-content\/uploads\/2021\/12\/IMG-20211205-WA0003-1-1024x768.jpg\" alt=\"\" class=\"wp-image-13698\" srcset=\"https:\/\/veteran.az\/wp-content\/uploads\/2021\/12\/IMG-20211205-WA0003-1-1024x768.jpg 1024w, https:\/\/veteran.az\/wp-content\/uploads\/2021\/12\/IMG-20211205-WA0003-1-300x225.jpg 300w, https:\/\/veteran.az\/wp-content\/uploads\/2021\/12\/IMG-20211205-WA0003-1-768x576.jpg 768w, https:\/\/veteran.az\/wp-content\/uploads\/2021\/12\/IMG-20211205-WA0003-1-1536x1152.jpg 1536w, https:\/\/veteran.az\/wp-content\/uploads\/2021\/12\/IMG-20211205-WA0003-1-rotated.jpg 1600w\" sizes=\"auto, (max-width: 1024px) 100vw, 1024px\" \/><\/figure>\n\n\n\n<p>Xidm\u0259td\u0259 f\u0259riql\u0259ndiyin\u0259 g\u00f6r\u0259&nbsp; M\u0259h\u0259mm\u0259d\u0259li Qiyas\u0259ddin o\u011flu SSR\u0130 Ali Soveti v\u0259 Az\u0259rbaycan Respublikas\u0131n\u0131n Prezidenti ad\u0131ndan &#171;Q\u00fcsursuz xidm\u0259tl\u0259r\u0259 g\u00f6r\u0259&#187;, &#171;Silahll Quvv\u0259l\u0259rin v\u0259 F\u00f6vqal\u0259d\u0259 Hallar Nazirliyinin yaranmas\u0131n\u0131n&#187; yubiley medallar\u0131 il\u0259 t\u0259ltif edilib.<\/p>\n\n\n\n<p><strong>DO\u011eUM G\u00dcN\u00dcN M\u00dcBAR\u018fK OLSUN<\/strong>, <strong>M\u018fH\u018fMM\u018fD\u018fL\u0130 M\u00dc\u018fLL\u0130M!<\/strong><\/p>\n\n\n\n<p><strong>ALLAH H\u018fR ZAMAN Q\u018fLB\u0130N\u0130 SIXINTIDAN, B\u018fDB\u0130NL\u0130KD\u018fN QORUSUN!<\/strong><\/p>\n\n\n\n<p><strong>B\u00dcT\u00dcN ARZULARIN \u00c7\u0130N OLSUN!<\/strong><\/p>\n\n\n\n<p><strong>DA\u0130MA XO\u015eB\u018fXT YA\u015eA, \u00d6MR\u00dcN UZUN OLSUN.<\/strong><\/p>\n\n\n\n<p><strong>H\u018fM\u0130\u015e\u018f \u00dcZ\u00dcN G\u00dcLS\u00dcN, \u00dcR\u018fY\u0130N SEV\u0130NS\u0130N!<\/strong><\/p>\n\n\n\n<p><strong>D\u0259rin h\u00f6rm\u0259tl\u0259: Az\u0259rbaycan V\u0259t\u0259n M\u00fcharib\u0259si Veteranlar\u0131 \u0130ctimai Birliyinin s\u0259dr m\u00fcavini Polkovnik Salman Musayev<\/strong><\/p>\n\n\n\n<figure class=\"wp-block-gallery columns-2 is-cropped wp-block-gallery-2 is-layout-flex wp-block-gallery-is-layout-flex\"><ul class=\"blocks-gallery-grid\"><li class=\"blocks-gallery-item\"><figure><img loading=\"lazy\" decoding=\"async\" width=\"537\" height=\"857\" src=\"http:\/\/veteran.az\/wp-content\/uploads\/2021\/12\/20211205_111144-2-rotated.jpg\" alt=\"\" data-id=\"13701\" data-full-url=\"http:\/\/veteran.az\/wp-content\/uploads\/2021\/12\/20211205_111144-2-rotated.jpg\" data-link=\"http:\/\/veteran.az\/?attachment_id=13701\" class=\"wp-image-13701\" srcset=\"https:\/\/veteran.az\/wp-content\/uploads\/2021\/12\/20211205_111144-2-rotated.jpg 537w, https:\/\/veteran.az\/wp-content\/uploads\/2021\/12\/20211205_111144-2-188x300.jpg 188w\" sizes=\"auto, (max-width: 537px) 100vw, 537px\" \/><\/figure><\/li><li class=\"blocks-gallery-item\"><figure><img decoding=\"async\" src=\"http:\/\/veteran.az\/wp-content\/uploads\/2021\/10\/8265a327389da9fe4fdc2714b309120e-2.jpg\" alt=\"\" data-id=\"12930\" data-link=\"http:\/\/veteran.az\/?attachment_id=12930\" class=\"wp-image-12930\"\/><\/figure><\/li><\/ul><\/figure>\n","protected":false},"excerpt":{"rendered":"<p>&nbsp;&nbsp;&nbsp;&nbsp; AVMV\u0130B R\u0259hb\u0259rliyi v\u0259 Az\u0259rbaycan V\u0259t\u0259n M\u00fcharib\u0259si Veteranlar\u0131 \u0130ctimai birliyinin s\u0259dr m\u00fcavini polkovnik Salman Musayev&#8230;<\/p>\n","protected":false},"author":3,"featured_media":13700,"comment_status":"closed","ping_status":"closed","sticky":false,"template":"","format":"standard","meta":{"footnotes":""},"categories":[12],"tags":[],"class_list":["post-13692","post","type-post","status-publish","format-standard","has-post-thumbnail","hentry","category-veteran"],"featured_image_urls":{"full":["https:\/\/veteran.az\/wp-content\/uploads\/2021\/12\/20211205_111642-rotated.jpg",526,574,false],"thumbnail":["https:\/\/veteran.az\/wp-content\/uploads\/2021\/12\/20211205_111642-150x150.jpg",150,150,true],"medium":["https:\/\/veteran.az\/wp-content\/uploads\/2021\/12\/20211205_111642-275x300.jpg",275,300,true],"medium_large":["https:\/\/veteran.az\/wp-content\/uploads\/2021\/12\/20211205_111642-rotated.jpg",526,574,false],"large":["https:\/\/veteran.az\/wp-content\/uploads\/2021\/12\/20211205_111642-rotated.jpg",526,574,false],"1536x1536":["https:\/\/veteran.az\/wp-content\/uploads\/2021\/12\/20211205_111642-rotated.jpg",526,574,false],"2048x2048":["https:\/\/veteran.az\/wp-content\/uploads\/2021\/12\/20211205_111642-rotated.jpg",526,574,false],"covernews-slider-full":["https:\/\/veteran.az\/wp-content\/uploads\/2021\/12\/20211205_111642-rotated.jpg",526,574,false],"covernews-slider-center":["https:\/\/veteran.az\/wp-content\/uploads\/2021\/12\/20211205_111642-rotated.jpg",458,500,false],"covernews-featured":["https:\/\/veteran.az\/wp-content\/uploads\/2021\/12\/20211205_111642-rotated.jpg",526,574,false],"covernews-medium":["https:\/\/veteran.az\/wp-content\/uploads\/2021\/12\/20211205_111642-526x380.jpg",471,340,true],"covernews-medium-square":["https:\/\/veteran.az\/wp-content\/uploads\/2021\/12\/20211205_111642-526x450.jpg",292,250,true]},"author_info":{"display_name":"Veteran.az","author_link":"https:\/\/veteran.az\/?author=3"},"category_info":"<a href=\"https:\/\/veteran.az\/?cat=12\" rel=\"category\">Veteran d\u00fcnyas\u0131<\/a>","tag_info":"Veteran d\u00fcnyas\u0131","comment_count":"0","_links":{"self":[{"href":"https:\/\/veteran.az\/index.php?rest_route=\/wp\/v2\/posts\/13692","targetHints":{"allow":["GET"]}}],"collection":[{"href":"https:\/\/veteran.az\/index.php?rest_route=\/wp\/v2\/posts"}],"about":[{"href":"https:\/\/veteran.az\/index.php?rest_route=\/wp\/v2\/types\/post"}],"author":[{"embeddable":true,"href":"https:\/\/veteran.az\/index.php?rest_route=\/wp\/v2\/users\/3"}],"replies":[{"embeddable":true,"href":"https:\/\/veteran.az\/index.php?rest_route=%2Fwp%2Fv2%2Fcomments&post=13692"}],"version-history":[{"count":2,"href":"https:\/\/veteran.az\/index.php?rest_route=\/wp\/v2\/posts\/13692\/revisions"}],"predecessor-version":[{"id":13708,"href":"https:\/\/veteran.az\/index.php?rest_route=\/wp\/v2\/posts\/13692\/revisions\/13708"}],"wp:featuredmedia":[{"embeddable":true,"href":"https:\/\/veteran.az\/index.php?rest_route=\/wp\/v2\/media\/13700"}],"wp:attachment":[{"href":"https:\/\/veteran.az\/index.php?rest_route=%2Fwp%2Fv2%2Fmedia&parent=13692"}],"wp:term":[{"taxonomy":"category","embeddable":true,"href":"https:\/\/veteran.az\/index.php?rest_route=%2Fwp%2Fv2%2Fcategories&post=13692"},{"taxonomy":"post_tag","embeddable":true,"href":"https:\/\/veteran.az\/index.php?rest_route=%2Fwp%2Fv2%2Ftags&post=13692"}],"curies":[{"name":"wp","href":"https:\/\/api.w.org\/{rel}","templated":true}]}}