{"id":13637,"date":"2021-12-04T02:24:17","date_gmt":"2021-12-03T22:24:17","guid":{"rendered":"http:\/\/veteran.az\/?p=13637"},"modified":"2021-12-04T02:24:18","modified_gmt":"2021-12-03T22:24:18","slug":"amea-qarisdi-xalid-niyazovla-ramiz-mehdiyev-k%c9%99ll%c9%99-k%c9%99ll%c9%99y%c9%99-g%c9%99ldi","status":"publish","type":"post","link":"https:\/\/veteran.az\/?p=13637","title":{"rendered":"AMEA qar\u0131\u015fd\u0131: Xalid Niyazovla Ramiz Mehdiyev k\u0259ll\u0259-k\u0259ll\u0259y\u0259 g\u0259ldi"},"content":{"rendered":"\n<p><strong>&#171;H\u0259z\u0259rat, bu Ramiz Mehdiyev ki, var, dey\u0259s\u0259n, akademik d\u00fchas\u0131 o q\u0259d\u0259r q\u0131cq\u0131r\u0131b ki, el\u0259 bilir akademiya buna d\u0259d\u0259sind\u0259n miras qal\u0131b\u201d.<\/strong><\/p>\n\n\n\n<p><br>Veteran.az x\u0259b\u0259r verir ki, bu s\u00f6zl\u0259ri \u00f6z\u00fcn\u00fcn facebook statusunda H\u00fcquq v\u0259 \u0130nsan Haqlar\u0131 \u0130nstitutunun sabiq \u015f\u00f6b\u0259 m\u00fcdiri, elml\u0259r doktoru, \u018fm\u0259kdar jurnalist Xalid Niyazov bildirib.<\/p>\n\n\n\n<p><br>O, daha sonra statusunda yaz\u0131b:<\/p>\n\n\n\n<p>&#171;Adam bu qoca ya\u015f\u0131nda, \u00f6mr\u00fcn\u00fcn \u00fcz\u00fc o yana v\u0259d\u0259sind\u0259 r\u0259hm\u0259t qazanmaq \u0259v\u0259zin\u0259, l\u0259n\u0259t\u0259 i\u015fl\u0259yir.<\/p>\n\n\n\n<p><br>Xisl\u0259tind\u0259, i\u00e7ind\u0259 yaratmaq, qurmaq ad\u0131na &#171;damazl\u0131\u011fa\u201d birc\u0259 h\u00fcceyr\u0259nin bel\u0259 olmad\u0131\u011f\u0131 bu zat \u00f6t\u0259n g\u00fcnl\u0259rinin heyfini qab-qacaq d\u00fckan\u0131na girmi\u015f n\u0259 bilim n\u0259 kimi qar\u015f\u0131s\u0131na \u00e7\u0131xan h\u0259r \u015feyi \u00e7\u0131\u011fnay\u0131b q\u0131rmaqla \u00e7\u0131xmaqda q\u0259rarl\u0131d\u0131r.<\/p>\n\n\n\n<p><br>Akademiyan\u0131n prezidentind\u0259n \u00e7ox \u00f6z\u00fcn\u00fc bazar m\u00fcd\u00fcr\u00fc, &#171;girdovoy\u201d kimi aparan &#171;Enverovi\u00e7\u201d insanlar\u0131n s\u00f6z v\u0259 fikir azadl\u0131\u011f\u0131n\u0131 bo\u011fmaqla, d\u00fcz s\u00f6z dey\u0259ni m\u0259hz \u00f6z\u00fcn\u0259m\u0259xsus \u00e7irkin, nalayiq, &#171;yara\u015f\u0131r\u201d \u00fcsullarla c\u0259zaland\u0131rmaqla m\u0259\u015f\u011fuldur.<\/p>\n\n\n\n<p><br>Adam b\u0259nd\u0259niz\u0259 q\u0131z\u0131b ki, b\u0259s niy\u0259 haqq\u0131nda bir-iki t\u0259rifli \u015f\u0259rh yazm\u0131\u015fam. O \u00fczd\u0259n \u00e7a\u011f\u0131r\u0131b \u0259shab\u0259l\u0259rin\u0259 tap\u015f\u0131r\u0131b ki, bu akademiyada ya m\u0259n qalmal\u0131yam, ya da Niyazov.<\/p>\n\n\n\n<p>Siz bir t\u0259f\u0259kk\u00fcr\u0259 bax\u0131n, a\u011f\u0131la bax\u0131n, s\u0259viyy\u0259y\u0259 tama\u015fa edin!<\/p>\n\n\n\n<p><br>Adam bu feodal, h\u0259tta bir az da ir\u0259li ged\u0259k, Az\u0131x t\u0259f\u0259kk\u00fcr\u00fc il\u0259 25 il Prezident Administrasiyas\u0131nda nec\u0259 oturubmu\u015f?!<\/p>\n\n\n\n<p><br>\u00d6lk\u0259nin elm q\u0259rargah\u0131na hans\u0131 m\u0259n\u0259vi haqq v\u0259 elmi &#171;kapasit\u0259\u201d il\u0259 ba\u015f\u00e7\u0131l\u0131q edir?!<\/p>\n\n\n\n<p>Ba\u015fdan-aya\u011fa, ruslar demi\u015fk\u0259n, &#171;yeriy\u0259n l\u0259tif\u0259\u201d oldu\u011funu n\u0259 tez unudub?!<br>M\u0259g\u0259r ail\u0259sinin qudur\u011fan \u0259m\u0259ll\u0259rin\u0259 g\u00f6r\u0259 b\u00fct\u00fcn \u00f6lk\u0259nin q\u0131na\u011f\u0131na tu\u015f g\u0259l\u0259n, el\u0259m\u0259 t\u0259nb\u0259llik, yerind\u0259n duran\u0131n &#171;N\u0259 yemis\u0259n? Tur\u015fulu a\u015f!\u201d &#171;\u00e7il\u0259diyi\u201d bu deyildimi?<\/p>\n\n\n\n<p><br>Adam\u0131 g\u00f6nd\u0259ribl\u0259r ki, get, indiy\u0259d\u0259k \u00f6z\u00fcn\u0259 i\u015fl\u0259mis\u0259n, indi d\u0259 bari, elmin g\u00fcn\u00fcn\u0259 a\u011fla, yaddaqalan bir i\u015f g\u00f6r akademiya \u00fc\u00e7\u00fcn, amma \u00e7ifayda\u2026 He\u00e7 g\u00f6rm\u00fcs\u00fcn\u00fczm\u00fc ki, yaban\u0131 ot q\u0131z\u0131lg\u00fcl bitirsin, mi\u015fardan \u00e7\u0131xm\u0131\u015f &#171;be\u015flik\u201d taxta b\u0259h\u0259r\u0259 d\u00fc\u015fs\u00fcn?!<\/p>\n\n\n\n<p><br>Az\u0259rbaycan elmi bu g\u00fcnd\u0259dir, h\u0259z\u0259rat!<\/p>\n\n\n\n<p>\u00dcmid ya h\u00f6rm\u0259tli Prezident\u0259dir ki, \u00e7\u0131xar\u0131b ats\u0131n, ya da Allahad\u0131r ki, &#171;m\u0259l\u0259k\u201dl\u0259rin\u0259 tap\u015f\u0131rs\u0131n\u201d.<br><\/p>\n\n\n\n<p>M\u0259nb\u0259: Konkret.az\u00a0<\/p>\n","protected":false},"excerpt":{"rendered":"<p>&#171;H\u0259z\u0259rat, bu Ramiz Mehdiyev ki, var, dey\u0259s\u0259n, akademik d\u00fchas\u0131 o q\u0259d\u0259r q\u0131cq\u0131r\u0131b ki, el\u0259 bilir&#8230;<\/p>\n","protected":false},"author":3,"featured_media":0,"comment_status":"closed","ping_status":"closed","sticky":false,"template":"","format":"standard","meta":{"footnotes":""},"categories":[6],"tags":[],"class_list":["post-13637","post","type-post","status-publish","format-standard","hentry","category-cmiyyt"],"featured_image_urls":{"full":"","thumbnail":"","medium":"","medium_large":"","large":"","1536x1536":"","2048x2048":"","covernews-slider-full":"","covernews-slider-center":"","covernews-featured":"","covernews-medium":"","covernews-medium-square":""},"author_info":{"display_name":"Veteran.az","author_link":"https:\/\/veteran.az\/?author=3"},"category_info":"<a href=\"https:\/\/veteran.az\/?cat=6\" rel=\"category\">C\u0259miyy\u0259t<\/a>","tag_info":"C\u0259miyy\u0259t","comment_count":"0","_links":{"self":[{"href":"https:\/\/veteran.az\/index.php?rest_route=\/wp\/v2\/posts\/13637","targetHints":{"allow":["GET"]}}],"collection":[{"href":"https:\/\/veteran.az\/index.php?rest_route=\/wp\/v2\/posts"}],"about":[{"href":"https:\/\/veteran.az\/index.php?rest_route=\/wp\/v2\/types\/post"}],"author":[{"embeddable":true,"href":"https:\/\/veteran.az\/index.php?rest_route=\/wp\/v2\/users\/3"}],"replies":[{"embeddable":true,"href":"https:\/\/veteran.az\/index.php?rest_route=%2Fwp%2Fv2%2Fcomments&post=13637"}],"version-history":[{"count":1,"href":"https:\/\/veteran.az\/index.php?rest_route=\/wp\/v2\/posts\/13637\/revisions"}],"predecessor-version":[{"id":13639,"href":"https:\/\/veteran.az\/index.php?rest_route=\/wp\/v2\/posts\/13637\/revisions\/13639"}],"wp:attachment":[{"href":"https:\/\/veteran.az\/index.php?rest_route=%2Fwp%2Fv2%2Fmedia&parent=13637"}],"wp:term":[{"taxonomy":"category","embeddable":true,"href":"https:\/\/veteran.az\/index.php?rest_route=%2Fwp%2Fv2%2Fcategories&post=13637"},{"taxonomy":"post_tag","embeddable":true,"href":"https:\/\/veteran.az\/index.php?rest_route=%2Fwp%2Fv2%2Ftags&post=13637"}],"curies":[{"name":"wp","href":"https:\/\/api.w.org\/{rel}","templated":true}]}}