{"id":13624,"date":"2021-12-04T00:42:59","date_gmt":"2021-12-03T20:42:59","guid":{"rendered":"http:\/\/veteran.az\/?p=13624"},"modified":"2021-12-04T00:43:06","modified_gmt":"2021-12-03T20:43:06","slug":"heyd%c9%99r-%c9%99liyev-fondu-il%c9%99-unicef-arasinda-novb%c9%99ti-anlasma-memorandumu-imzalanib","status":"publish","type":"post","link":"https:\/\/veteran.az\/?p=13624","title":{"rendered":"Heyd\u0259r \u018fliyev Fondu il\u0259 UNICEF aras\u0131nda n\u00f6vb\u0259ti Anla\u015fma Memorandumu imzalan\u0131b"},"content":{"rendered":"\n<p><strong>Heyd\u0259r \u018fliyev Fondu il\u0259 BMT-nin U\u015faq Fondu (UNICEF) aras\u0131nda n\u00f6vb\u0259ti Anla\u015fma Memorandumu imzalan\u0131b.<\/strong><\/p>\n\n\n\n<p>&#171;Report&#187;\u00a0x\u0259b\u0259r verir ki, memorandum 2025-ci ilin sonunad\u0259k Az\u0259rbaycanda u\u015faqlar\u0131n erk\u0259n u\u015faql\u0131q d\u00f6vr\u00fcnd\u0259 inki\u015faf\u0131, inkl\u00fcziv t\u0259hsil, yeniyetm\u0259 v\u0259 g\u0259ncl\u0259rin inki\u015faf\u0131 sah\u0259sind\u0259 m\u00fcxt\u0259lif layih\u0259l\u0259rin h\u0259yata ke\u00e7irilm\u0259sini n\u0259z\u0259rd\u0259 tutur.<\/p>\n\n\n\n<p>UNICEF-in Az\u0259rbaycandak\u0131 n\u00fcmay\u0259nd\u0259si Aleks Haykens il\u0259 g\u00f6r\u00fc\u015fd\u0259 Heyd\u0259r \u018fliyev Fondunun icra\u00e7\u0131 direktoru Anar \u018fl\u0259kb\u0259rov Fondun t\u0259hsil, s\u0259hiyy\u0259, sosial v\u0259 m\u0259d\u0259niyy\u0259t, el\u0259c\u0259 d\u0259 x\u00fcsusi qay\u011f\u0131ya ehtiyac\u0131 olan u\u015faqlar\u0131n c\u0259miyy\u0259t\u0259 inteqrasiyas\u0131 istiqam\u0259tind\u0259ki layih\u0259l\u0259ri bar\u0259d\u0259 m\u0259lumat verib. Bildirib ki, inkl\u00fcziv c\u0259miyy\u0259tin qurulmas\u0131na t\u00f6hf\u0259 ver\u0259n Heyd\u0259r \u018fliyev Fondunun d\u0259st\u0259yi il\u0259 \u0259lilliyi olan u\u015faqlardan ibar\u0259t r\u0259qs qrupunun xarici \u00f6lk\u0259l\u0259rd\u0259 konsert proqram\u0131 il\u0259 \u00e7\u0131x\u0131\u015flar\u0131 t\u0259\u015fkil edil\u0259c\u0259k.<\/p>\n\n\n\n<p>G\u00f6r\u00fc\u015fd\u0259 Heyd\u0259r \u018fliyev Fondunun prezidenti Mehriban \u018fliyevan\u0131n u\u015faqlar\u0131n sosial, s\u0259hiyy\u0259 v\u0259 dig\u0259r sah\u0259l\u0259r \u00fczr\u0259 h\u00fcquqlar\u0131n\u0131n qorunmas\u0131, o c\u00fcml\u0259d\u0259n x\u00fcsusi qay\u011f\u0131ya ehtiyac\u0131 olan v\u0259 valideyn himay\u0259sind\u0259n m\u0259hrum u\u015faqlara qay\u011f\u0131 istiqam\u0259tind\u0259ki f\u0259aliyy\u0259tinin \u0259h\u0259miyy\u0259ti qeyd edilib.<\/p>\n\n\n\n<p>UNICEF-in Az\u0259rbaycandak\u0131 n\u00fcmay\u0259nd\u0259si Aleks Haykens Heyd\u0259r \u018fliyev Fondu il\u0259 h\u0259yata ke\u00e7irilm\u0259kd\u0259 olan \u201cErk\u0259n U\u015faql\u0131q D\u00f6vr\u00fcnd\u0259 \u0130nki\u015faf (EUD\u0130)\u201c layih\u0259si, el\u0259c\u0259 d\u0259 \u0259traf m\u00fchit v\u0259 iqlim d\u0259yi\u015fikliyi, ya\u015f\u0131l enerji m\u0259nb\u0259l\u0259ri, b\u0259rpa olunan enerji sah\u0259l\u0259rind\u0259ki t\u0259dbirl\u0259r \u00fczr\u0259 \u0259m\u0259kda\u015fl\u0131\u011f\u0131 qeyd edib. Aleks Haykens u\u015faq h\u00fcquqlar\u0131n\u0131n qorunmas\u0131 \u00fczr\u0259 \u201cU\u015faq Dost M\u0259rk\u0259zl\u0259ri\u201dnin, el\u0259c\u0259 d\u0259 i\u015f\u011faldan azad olunmu\u015f \u0259razil\u0259rd\u0259 minalardan t\u0259mizl\u0259m\u0259 i\u015fl\u0259rinin m\u00fczakir\u0259si prosesin\u0259 u\u015faqlar\u0131n da c\u0259lb edilm\u0259sinin s\u0259m\u0259r\u0259li olaca\u011f\u0131n\u0131 bildirib.<\/p>\n\n\n\n<p>G\u00f6r\u00fc\u015fd\u0259 g\u0259l\u0259c\u0259kd\u0259 inkl\u00fcziv t\u0259hsil, \u0259lill\u0259rin d\u0259st\u0259kl\u0259nm\u0259si v\u0259 reabilitasiyas\u0131 sah\u0259l\u0259rind\u0259 Fondla birg\u0259 h\u0259yata ke\u00e7iril\u0259c\u0259k layih\u0259l\u0259r d\u0259 m\u00fczakir\u0259 edilib.<\/p>\n\n\n\n<p>Xat\u0131rladaq ki, BMT-n\u0131n U\u015faq Fondu (UNICEF) il\u0259 Heyd\u0259r \u018fliyev Fondu aras\u0131nda ilk Anla\u015fma Memorandumu 2019-cu ild\u0259 imzalan\u0131b.<\/p>\n","protected":false},"excerpt":{"rendered":"<p>Heyd\u0259r \u018fliyev Fondu il\u0259 BMT-nin U\u015faq Fondu (UNICEF) aras\u0131nda n\u00f6vb\u0259ti Anla\u015fma Memorandumu imzalan\u0131b. &#171;Report&#187;\u00a0x\u0259b\u0259r verir&#8230;<\/p>\n","protected":false},"author":3,"featured_media":13625,"comment_status":"closed","ping_status":"closed","sticky":false,"template":"","format":"standard","meta":{"footnotes":""},"categories":[6],"tags":[],"class_list":["post-13624","post","type-post","status-publish","format-standard","has-post-thumbnail","hentry","category-cmiyyt"],"featured_image_urls":{"full":["https:\/\/veteran.az\/wp-content\/uploads\/2021\/12\/04a3291a-ccf7-38fd-8a2b-0555213be510_850.jpg",850,530,false],"thumbnail":["https:\/\/veteran.az\/wp-content\/uploads\/2021\/12\/04a3291a-ccf7-38fd-8a2b-0555213be510_850-150x150.jpg",150,150,true],"medium":["https:\/\/veteran.az\/wp-content\/uploads\/2021\/12\/04a3291a-ccf7-38fd-8a2b-0555213be510_850-300x187.jpg",300,187,true],"medium_large":["https:\/\/veteran.az\/wp-content\/uploads\/2021\/12\/04a3291a-ccf7-38fd-8a2b-0555213be510_850-768x479.jpg",640,399,true],"large":["https:\/\/veteran.az\/wp-content\/uploads\/2021\/12\/04a3291a-ccf7-38fd-8a2b-0555213be510_850.jpg",640,399,false],"1536x1536":["https:\/\/veteran.az\/wp-content\/uploads\/2021\/12\/04a3291a-ccf7-38fd-8a2b-0555213be510_850.jpg",850,530,false],"2048x2048":["https:\/\/veteran.az\/wp-content\/uploads\/2021\/12\/04a3291a-ccf7-38fd-8a2b-0555213be510_850.jpg",850,530,false],"covernews-slider-full":["https:\/\/veteran.az\/wp-content\/uploads\/2021\/12\/04a3291a-ccf7-38fd-8a2b-0555213be510_850.jpg",850,530,false],"covernews-slider-center":["https:\/\/veteran.az\/wp-content\/uploads\/2021\/12\/04a3291a-ccf7-38fd-8a2b-0555213be510_850.jpg",800,500,false],"covernews-featured":["https:\/\/veteran.az\/wp-content\/uploads\/2021\/12\/04a3291a-ccf7-38fd-8a2b-0555213be510_850.jpg",850,530,false],"covernews-medium":["https:\/\/veteran.az\/wp-content\/uploads\/2021\/12\/04a3291a-ccf7-38fd-8a2b-0555213be510_850-720x380.jpg",540,285,true],"covernews-medium-square":["https:\/\/veteran.az\/wp-content\/uploads\/2021\/12\/04a3291a-ccf7-38fd-8a2b-0555213be510_850-675x450.jpg",375,250,true]},"author_info":{"display_name":"Veteran.az","author_link":"https:\/\/veteran.az\/?author=3"},"category_info":"<a href=\"https:\/\/veteran.az\/?cat=6\" rel=\"category\">C\u0259miyy\u0259t<\/a>","tag_info":"C\u0259miyy\u0259t","comment_count":"0","_links":{"self":[{"href":"https:\/\/veteran.az\/index.php?rest_route=\/wp\/v2\/posts\/13624","targetHints":{"allow":["GET"]}}],"collection":[{"href":"https:\/\/veteran.az\/index.php?rest_route=\/wp\/v2\/posts"}],"about":[{"href":"https:\/\/veteran.az\/index.php?rest_route=\/wp\/v2\/types\/post"}],"author":[{"embeddable":true,"href":"https:\/\/veteran.az\/index.php?rest_route=\/wp\/v2\/users\/3"}],"replies":[{"embeddable":true,"href":"https:\/\/veteran.az\/index.php?rest_route=%2Fwp%2Fv2%2Fcomments&post=13624"}],"version-history":[{"count":1,"href":"https:\/\/veteran.az\/index.php?rest_route=\/wp\/v2\/posts\/13624\/revisions"}],"predecessor-version":[{"id":13626,"href":"https:\/\/veteran.az\/index.php?rest_route=\/wp\/v2\/posts\/13624\/revisions\/13626"}],"wp:featuredmedia":[{"embeddable":true,"href":"https:\/\/veteran.az\/index.php?rest_route=\/wp\/v2\/media\/13625"}],"wp:attachment":[{"href":"https:\/\/veteran.az\/index.php?rest_route=%2Fwp%2Fv2%2Fmedia&parent=13624"}],"wp:term":[{"taxonomy":"category","embeddable":true,"href":"https:\/\/veteran.az\/index.php?rest_route=%2Fwp%2Fv2%2Fcategories&post=13624"},{"taxonomy":"post_tag","embeddable":true,"href":"https:\/\/veteran.az\/index.php?rest_route=%2Fwp%2Fv2%2Ftags&post=13624"}],"curies":[{"name":"wp","href":"https:\/\/api.w.org\/{rel}","templated":true}]}}