{"id":13620,"date":"2021-12-03T16:20:32","date_gmt":"2021-12-03T12:20:32","guid":{"rendered":"http:\/\/veteran.az\/?p=13620"},"modified":"2021-12-03T16:20:33","modified_gmt":"2021-12-03T12:20:33","slug":"amnistiya-akti-v%c9%99t%c9%99n-muharib%c9%99sinin-2-istirakcisina-samil-edilib","status":"publish","type":"post","link":"https:\/\/veteran.az\/?p=13620","title":{"rendered":"Amnistiya Akt\u0131 V\u0259t\u0259n m\u00fcharib\u0259sinin 2 i\u015ftirak\u00e7\u0131s\u0131na \u015famil edilib"},"content":{"rendered":"\n<p><strong>&#171;Noyabr\u0131n 5-d\u0259n dekabr\u0131n 3-d\u0259k \u018fdliyy\u0259 Nazirliyinin Probasiya Xidm\u0259ti t\u0259r\u0259find\u0259n azadl\u0131qdan m\u0259hrumetm\u0259 il\u0259 ba\u011fl\u0131 olmayan c\u0259zalara m\u0259hkum edil\u0259n 1 307 n\u0259f\u0259r\u0259 Amnistiya Akt\u0131 t\u0259tbiq olunub&#187;.<\/strong><\/p>\n\n\n\n<p>H\u0130T.az x\u0259b\u0259r verir ki, bunu \u018fdliyy\u0259 Nazirliyinin Probasiya Xidm\u0259tinin r\u0259isi Aq\u015fin Ziyadov deyib.<\/p>\n\n\n\n<p>O bildirib ki, q\u0259rar\u0131n icras\u0131 \u00e7\u0259r\u00e7iv\u0259sind\u0259 yerli probasiya qurumlar\u0131n\u0131n q\u0259rarlar\u0131 il\u0259 1 158, m\u0259hk\u0259m\u0259y\u0259 veril\u0259n 1 414 t\u0259qdimat \u0259sas\u0131nda bu g\u00fcn\u0259 q\u0259d\u0259r 149 m\u0259hkum haqq\u0131nda Amnistiya Akt\u0131 t\u0259tbiq edilib: &#171;Onlardan 161 n\u0259f\u0259r qad\u0131n, 1 n\u0259f\u0259r yetkinlik ya\u015f\u0131na \u00e7atmayan, 84 n\u0259f\u0259r 60 ya\u015f\u0131na \u00e7atm\u0131\u015f, 2 n\u0259f\u0259r V\u0259t\u0259n m\u00fcharib\u0259sind\u0259 i\u015ftirak ed\u0259n m\u0259hkumlard\u0131r&#187;.<\/p>\n\n\n\n<p>&#171;Amnistiya t\u0259tbiq olunmu\u015f \u015f\u0259xsl\u0259rd\u0259n 870 n\u0259f\u0259r islah i\u015fl\u0259ri, 260 n\u0259f\u0259r c\u0259rim\u0259, 28 n\u0259f\u0259r ictimai i\u015fl\u0259t c\u0259zas\u0131ndan azad edil\u0259n m\u0259hkumlard\u0131r. Bundan ba\u015fqa, azadl\u0131\u011f\u0131n m\u0259hdudl\u015fad\u0131r\u0131lmas\u0131 c\u0259zas\u0131na m\u0259hkum edil\u0259n \u015f\u0259xsl\u0259rd\u0259n 134 n\u0259f\u0259r c\u0259zadan azad olunaraq onlara t\u0259tbiq edilmi\u015f elektron qolbaqlar d\u0259rhal \u00e7\u0131xar\u0131lm\u0131\u015f, 15 n\u0259f\u0259r m\u0259hkumun is\u0259 c\u0259za m\u00fcdd\u0259ti 1 il azald\u0131l\u0131b&#187; &#8212; o vur\u011fulay\u0131b.<\/p>\n\n\n\n<p>Qeyd ed\u0259k ki, 5 noyabr tarixind\u0259 q\u00fcvv\u0259y\u0259 min\u0259n Amnistiya Akt\u0131n\u0131n icras\u0131 d\u00f6rd ay m\u00fcdd\u0259tind\u0259 t\u0259min edilm\u0259lidir.<\/p>\n","protected":false},"excerpt":{"rendered":"<p>&#171;Noyabr\u0131n 5-d\u0259n dekabr\u0131n 3-d\u0259k \u018fdliyy\u0259 Nazirliyinin Probasiya Xidm\u0259ti t\u0259r\u0259find\u0259n azadl\u0131qdan m\u0259hrumetm\u0259 il\u0259 ba\u011fl\u0131 olmayan c\u0259zalara&#8230;<\/p>\n","protected":false},"author":3,"featured_media":13621,"comment_status":"closed","ping_status":"closed","sticky":false,"template":"","format":"standard","meta":{"footnotes":""},"categories":[6],"tags":[],"class_list":["post-13620","post","type-post","status-publish","format-standard","has-post-thumbnail","hentry","category-cmiyyt"],"featured_image_urls":{"full":["https:\/\/veteran.az\/wp-content\/uploads\/2021\/12\/1638527305_f00f74f3-ebb7-3818-ae47-bbed21e1f2dc_850.jpg",800,450,false],"thumbnail":["https:\/\/veteran.az\/wp-content\/uploads\/2021\/12\/1638527305_f00f74f3-ebb7-3818-ae47-bbed21e1f2dc_850-150x150.jpg",150,150,true],"medium":["https:\/\/veteran.az\/wp-content\/uploads\/2021\/12\/1638527305_f00f74f3-ebb7-3818-ae47-bbed21e1f2dc_850-300x169.jpg",300,169,true],"medium_large":["https:\/\/veteran.az\/wp-content\/uploads\/2021\/12\/1638527305_f00f74f3-ebb7-3818-ae47-bbed21e1f2dc_850-768x432.jpg",640,360,true],"large":["https:\/\/veteran.az\/wp-content\/uploads\/2021\/12\/1638527305_f00f74f3-ebb7-3818-ae47-bbed21e1f2dc_850.jpg",640,360,false],"1536x1536":["https:\/\/veteran.az\/wp-content\/uploads\/2021\/12\/1638527305_f00f74f3-ebb7-3818-ae47-bbed21e1f2dc_850.jpg",800,450,false],"2048x2048":["https:\/\/veteran.az\/wp-content\/uploads\/2021\/12\/1638527305_f00f74f3-ebb7-3818-ae47-bbed21e1f2dc_850.jpg",800,450,false],"covernews-slider-full":["https:\/\/veteran.az\/wp-content\/uploads\/2021\/12\/1638527305_f00f74f3-ebb7-3818-ae47-bbed21e1f2dc_850.jpg",800,450,false],"covernews-slider-center":["https:\/\/veteran.az\/wp-content\/uploads\/2021\/12\/1638527305_f00f74f3-ebb7-3818-ae47-bbed21e1f2dc_850.jpg",800,450,false],"covernews-featured":["https:\/\/veteran.az\/wp-content\/uploads\/2021\/12\/1638527305_f00f74f3-ebb7-3818-ae47-bbed21e1f2dc_850.jpg",800,450,false],"covernews-medium":["https:\/\/veteran.az\/wp-content\/uploads\/2021\/12\/1638527305_f00f74f3-ebb7-3818-ae47-bbed21e1f2dc_850-720x380.jpg",540,285,true],"covernews-medium-square":["https:\/\/veteran.az\/wp-content\/uploads\/2021\/12\/1638527305_f00f74f3-ebb7-3818-ae47-bbed21e1f2dc_850-675x450.jpg",375,250,true]},"author_info":{"display_name":"Veteran.az","author_link":"https:\/\/veteran.az\/?author=3"},"category_info":"<a href=\"https:\/\/veteran.az\/?cat=6\" rel=\"category\">C\u0259miyy\u0259t<\/a>","tag_info":"C\u0259miyy\u0259t","comment_count":"0","_links":{"self":[{"href":"https:\/\/veteran.az\/index.php?rest_route=\/wp\/v2\/posts\/13620","targetHints":{"allow":["GET"]}}],"collection":[{"href":"https:\/\/veteran.az\/index.php?rest_route=\/wp\/v2\/posts"}],"about":[{"href":"https:\/\/veteran.az\/index.php?rest_route=\/wp\/v2\/types\/post"}],"author":[{"embeddable":true,"href":"https:\/\/veteran.az\/index.php?rest_route=\/wp\/v2\/users\/3"}],"replies":[{"embeddable":true,"href":"https:\/\/veteran.az\/index.php?rest_route=%2Fwp%2Fv2%2Fcomments&post=13620"}],"version-history":[{"count":1,"href":"https:\/\/veteran.az\/index.php?rest_route=\/wp\/v2\/posts\/13620\/revisions"}],"predecessor-version":[{"id":13622,"href":"https:\/\/veteran.az\/index.php?rest_route=\/wp\/v2\/posts\/13620\/revisions\/13622"}],"wp:featuredmedia":[{"embeddable":true,"href":"https:\/\/veteran.az\/index.php?rest_route=\/wp\/v2\/media\/13621"}],"wp:attachment":[{"href":"https:\/\/veteran.az\/index.php?rest_route=%2Fwp%2Fv2%2Fmedia&parent=13620"}],"wp:term":[{"taxonomy":"category","embeddable":true,"href":"https:\/\/veteran.az\/index.php?rest_route=%2Fwp%2Fv2%2Fcategories&post=13620"},{"taxonomy":"post_tag","embeddable":true,"href":"https:\/\/veteran.az\/index.php?rest_route=%2Fwp%2Fv2%2Ftags&post=13620"}],"curies":[{"name":"wp","href":"https:\/\/api.w.org\/{rel}","templated":true}]}}