{"id":13605,"date":"2021-12-03T00:09:25","date_gmt":"2021-12-02T20:09:25","guid":{"rendered":"http:\/\/veteran.az\/?p=13605"},"modified":"2021-12-03T00:09:27","modified_gmt":"2021-12-02T20:09:27","slug":"guam-a-s%c9%99drlik-moldovaya-t%c9%99hvil-verildi","status":"publish","type":"post","link":"https:\/\/veteran.az\/?p=13605","title":{"rendered":"GUAM-a s\u0259drlik Moldovaya t\u0259hvil verildi"},"content":{"rendered":"\n<p><em><strong>\u0130sve\u00e7in paytaxt\u0131 Stokholmda GUAM t\u0259\u015fkilat\u0131na \u00fczv \u00f6lk\u0259l\u0259rin Xarici \u0130\u015fl\u0259r Nazirl\u0259ri \u015euras\u0131n\u0131n 38-ci iclas\u0131 ke\u00e7irilib.<\/strong><\/em><\/p>\n\n\n\n<p>Bu bar\u0259d\u0259 G\u00fcrc\u00fcstan\u0131n Xarici \u0130\u015fl\u0259r Nazirliyind\u0259n (X\u0130N) bildirilib.<\/p>\n\n\n\n<p>G\u00fcrc\u00fcstan\u0131n X\u0130N ba\u015f\u00e7\u0131s\u0131 David Zalkaliani \u00f6lk\u0259nin GUAM-a 2021-ci ild\u0259 s\u0259drliyinin yekunlar\u0131 v\u0259 pandemiyaya baxmayaraq, il \u0259rzind\u0259 \u0259ld\u0259 olunmu\u015f n\u0259tic\u0259l\u0259r bar\u0259d\u0259 m\u0259lumat t\u0259qdim edib.<\/p>\n\n\n\n<p>T\u0259r\u0259fl\u0259r t\u0259\u015fkilat\u0131n g\u00fcnd\u0259liyind\u0259 duran \u0259m\u0259kda\u015fl\u0131\u011f\u0131n \u0259sas m\u0259s\u0259l\u0259l\u0259ri, h\u0259m\u00e7inin siyasi, parlamentl\u0259raras\u0131, sah\u0259l\u0259raras\u0131, eyni zamanda \u201cGUAM+\u201d format\u0131 \u00e7\u0259r\u00e7iv\u0259sind\u0259 \u0259m\u0259kda\u015fl\u0131\u011f\u0131n inki\u015faf perspektivl\u0259rini m\u00fczakir\u0259 edibl\u0259r.<\/p>\n\n\n\n<p>M\u00fczakir\u0259l\u0259r zaman\u0131 regionda t\u0259hl\u00fck\u0259sizlik m\u0259s\u0259l\u0259l\u0259ri d\u0259 n\u0259z\u0259rd\u0259n ke\u00e7irilib. GUAM \u00e7\u0259r\u00e7iv\u0259sind\u0259 \u0259m\u0259kda\u015fl\u0131q v\u0259 qar\u015f\u0131l\u0131ql\u0131 \u0259laq\u0259l\u0259rin koordinasiyas\u0131n\u0131n \u00f6n\u0259mi vur\u011fulan\u0131b.<\/p>\n\n\n\n<p>\u0130clas\u0131n sonunda t\u0259\u015fkilata s\u0259drliyin Moldovaya t\u0259hvil verilm\u0259si bar\u0259d\u0259 protokol imzalan\u0131b. D.Zalkaliani G\u00fcrc\u00fcstan\u0131n GUAM-a s\u0259drliyi m\u00fcdd\u0259tind\u0259 \u0259m\u0259kda\u015fl\u0131\u011fa g\u00f6r\u0259 h\u0259mkarlar\u0131na minn\u0259tdarl\u0131q edib v\u0259 2022-ci ild\u0259 t\u0259\u015fkilata r\u0259hb\u0259rlik ed\u0259c\u0259k Moldova t\u0259r\u0259fin\u0259 u\u011furlar arzulay\u0131b.<\/p>\n","protected":false},"excerpt":{"rendered":"<p>\u0130sve\u00e7in paytaxt\u0131 Stokholmda GUAM t\u0259\u015fkilat\u0131na \u00fczv \u00f6lk\u0259l\u0259rin Xarici \u0130\u015fl\u0259r Nazirl\u0259ri \u015euras\u0131n\u0131n 38-ci iclas\u0131 ke\u00e7irilib. Bu&#8230;<\/p>\n","protected":false},"author":3,"featured_media":13606,"comment_status":"closed","ping_status":"closed","sticky":false,"template":"","format":"standard","meta":{"footnotes":""},"categories":[6],"tags":[],"class_list":["post-13605","post","type-post","status-publish","format-standard","has-post-thumbnail","hentry","category-cmiyyt"],"featured_image_urls":{"full":["https:\/\/veteran.az\/wp-content\/uploads\/2021\/12\/9QDCr3wkIyZmrgdWVK1XtNY9XQat64Ac.jpeg",945,630,false],"thumbnail":["https:\/\/veteran.az\/wp-content\/uploads\/2021\/12\/9QDCr3wkIyZmrgdWVK1XtNY9XQat64Ac-150x150.jpeg",150,150,true],"medium":["https:\/\/veteran.az\/wp-content\/uploads\/2021\/12\/9QDCr3wkIyZmrgdWVK1XtNY9XQat64Ac-300x200.jpeg",300,200,true],"medium_large":["https:\/\/veteran.az\/wp-content\/uploads\/2021\/12\/9QDCr3wkIyZmrgdWVK1XtNY9XQat64Ac-768x512.jpeg",640,427,true],"large":["https:\/\/veteran.az\/wp-content\/uploads\/2021\/12\/9QDCr3wkIyZmrgdWVK1XtNY9XQat64Ac.jpeg",640,427,false],"1536x1536":["https:\/\/veteran.az\/wp-content\/uploads\/2021\/12\/9QDCr3wkIyZmrgdWVK1XtNY9XQat64Ac.jpeg",945,630,false],"2048x2048":["https:\/\/veteran.az\/wp-content\/uploads\/2021\/12\/9QDCr3wkIyZmrgdWVK1XtNY9XQat64Ac.jpeg",945,630,false],"covernews-slider-full":["https:\/\/veteran.az\/wp-content\/uploads\/2021\/12\/9QDCr3wkIyZmrgdWVK1XtNY9XQat64Ac.jpeg",945,630,false],"covernews-slider-center":["https:\/\/veteran.az\/wp-content\/uploads\/2021\/12\/9QDCr3wkIyZmrgdWVK1XtNY9XQat64Ac-936x630.jpeg",743,500,true],"covernews-featured":["https:\/\/veteran.az\/wp-content\/uploads\/2021\/12\/9QDCr3wkIyZmrgdWVK1XtNY9XQat64Ac.jpeg",945,630,false],"covernews-medium":["https:\/\/veteran.az\/wp-content\/uploads\/2021\/12\/9QDCr3wkIyZmrgdWVK1XtNY9XQat64Ac-720x380.jpeg",540,285,true],"covernews-medium-square":["https:\/\/veteran.az\/wp-content\/uploads\/2021\/12\/9QDCr3wkIyZmrgdWVK1XtNY9XQat64Ac-675x450.jpeg",375,250,true]},"author_info":{"display_name":"Veteran.az","author_link":"https:\/\/veteran.az\/?author=3"},"category_info":"<a href=\"https:\/\/veteran.az\/?cat=6\" rel=\"category\">C\u0259miyy\u0259t<\/a>","tag_info":"C\u0259miyy\u0259t","comment_count":"0","_links":{"self":[{"href":"https:\/\/veteran.az\/index.php?rest_route=\/wp\/v2\/posts\/13605","targetHints":{"allow":["GET"]}}],"collection":[{"href":"https:\/\/veteran.az\/index.php?rest_route=\/wp\/v2\/posts"}],"about":[{"href":"https:\/\/veteran.az\/index.php?rest_route=\/wp\/v2\/types\/post"}],"author":[{"embeddable":true,"href":"https:\/\/veteran.az\/index.php?rest_route=\/wp\/v2\/users\/3"}],"replies":[{"embeddable":true,"href":"https:\/\/veteran.az\/index.php?rest_route=%2Fwp%2Fv2%2Fcomments&post=13605"}],"version-history":[{"count":1,"href":"https:\/\/veteran.az\/index.php?rest_route=\/wp\/v2\/posts\/13605\/revisions"}],"predecessor-version":[{"id":13607,"href":"https:\/\/veteran.az\/index.php?rest_route=\/wp\/v2\/posts\/13605\/revisions\/13607"}],"wp:featuredmedia":[{"embeddable":true,"href":"https:\/\/veteran.az\/index.php?rest_route=\/wp\/v2\/media\/13606"}],"wp:attachment":[{"href":"https:\/\/veteran.az\/index.php?rest_route=%2Fwp%2Fv2%2Fmedia&parent=13605"}],"wp:term":[{"taxonomy":"category","embeddable":true,"href":"https:\/\/veteran.az\/index.php?rest_route=%2Fwp%2Fv2%2Fcategories&post=13605"},{"taxonomy":"post_tag","embeddable":true,"href":"https:\/\/veteran.az\/index.php?rest_route=%2Fwp%2Fv2%2Ftags&post=13605"}],"curies":[{"name":"wp","href":"https:\/\/api.w.org\/{rel}","templated":true}]}}