{"id":13586,"date":"2021-12-02T02:46:28","date_gmt":"2021-12-01T22:46:28","guid":{"rendered":"http:\/\/veteran.az\/?p=13586"},"modified":"2021-12-02T02:46:29","modified_gmt":"2021-12-01T22:46:29","slug":"n%c9%99cm%c9%99ddin-sadikov-rusca-dedi-ki-siz%c9%99-nifr%c9%99t-edir%c9%99m-v%c9%99-az%c9%99rbaycanca-da-danismayacam","status":"publish","type":"post","link":"https:\/\/veteran.az\/?p=13586","title":{"rendered":"&#171;N\u0259cm\u0259ddin Sad\u0131kov rusca dedi ki, siz\u0259 nifr\u0259t edir\u0259m v\u0259 Az\u0259rbaycanca da dan\u0131\u015fmayacam&#8230;\u201d"},"content":{"rendered":"\n<p><strong>\u201c1992-ci ild\u0259 ke\u00e7irdiyimiz F\u0259rrux \u0259m\u0259liyyat\u0131nda haz\u0131rda ordumuzun ba\u015f\u0131nda olan K\u0259rim V\u0259liyevin, Hikm\u0259t Mirz\u0259yevin, Nizam Osmanovun, \u018fnv\u0259r \u018ff\u0259ndiyevin f\u0259dakarl\u0131\u011f\u0131n\u0131n \u015fahidi oldum&#8230;\u201d<\/strong><\/p>\n\n\n\n<p><strong>\u201cN\u0259sm\u0259ddin Sad\u0131kovun komandiri oldu\u011fu v\u0259 F\u0259rruxu almaq \u00fc\u00e7\u00fcn biz\u0259 d\u0259st\u0259k verm\u0259li olan briqada Ulubaba istiqam\u0259tind\u0259 bir g\u00fcll\u0259 d\u0259 atmad\u0131&#8230;\u201d<\/strong><\/p>\n\n\n\n<p><strong>\u201cV\u0259 maraql\u0131d\u0131r ki, haz\u0131rda da \u2013 44 g\u00fcnl\u00fck m\u00fcharib\u0259d\u0259ki q\u0259l\u0259b\u0259mizd\u0259n sonra da Rusiyan\u0131n s\u00fclhm\u0259raml\u0131 say\u0131lan h\u0259rbi kontingenti F\u0259rrux, Ulubaba y\u00fcks\u0259klikl\u0259ri d\u0259 daxil olmaql\u0131 Qaraba\u011f\u0131n\u00a0o \u0259razil\u0259rini n\u0259zar\u0259td\u0259 saxlay\u0131r&#8230;\u201d<\/strong><\/p>\n\n\n\n<figure class=\"wp-block-image size-large\"><img decoding=\"async\" src=\"http:\/\/veteran.az\/wp-content\/uploads\/2021\/12\/1638295664_mehman-selimov2.jpg\" alt=\"\" class=\"wp-image-13587\"\/><\/figure>\n\n\n\n<p>M\u00fcdafi\u0259 nazirinin sabiq m\u00fcavini, ehtiyatda olan polkovnik Mehman S\u0259limov\u00a0<strong>Moderator.az<\/strong>-a geni\u015f m\u00fcsahib\u0259sind\u0259 1988-ci ild\u0259 G\u00fcmr\u00fcd\u0259ki sovet tank alay\u0131n\u0131n komandir m\u00fcavini kimi xidm\u0259t ed\u0259rk\u0259n Erm\u0259nistanda Az\u0259rbaycan t\u00fcrkl\u0259rinin kompakt ya\u015fad\u0131\u011f\u0131 \u0259razil\u0259rd\u0259 ba\u015f ver\u0259n hadis\u0259l\u0259r, 1991-ci ild\u0259 Az\u0259rbaycanda Milli Ordunun b\u00fcn\u00f6vr\u0259sinin qoyulmas\u0131 \u00fc\u00e7\u00fcn g\u00f6rd\u00fcy\u00fc i\u015fl\u0259r, ordu quruculu\u011fundak\u0131 \u00e7\u0259tinlikl\u0259r,\u00a0 birinci Qaraba\u011f m\u00fcharib\u0259si zaman\u0131 bir s\u0131ra \u0259m\u0259liyyatlar\u0131n t\u0259f\u0259rr\u00fcat\u0131ndan dan\u0131\u015f\u0131b, h\u0259min d\u00f6vrd\u0259 bir \u00e7ox m\u00fc\u0259mmal\u0131 olaylar, o c\u00fcml\u0259d\u0259n Rusiya k\u0259\u015ffiyyat\u0131n\u0131n \u0259m\u0259liyyatlara m\u00fcdaxil\u0259sind\u0259n b\u0259hs edib&#8230;\u00a0<\/p>\n\n\n\n<p>\u00a0(\u018fvv\u0259li burada:\u00a0<a rel=\"noreferrer noopener\" href=\"https:\/\/moderator.az\/musahibe\/402618\/rehim-qaziyev-necmeddin-sadikova-orduya-dexli-olmayan-abbas-abbasova-ev-verdi\/\" target=\"_blank\">\/\/moderator.az\/musahibe\/402618\/rehim-qaziyev-necmeddin-sadikova-orduya-dexli-olmayan-abbas-abbasova-ev-verdi\/<\/a>)\u00a0<\/p>\n\n\n\n<p><strong>-Mehman m\u00fc\u0259llim, 1-ci Qaraba\u011f sava\u015f\u0131 zaman\u0131 o vaxtk\u0131 M\u00fcdafi\u0259 naziri R\u0259him Qaz\u0131yevin Ba\u015f Q\u0259rargah r\u0259isi \u015eahin Musayev\u0259 m\u00fcnasib\u0259ti nec\u0259 idi?<\/strong><\/p>\n\n\n\n<p>\u00a0-R\u0259him Qaz\u0131yev \u015eahin Musayevl\u0259 m\u00fcnasib\u0259tl\u0259ri normal g\u00f6r\u00fcn\u00fcrd\u00fc. Qaz\u0131yev ona bir h\u0259rbi m\u00fct\u0259x\u0259ssis kimi yana\u015f\u0131rd\u0131.\u00a0 Ordunun formala\u015fd\u0131r\u0131lmas\u0131 \u00fc\u00e7\u00fcn onun h\u0259rbi savad\u0131ndan istifad\u0259 edirdi&#8230; S\u00f6z\u00fcn d\u00fcz\u00fcn\u00fc des\u0259k, o zaman faktiki olaraq yeni yaranan ordunu idar\u0259 ed\u0259n, \u0259m\u0259liyyatlar\u0131 haz\u0131rlanmas\u0131na v\u0259 apar\u0131lmas\u0131na r\u0259hb\u0259rliyi \u015eahin Musayev edirdi&#8230;<\/p>\n\n\n\n<p>\u00a0\u00a0<strong>-B\u0259s \u201cQRU\u201d agentliyini sonradan &#8212; 1990-c\u0131 ill\u0259rin sonunda Moskvada onun ekstradisiya edilm\u0259sin\u0259 c\u0259hd g\u00f6st\u0259r\u0259n Az\u0259rbaycan d\u00f6vl\u0259t orqanlar\u0131na etiraf etmi\u015f ke\u00e7mi\u015f ba\u015f q\u0259rargah r\u0259isi \u015eahin Musayevl\u0259 ondan c\u0259mi bir il sonra h\u0259min v\u0259zif\u0259y\u0259 t\u0259yin olunmu\u015f N\u0259cm\u0259ddin Sad\u0131kovun m\u00fcnasib\u0259tl\u0259ri nec\u0259 idi? Onlar\u0131 bir yerd\u0259 g\u00f6r\u00fcrd\u00fcn\u00fczm\u00fc he\u00e7?<\/strong>\u00a0<\/p>\n\n\n\n<p>-D\u00fczd\u00fc, o, \u015eahin Musayevin vaxt\u0131nda g\u0259ldi v\u0259 briqada komandiri t\u0259yin olundu.\u00a0 \u00a0H\u0259min briqadan\u0131 toplay\u0131b formala\u015fd\u0131r\u0131nca bir ay da m\u0259niml\u0259 eyni m\u0259rt\u0259b\u0259d\u0259 qald\u0131.\u00a0 \u018fvv\u0259l d\u0259 dediyim kimi, R\u00fcf\u0259t \u018fmirovun xahi\u015fi il\u0259 ona iki otaq verdik. Ham\u0131m\u0131z ona briqadan\u0131n yaranmas\u0131 \u00fc\u00e7\u00fcn k\u00f6m\u0259k edirdik. O vaxt \u015eahin Musayev d\u0259 faktiki m\u00fcdafi\u0259 nazirliyini h\u0259rbi bax\u0131mdan idar\u0259edicisi olaraq N\u0259cm\u0259ddin Sad\u0131kova maksimum \u015f\u0259rait yarad\u0131rd\u0131. V\u0259 ikisi d\u0259 yaln\u0131z rusca dan\u0131\u015f\u0131rd\u0131, Az\u0259rbaycan dilind\u0259 he\u00e7 dan\u0131\u015fma\u011fa c\u0259hd d\u0259 etmirdil\u0259r&#8230;\u00a0 Biz N\u0259cm\u0259ddin\u0259 bu k\u00f6m\u0259yi s\u0259mimi edirdik. Amma \u015eahin Musayev n\u0259 m\u0259qs\u0259dl\u0259 etdiyini\u00a0 dey\u0259 bilm\u0259r\u0259m. Bunu \u00f6z\u00fcnd\u0259n\u00a0 soru\u015fmaq g\u0259r\u0259kdir. Amma dediyiniz kimi, \u015eahin Musayev Az\u0259rbaycan d\u00f6vl\u0259t orqanlar\u0131na \u201cQRU\u201d agenti oldu\u011funu etiraf edibdirs\u0259, bu halda m\u0259s\u0259l\u0259 ayd\u0131nd\u0131r&#8230;\u00a0\u00a0<strong>\u00a0<\/strong><\/p>\n\n\n\n<p><strong>&#8212; \u015eu\u015fa v\u0259 La\u00e7\u0131n\u0131n i\u015f\u011fal\u0131 zaman\u0131 briqada komandiri olmu\u015f Elbrus Orucovu nec\u0259 tan\u0131y\u0131rd\u0131n\u0131z?<\/strong><\/p>\n\n\n\n<p>\u00a0-Onlar 4 qarda\u015f idi. Ham\u0131s\u0131 Rusiyada t\u0259hsil al\u0131m\u0131\u015f zabitl\u0259r idi. Elbrus v\u0259 Elxan s\u0259hv etimir\u0259ms\u0259, Sverdlovskda(indiki Yekaterinburq) tank\u00e7\u0131l\u0131q m\u0259kt\u0259bini, Elman v\u0259 Telman is\u0259 h\u0259min \u015f\u0259h\u0259rd\u0259 siyasi m\u0259s\u0259l\u0259l\u0259r \u00fczr\u0259 m\u00fcavinlik m\u0259kt\u0259bini bitiribl\u0259r.\u00a0 Elxan Orucov da N\u0259cm\u0259ddin kimi 1990-c\u0131 ilin yanvar hadis\u0259l\u0259ri \u0259r\u0259f\u0259sind\u0259 Az\u0259rbaycana g\u0259lib bir m\u00fcdd\u0259t qal\u0131b sonra qay\u0131td\u0131 Belarusa. Amma milli ordu yarananda h\u0259min qarda\u015flar da buraya g\u0259ldil\u0259r.\u00a0 V\u0259\u00a0 d\u00fcz\u00fc, bel\u0259l\u0259ri V\u0259t\u0259n\u0259, M\u00fcdafi\u0259 Nazirliyin\u0259 g\u0259l\u0259nd\u0259 biz, m\u0259n \u015f\u0259xs\u0259n s\u0259mimi olaraq sevinirdik ki, ruslar gedir, yerin\u0259 az\u0259rbaycanl\u0131lar g\u0259lir&#8230; Elxan Orucovla ilk d\u0259f\u0259 1990-c\u0131 ild\u0259\u00a0 G\u0259nc\u0259d\u0259 g\u00f6r\u00fc\u015fd\u00fck. Sonradan xeyli yax\u0131ndan tan\u0131d\u0131m. O da m\u0259nim \u201czampolit\u201d oldu\u011fum alayda komandir m\u00fcavini i\u015fl\u0259m\u0259y\u0259 ba\u015flad\u0131. 1992-ci ilin sonunda\u00a0 m\u0259n A\u011fdam istiqam\u0259tind\u0259 onun komandiri oldu\u011fu 708 sayl\u0131 briqada da siyasi m\u0259s\u0259l\u0259l\u0259r \u00fczr\u0259 m\u00fcavin oldum.. 1990-c\u0131 ild\u0259 Bak\u0131da diviziyada komandir m\u00fcavini kimi xidm\u0259t ed\u0259rk\u0259n L\u0259nk\u0259ran diviziyas\u0131ndan\u00a0 Elman Orucovun s\u0259n\u0259dl\u0259rini G\u00fczd\u0259kd\u0259ki tank alay\u0131na siyasi m\u0259s\u0259l\u0259l\u0259r \u00fczr\u0259 komandir m\u00fcaviniliyin\u0259 g\u00f6nd\u0259rdil\u0259r. S\u0259n\u0259di m\u0259n\u0259 g\u00f6st\u0259r\u0259nd\u0259 t\u0259bii ki, etiraz etm\u0259dim. \u00c7\u00fcnki o, az\u0259rbaycanl\u0131 idi v\u0259 qarda\u015f\u0131 Elxan\u0131 da tan\u0131y\u0131rd\u0131m.\u00a0 Sonra Elman Orucov orduda art\u0131q general r\u00fctb\u0259sin\u0259d\u0259k y\u00fcks\u0259ldi&#8230;\u00a0 Dig\u0259r qarda\u015f Telman Orucova da sonradan h\u0259rbi hiss\u0259l\u0259rd\u0259n birin\u0259\u00a0 siyasi m\u0259s\u0259l\u0259l\u0259r \u00fczr\u0259 m\u00fcavin yollad\u0131q&#8230;\u00a0\u00a0<\/p>\n\n\n\n<p>\u00a0<strong>-Konkret Elbrus Orucovdan dan\u0131\u015f\u0131n, z\u0259hm\u0259t olmasa&#8230;<\/strong>\u00a0<\/p>\n\n\n\n<p>-Bilirdim ki, Elbrus Orucovun h\u0259yat yolda\u015f\u0131 rusdur. O, g\u0259l\u0259nd\u0259 \u015eahin Musayev onu h\u00f6rm\u0259tl\u0259 q\u0259bul etdi. Ona da \u015f\u0259rait yaratd\u0131 v\u0259 \u00f6nc\u0259 dediyimiz kimi \u015eu\u015fa v\u0259 La\u00e7\u0131n\u0131n i\u015f\u011fal\u0131 \u0259r\u0259f\u0259sind\u0259 h\u0259min istiqam\u0259t\u0259 briqada komandiri g\u00f6nd\u0259rildi. R\u0259him Qaz\u0131yev d\u0259 Elbrus Orucova pe\u015f\u0259kar zabit oldu\u011fu \u00fc\u00e7\u00fcn normal yana\u015f\u0131rd\u0131&#8230; H\u0259tta \u015eu\u015fa v\u0259 La\u00e7\u0131n\u0131n i\u015f\u011fal\u0131ndan sonra da Elbrus s\u0259hv etmir\u0259ms\u0259, M\u00fcdafi\u0259 Nazirliyin\u0259 v\u0259zif\u0259y\u0259 g\u0259tirildi&#8230;. Amma hesab edir\u0259m ki, h\u0259min vaxt da, sonra da Az\u0259rbaycan\u0131n M\u00fcdafi\u0259 Nazirliyi v\u0259 ordusundak\u0131 \u0259sas v\u0259zif\u0259l\u0259r\u0259 t\u0259yinatlara Moskvadan birba\u015fa t\u0259sir var idi, ruslar kiml\u0259ri m\u0259sl\u0259h\u0259t bilirdis\u0259, onu da qoyurdular&#8230;\u00a0\u00a0<\/p>\n\n\n\n<p><strong>-Y\u0259ni\u00a0 m\u0259ntiql\u0259 bel\u0259 \u00e7\u0131x\u0131r ki, \u0259g\u0259r \u201cQRU\u201d agenti oldu\u011funu etiraf etmi\u015f\u00a0 \u015eahin Musayev 1992-ci ilin yanvar\u0131n 22-d\u0259n b\u0259ri\u00a0 Az\u0259rbaycan Silahl\u0131 Q\u00fcvv\u0259l\u0259rinin Ba\u015f Q\u0259rargah r\u0259isi olubsa, dem\u0259li, \u0259n az\u0131 o vaxtdan b\u0259riki \u0259m\u0259liyyatlardak\u0131 u\u011fursuzluqlar\u0131m\u0131zda, o c\u00fcml\u0259d\u0259n Da\u015falt\u0131, Xocal\u0131 faci\u0259l\u0259rind\u0259, \u015eu\u015fa v\u0259 La\u00e7\u0131n\u0131n i\u015f\u011fal\u0131nda da \u201cQRU\u201d-nun kifay\u0259t q\u0259d\u0259r rolu olub&#8230;<\/strong>\u00a0<\/p>\n\n\n\n<p>-B\u0259li. M\u0259ntiql\u0259 bel\u0259 \u00e7\u0131x\u0131r&#8230;<\/p>\n\n\n\n<p><strong>-Mehman m\u00fc\u0259llim, haz\u0131rda \u00f6lk\u0259mizd\u0259\u00a0 general N\u0259cm\u0259ddin Sad\u0131kov haqda\u00a0m\u0259nfi fikirl\u0259rl\u0259 yana\u015f\u0131, az da olsa, m\u00fcsb\u0259t fikirl\u0259r s\u00f6yl\u0259y\u0259nl\u0259r, yazanlar da\u00a0var. Dey\u0259 bilm\u0259rik, h\u0259min fikirl\u0259r s\u0259mimidir, yoxsa yox&#8230; Amma xahi\u015f edir\u0259m, siz onunla \u015f\u0259xsi m\u00fcnasib\u0259tl\u0259ri k\u0259nara qoyub, sad\u0259c\u0259, d\u00f6vl\u0259t\u00e7iliyimizin, ordumuzun m\u0259nafel\u0259ri bax\u0131m\u0131ndan N\u0259cm\u0259ddin Sad\u0131kov haqda ger\u00e7\u0259k \u015fahidi olduqlar\u0131n\u0131z\u0131 v\u0259 bildikl\u0259rinizi s\u0259mimi v\u0259 obyektiv dan\u0131\u015f\u0131n. O,\u00a0 Az\u0259rbaycan ordusuna nec\u0259 yerl\u0259\u015fdi? Onunla ilk g\u00f6r\u00fc\u015f\u00fcn\u00fcz\u00fc nec\u0259 xat\u0131rlay\u0131rs\u0131n\u0131z?<\/strong><\/p>\n\n\n\n<p>-Dediyiniz kimi d\u0259 dan\u0131\u015fma\u011fa \u00e7al\u0131\u015facam&#8230;. N\u0259cm\u0259ddin Sad\u0131kov s\u0259hv etmir\u0259ms\u0259, ilk d\u0259f\u0259 h\u0259rb\u00e7i kimi Az\u0259rbaycana 1990-c\u0131 il Yanvar q\u0259tliam\u0131 \u0259r\u0259f\u0259sind\u0259 SSR\u0130 M\u00fcdafi\u0259 Nazirliyinin Belarus h\u0259rbi dair\u0259sind\u0259n mayor r\u00fctb\u0259sind\u0259 g\u00f6nd\u0259rilib v\u0259 Xanlar(indi G\u00f6yg\u00f6l) rayonuna h\u0259rbi komendant t\u0259yin olunub.\u00a0 M\u0259n d\u0259 o zaman G\u0259nc\u0259d\u0259 diviziyada alay komandirinin m\u00fcavini i\u015fl\u0259yirdim. M\u0259n \u0259vv\u0259ll\u0259r el\u0259 bilirdim ki, o rusdur. ..Onunla\u00a0 v\u0259 dig\u0259r bir ne\u00e7\u0259 az\u0259rbaycanl\u0131 zabitl\u0259 birg\u0259 ilk d\u0259f\u0259, s\u0259hv etmir\u0259ms\u0259, G\u0259nc\u0259d\u0259 bir h\u0259myerli kimi\u00a0 Elxan Orucov vasit\u0259sil\u0259 g\u00f6r\u00fc\u015fd\u00fcm.\u00a0 S\u00f6hb\u0259t zaman\u0131 m\u0259n Yanvar faci\u0259si il\u0259 ba\u011fl\u0131\u00a0 ruslara qar\u015f\u0131 s\u00f6y\u00fc\u015f i\u015fl\u0259tdim. Buna N\u0259cm\u0259ddin ciddi bir reaksiya verm\u0259di. Yan\u0131mdak\u0131lardan biri dedi ki, bu da az\u0259rbaycanl\u0131d\u0131r v\u0259 o, m\u0259n\u0259 t\u0259r\u0259f bax\u0131b g\u00fcl\u00fcms\u0259di&#8230; Sonra o da, Elxan Orucov v\u0259 dig\u0259rl\u0259ri il\u0259 birlikd\u0259 N\u0259cm\u0259ddin Sad\u0131kov da Belarusa qay\u0131td\u0131&#8230; V\u0259 bir d\u0259 1992-ci ilin \u0259vv\u0259lind\u0259 ordumuz qurulanda geri d\u00f6nd\u00fcl\u0259r&#8230;\u00a0\u00a0S\u0259hv etmir\u0259ms\u0259, 1992-ci ilin fevral\u0131nda bir g\u00fcn o zaman \u0259m\u0259liyyat idar\u0259sinin r\u0259isi olan R\u00fcf\u0259t \u018fmirov nazirlikd\u0259 bir rusa ox\u015fayan zabiti m\u0259n\u0259 t\u0259qdim etdi. M\u0259n dedim ki, n\u0259s\u0259 simas\u0131 m\u0259n\u0259 tan\u0131\u015f g\u0259lir. Dey\u0259nd\u0259 ki, Xanlarda komendant i\u015fl\u0259mi\u015f\u0259m, onunla g\u00f6r\u00fc\u015f\u00fcm\u00fcz yad\u0131ma d\u00fc\u015fd\u00fc. Bizim d\u0259 o d\u00f6vrd\u0259 t\u0259hsilli h\u0259rb\u00e7il\u0259r\u0259 b\u00f6y\u00fck ehtiyac\u0131m\u0131z var idi. Ona g\u00f6r\u0259 d\u0259 N\u0259cm\u0259ddin Sad\u0131kov da problem olmadan ordumuza q\u0259bul edild. V\u0259 h\u0259min vaxt Ba\u015f Q\u0259rargah r\u0259isi olan v\u0259 faktiki M\u00fcdafi\u0259 naziri v\u0259zif\u0259sini\u00a0 d\u0259 icra ed\u0259n general \u015eahin Musayev N\u0259cm\u0259ddin Sadlkova 703 sayl\u0131 briqadan\u0131 yaratma\u011f\u0131 v\u0259 ona komandir olma\u011f\u0131 h\u0259val\u0259 etdi.\u00a0 M\u0259n d\u0259 k\u00f6m\u0259k\u00e7i kimi N\u0259cm\u0259ddin\u0259 iki otaq\u00a0 verdim v\u0259\u00a0 orada briqadan\u0131 formala\u015fd\u0131rma\u011fa ba\u015flad\u0131. Bu i\u015fd\u0259 d\u0259 biz ona k\u00f6m\u0259k edirdik. H\u0259min vaxt Ba\u015f Q\u0259rargah r\u0259isi \u015eahin Musayevin m\u00fcavini r\u0259hm\u0259tlik Milli Q\u0259hr\u0259man \u015eikar \u015eikarov idi. Onunla biz Milli Ordu haqq\u0131nda qanunu haz\u0131rlam\u0131\u015fd\u0131q. Sonradan o, k\u00f6n\u00fcll\u00fc \u015f\u0259kild\u0259 Bak\u0131da &#8212; nazirlikd\u0259ki i\u015fini qoyub bu, qanuna uy\u011fun olmasa da, ba\u015f q\u0259rargah r\u0259isinin m\u00fcavini v\u0259zif\u0259sind\u0259 qalaraq N\u0259cm\u0259ddinin komandiri oldu\u011fu 703-c\u00fc briqadaya q\u0259rargah r\u0259isi v\u0259zif\u0259sini icra etm\u0259y\u0259 getdi. T\u0259\u0259ss\u00fcf ki, \u015eikar \u015eikarov A\u011fd\u0259r\u0259-Goranboy d\u00f6y\u00fc\u015fl\u0259ri zaman\u0131 \u015f\u0259hid oldu&#8230; Onu \u00f6z\u00fcm Bak\u0131da m\u0259scidd\u0259 yudurdub d\u0259fn el\u0259tdirdim. \u00dcr\u0259yinin yan\u0131ndan bir g\u00fcll\u0259 yeri g\u00f6rd\u00fcm&#8230; Allah r\u0259hm\u0259t el\u0259sin!.. \u015eikar \u015eikarovdan sonra is\u0259 Belarusdan Aleksandr Vasyak N\u0259cm\u0259ddinin birqadas\u0131nda q\u0259rargah r\u0259isi oldu&#8230;<\/p>\n\n\n\n<p>\u00a0&#8212;<strong>Daha sonra n\u0259 vaxt rastla\u015fd\u0131n\u0131z N\u0259cm\u0259ddin Sad\u0131kovla?<\/strong>\u00a0<\/p>\n\n\n\n<p>-1992-ci ilin s\u0259hv etnird\u0259ms\u0259, dekabr\u0131nda Xocal\u0131 rayonu \u0259razisind\u0259ki haz\u0131rda da erm\u0259nil\u0259rin \u0259lind\u0259 olan v\u0259\u00a0 o\u00a0 zaman A\u011fdam \u00fc\u00e7\u00fcn\u00a0 b\u00f6y\u00fck t\u0259hl\u00fck\u0259 t\u0259\u015fkil ed\u0259n F\u0259rrux y\u00fcks\u0259kliyini azad etm\u0259k \u00fc\u00e7\u00fcn M\u00fcdafi\u0259 Nazirliyinin g\u00f6st\u0259ri\u015fi il\u0259 t\u0259xmin\u0259n 2 min\u0259d\u0259k h\u0259rb\u00e7isi olan qrupla\u015fman\u0131n komandiri kimi\u00a0 m\u0259nim d\u0259 i\u015ftirak\u0131mla haz\u0131rlanm\u0131\u015f \u0259m\u0259liyyat zaman\u0131 sa\u011f cinahdan Ulubaba y\u00fcks\u0259kliyin\u0259 h\u00fccum etm\u0259kl\u0259 biz\u0259 d\u0259st\u0259k verm\u0259li idi. Halbuki, h\u0259min istiqam\u0259td\u0259 bir g\u00fcll\u0259 d\u0259 at\u0131lmad\u0131&#8230; Eyni zamanda sol cinahdan \u018ff\u0259tli v\u0259 Qarak\u0259nd istiqam\u0259tind\u0259 h\u00fccum etm\u0259li olan\u00a0 A\u011fdam\u00a0 briqadas\u0131 t\u0259r\u0259find\u0259n d\u0259 he\u00e7 bir h\u0259r\u0259k\u0259t olmad\u0131. Ona g\u00f6r\u0259 d\u0259 b\u00fct\u00fcn c\u0259hdl\u0259rimiz\u0259 baxmayaraq F\u0259rrux\u00a0 y\u00fcks\u0259kliyini azad ed\u0259 bilm\u0259dik. \u00c7\u00fcnki erm\u0259nil\u0259r bizim briqadalar\u0131n h\u0259r\u0259k\u0259tsizliyind\u0259n istifad\u0259 edib \u0259sas g\u00fccl\u0259rini F\u0259rrux istiqam\u0259tin\u0259 toplad\u0131lar. Halbuku, art\u0131q da\u011f\u0131n bir hiss\u0259sind\u0259n erm\u0259ni q\u00fcvv\u0259l\u0259rini \u00e7\u0131xarm\u0131\u015fd\u0131q. Dig\u0259r briqadalar, dediyim kimi, biz\u0259 d\u0259st\u0259k vers\u0259 idi, y\u00fcks\u0259kliyi tamam azad ed\u0259c\u0259kdik. V\u0259 \u018fsg\u0259ran Xocal\u0131 istiqam\u0259tin\u0259 d\u0259 yolumuz a\u00e7\u0131lacaqd\u0131.\u00a0 Hesab edir\u0259m ki, h\u0259min \u0259m\u0259liyyat\u0131n da ba\u015f tutmamas\u0131nda Rusiya k\u0259\u015ffiyyat\u0131n\u0131n \u2013\u201cQRU\u201d-nun rolu olmu\u015fdu&#8230; \u00c7\u00fcnki h\u0259min \u0259razil\u0259ri azadl\u0131q etm\u0259yimiz Kremlin siyas\u0259tin\u0259 uy\u011fun deyildi&#8230; Maraql\u0131d\u0131r ki, haz\u0131rda da \u2013 44 g\u00fcnl\u00fck m\u00fcharib\u0259d\u0259ki q\u0259l\u0259b\u0259mizd\u0259n sonra da Rusiyan\u0131n s\u00fclhm\u0259raml\u0131 say\u0131lan h\u0259rbi kontingenti F\u0259rrux, Ulubaba y\u00fcks\u0259klikl\u0259ri d\u0259 daxil olmaql\u0131 Xocal\u0131 rayonunun o \u0259razil\u0259rini n\u0259zar\u0259td\u0259 saxlay\u0131r&#8230;\u00a0\u00a0Onu da\u00a0 deyim ki, F\u0259rrux \u0259m\u0259liyyat\u0131 zaman\u0131 m\u0259nim qrupla\u015fmamda f\u0259dakarl\u0131qla d\u00f6y\u00fc\u015fm\u00fc\u015f zabitl\u0259rin \u00e7oxu haz\u0131rda Az\u0259rbaycan ordusunun ba\u015f\u0131ndad\u0131r. Onlardan biri indi ba\u015f q\u0259rargah r\u0259isi olan K\u0259rim V\u0259liyev idi.\u00a0 H\u0259min vaxt o, polkovnik-leytenant r\u00fctb\u0259sind\u0259 qrupla\u015fma komandirinin m\u00fcavini idi. Haz\u0131rda M\u00fcdafi\u0259 nazirinin m\u00fcavinl\u0259ri olan kapitanlar Nizam Osmanov v\u0259 \u018fnv\u0259r \u018ff\u0259ndiyev tabor komandiri idil\u0259r&#8230; \u0130ndi x\u00fcsusi t\u0259yinatl\u0131lar\u0131n komandiri olan general Hikm\u0259t Mirz\u0259yev is\u0259 kapitan r\u00fctb\u0259sind\u0259 qrupla\u015fman\u0131n k\u0259\u015ffiyyat b\u00f6l\u00fcy\u00fcn\u00fcn komandiri idi&#8230;<\/p>\n\n\n\n<p>\u00a0\u00a0<strong>-F\u0259rrux \u0259m\u0259liiyyat\u0131ndan \u00f6nc\u0259 siz N\u0259cm\u0259ddin Sad\u0131kovla g\u00f6r\u00fc\u015f\u00fcb h\u00fccum \u0259m\u0259liyyyat\u0131n\u0131 raz\u0131la\u015fd\u0131rm\u0131\u015fd\u0131n\u0131zm\u0131?<\/strong><\/p>\n\n\n\n<p><strong>\u00a0<\/strong>\u00a0-B\u0259li, \u0259lb\u0259tt\u0259.\u00a0 N\u0259cm\u0259ddinl\u0259\u00a0 A\u011fd\u0259r\u0259d\u0259 g\u00f6r\u00fc\u015f\u00fcb raz\u0131la\u015fm\u0131\u015fd\u0131q. Yad\u0131mdad\u0131r ki, h\u0259min vaxt 703-c\u00fc briqadan\u0131n q\u0259rargah r\u0259isinin m\u00fcavini olan S\u0259f\u0259r \u018fbiyev d\u0259 orada idi&#8230;<\/p>\n\n\n\n<p>\u00a0<strong>-F\u0259rrux \u0259m\u0259liyyat\u0131n\u0131n u\u011fursuzlu\u011fundan\u00a0 sonra siz N\u0259cm\u0259ddin Sad\u0131kovdan niy\u0259 h\u00fccum etm\u0259m\u0259l\u0259rinin s\u0259b\u0259bini soru\u015fdunuzmu?\u00a0<\/strong><\/p>\n\n\n\n<p>\u00a0-B\u0259li. M\u0259n d\u0259rhal A\u011f\u0259d\u0259r\u0259y\u0259 yolland\u0131m. T\u0259s\u0259vv\u00fcr edirsiz, \u0259vv\u0259lc\u0259 m\u0259ni briqadan\u0131n q\u0259rargah\u0131na buraxmad\u0131lar&#8230; N\u0259 is\u0259 xeyli m\u00fcbahis\u0259d\u0259n sonra i\u00e7\u0259ri girdim ki, N\u0259cm\u0259ddin kabinetinin istirah\u0259t ota\u011f\u0131nda yat\u0131r. Guya gec\u0259 \u0259m\u0259liyyat ke\u00e7irib&#8230; M\u0259n ona s\u0259rt s\u00f6zl\u0259r s\u00f6yl\u0259y\u0259r\u0259k soru\u015fdum ki, n\u0259y\u0259 g\u00f6r\u0259 plan\u0131 pozdun. O da \u0259sn\u0259y\u0259-\u0259sn\u0259y\u0259 dedi ki, b\u0259s b\u00fct\u00fcn gec\u0259 \u0259m\u0259liyyatda olmu\u015fam, yorulmu\u015fam, sonra dan\u0131\u015far\u0131q&#8230;Cavab\u0131nda ona dedim ki, hans\u0131 d\u00f6y\u00fc\u015fd\u0259n dan\u0131\u015f\u0131rsan, bir g\u00fcll\u0259 d\u0259 atmam\u0131san. V\u0259 qap\u0131n\u0131 \u00e7\u0131rp\u0131b \u00e7\u0131xd\u0131m&#8230;<\/p>\n\n\n\n<p>\u00a0<strong>-B\u0259s nazir R\u0259him Qaz\u0131yev\u0259 \u00e7atd\u0131rmad\u0131n\u0131z ki, N\u0259cm\u0259ddin Sad\u0131kov \u0259m\u0259liyyatl pozub?\u00a0\u00a0<\/strong><\/p>\n\n\n\n<p>\u00a0&#8212; Xeyr. M\u0259n birba\u015fa\u00a0 G\u0259nc\u0259y\u0259 gedib korpus komandiri kimi Sur\u0259t H\u00fcseynovla g\u00f6r\u00fc\u015f\u00fcb ona h\u0259r \u015feyi m\u0259ruz\u0259 etdim.\u00a0 O da \u0259m\u0259liyyat\u0131 pozanlar\u0131n dal\u0131nca s\u00f6y\u00fc\u015f s\u00f6yd\u00fc&#8230;\u00a0<\/p>\n\n\n\n<p><strong>-\u00dcmumiyy\u0259tl\u0259, h\u0259min d\u00f6y\u00fc\u015fl\u0259r ged\u0259n vaxtlar M\u00fcdafi\u0259 naziri R\u0259him Qaz\u0131yevin briqada, sonra da korpus komandiir N\u0259cm\u0259ddin Sad\u0131kovla \u00a0 m\u00fcnasib\u0259ti nec\u0259 idi? N\u0259 vaxtsa nazirin onu danlamas\u0131n\u0131n \u015fahidi olmu\u015fdunuzmu?<\/strong><\/p>\n\n\n\n<p>\u00a0-Do\u011frusu, m\u0259n el\u0259\u00a0 bir situasiyaya rast g\u0259lm\u0259mi\u015f\u0259m,b\u0259lk\u0259 d\u0259 olub. Amma onu d\u0259qiq bilir\u0259m ki, \u0259vv\u0259l dediyim kimi, h\u0259m \u00f6z\u00fcn\u00fcn \u015f\u0259xsi t\u0259minat\u0131, h\u0259m d\u0259 yaratd\u0131\u011f\u0131 briqadan\u0131n,daha sonra korpusun t\u0259chizat\u0131, silahlanmas\u0131, maliyy\u0259l\u0259\u015fdirilm\u0259si il\u0259 ba\u011fl\u0131 R\u0259him Qaz\u0131yev v\u0259 dig\u0259r r\u0259hb\u0259r \u015f\u0259xsl\u0259rd\u0259n n\u0259 ist\u0259yirdis\u0259, N\u0259cm\u0259ddin Sad\u0131kova verilirdi. Y\u0259ni o, Az\u0259rbaycanda v\u0259zif\u0259 tutdu\u011fu b\u00fct\u00fcn ill\u0259r boyu daim hans\u0131sa v\u0259zif\u0259li \u015f\u0259xs t\u0259r\u0259find\u0259n himay\u0259 olunub&#8230; \u00d6z\u00fc d\u0259 o, komandir olanda da, yaln\u0131z rusca komanda verirdi. T\u0259s\u0259vv\u00fcr edin, art\u0131q SSR\u0130-d\u0259n ayr\u0131lm\u0131\u015f m\u00fcst\u0259qil Az\u0259rbaycan ordusunun briqada v\u0259 korpuslar\u0131nda komandalar rusca verilirdi&#8230;\u00a0\u00a0\u00a0<\/p>\n\n\n\n<p><strong>&#8212; M\u0259rhum El\u00e7ib\u0259y d\u0259, \u0130sg\u0259nd\u0259r H\u0259midov da, R\u0259him Qaz\u0131yev d\u0259 t\u00fcrk\u00e7\u00fc, mill\u0259t\u00e7i kimi tan\u0131n\u0131rd\u0131lar.\u00a0 B\u0259s onlar N\u0259cm\u0259ddin Sad\u0131kova irad tutmurdular ki, Az\u0259rbaycan dilind\u0259 \u00f6yr\u0259n&#8230; D\u00fczd\u00fc, o vaxt m\u00fcharib\u0259 gedirdi. Amma yen\u0259 d\u0259&#8230;<\/strong>\u00a0<\/p>\n\n\n\n<p>-Yox, m\u0259n g\u00f6rm\u0259mi\u015fdim bunu&#8230; Bilmir\u0259m, b\u0259lk\u0259 d\u0259 n\u0259 vaxtsa deyibl\u0259r ona bel\u0259 bir \u015fey&#8230;\u00a0 Amma t\u0259xmin\u0259n 1995-ci, yaxud 1996-c\u0131 ild\u0259\u00a0 m\u0259n M\u00fcdafi\u0259 nazirinin m\u00fcavini, o is\u0259\u00a0 Ba\u015f Q\u0259rargah r\u0259isi v\u0259 1-ci m\u00fcavin\u00a0 v\u0259zif\u0259sind\u0259 olark\u0259n bir d\u0259f\u0259 hans\u0131sa xidm\u0259ti m\u0259s\u0259l\u0259 il\u0259 ba\u011fl\u0131 m\u0259ni kabinetin\u0259 d\u0259v\u0259t etdi v\u0259 n\u0259s\u0259 soru\u015fanda m\u0259n ona Az\u0259rbaycan dilind\u0259 cavab verdim. Onda N\u0259cm\u0259ddin amiran\u0259 \u015f\u0259kild\u0259 dedi ki, rus dilind\u0259 dan\u0131\u015f. Cavab\u0131nda m\u0259n ona s\u00f6yl\u0259dim ki, z\u0259hm\u0259t \u00e7\u0259k, s\u0259n \u00f6z\u00fcn Az\u0259rbaycan\u0131n d\u00f6vl\u0259t dilini \u00f6yr\u0259n, niy\u0259 \u00f6yr\u0259nmirs\u0259n. O is\u0259 hidd\u0259tl\u0259 rus dilind\u0259 cavab verdi ki,\u00a0 \u201cya nenaviju vas\u201d, m\u0259n siz\u0259 nifr\u0259t edir\u0259m v\u0259 Az\u0259rbaycan dilind\u0259 d\u0259 dan\u0131\u015fmayaca\u011fam&#8230; Bir s\u00f6zl\u0259, o prinsipial olaraq dilimizi \u00f6yr\u0259nmirdi&#8230; Amma maraql\u0131d\u0131r ki, bizimkil\u0259r bunu bil\u0259-bil\u0259 onu Ba\u015f Q\u0259rargah r\u0259isi kimi strateji bir v\u0259zif\u0259d\u0259 saxlay\u0131rd\u0131 v\u0259 onun \u00fc\u00e7\u00fcn ayr\u0131ca t\u0259rc\u00fcm\u0259\u00e7il\u0259r \u015ftat\u0131 ayr\u0131lm\u0131\u015fd\u0131. G\u00f6r\u0259s\u0259n, Rusiyada, ya \u0130randa, yaxud AB\u015e-da h\u0259min \u00f6lk\u0259l\u0259rin d\u00f6vl\u0259t dilini bilm\u0259y\u0259ni bel\u0259 strateji v\u0259zif\u0259y\u0259 qoyarlar?.. Bu adam d\u0259f\u0259l\u0259rl\u0259 olub ki, rus dilini bilm\u0259y\u0259n zabitimizi h\u0259r hans\u0131 bir m\u0259s\u0259l\u0259 il\u0259 ba\u011fl\u0131 haql\u0131-haqs\u0131z danlay\u0131rd\u0131, s\u00f6y\u00fcrd\u00fc. O dan\u0131\u015f\u0131b qurtarandan sonra h\u0259min zabit h\u0259mkarlar\u0131ndan soru\u015furdu ki, bu, n\u0259 dedi&#8230;<\/p>\n\n\n\n<p>\u00a0<strong>-Mehman m\u00fc\u0259llim, bundan sonra\u00a0 N\u0259cm\u0259ddin Sad\u0131kovla m\u00fcnasib\u0259tl\u0259riniz nec\u0259 davam etdi?<\/strong><\/p>\n\n\n\n<p><strong>\u00a0<\/strong>\u00a0-Bundan sonra N\u0259cm\u0259ddin Sad\u0131kovla bir-birimizl\u0259 qar\u015f\u0131la\u015fmama\u011fa \u00e7al\u0131\u015f\u0131rd\u0131q. O da ba\u015fa d\u00fc\u015f\u00fcrd\u00fc ki, o d\u00f6vrd\u0259 m\u0259niml\u0259 ba\u015f-ba\u015fa g\u0259lm\u0259y\u0259 g\u00fcc\u00fc \u00e7atmayacaq.\u00a0 Ancaq onu deyim ki, bizim N\u0259cm\u0259ddinl\u0259 bel\u0259 qar\u015f\u0131durma v\u0259ziyy\u0259tind\u0259 olma\u011f\u0131m\u0131z b\u0259zil\u0259ri \u00fc\u00e7\u00fcn s\u0259rf\u0259li idi&#8230; M\u00fc\u0259yy\u0259n adamlar onunla m\u0259nim aramda daim\u00a0 m\u00fcnaqi\u015f\u0259 v\u0259ziyy\u0259tinin olmas\u0131nda maraql\u0131 idi v\u0259 ondan istifad\u0259 edirdil\u0259r&#8230;<\/p>\n\n\n\n<p>\u00a0(Davam\u0131 var)<strong>\u00a0<\/strong><\/p>\n\n\n\n<p><strong>Sultan La\u00e7\u0131n\u00a0<\/strong><\/p>\n\n\n\n<p><strong>M\u0259nb\u0259:\u00a0moderator.az<\/strong><\/p>\n","protected":false},"excerpt":{"rendered":"<p>\u201c1992-ci ild\u0259 ke\u00e7irdiyimiz F\u0259rrux \u0259m\u0259liyyat\u0131nda haz\u0131rda ordumuzun ba\u015f\u0131nda olan K\u0259rim V\u0259liyevin, Hikm\u0259t Mirz\u0259yevin, Nizam Osmanovun,&#8230;<\/p>\n","protected":false},"author":3,"featured_media":0,"comment_status":"closed","ping_status":"closed","sticky":false,"template":"","format":"standard","meta":{"footnotes":""},"categories":[10],"tags":[],"class_list":["post-13586","post","type-post","status-publish","format-standard","hentry","category-avmvib"],"featured_image_urls":{"full":"","thumbnail":"","medium":"","medium_large":"","large":"","1536x1536":"","2048x2048":"","covernews-slider-full":"","covernews-slider-center":"","covernews-featured":"","covernews-medium":"","covernews-medium-square":""},"author_info":{"display_name":"Veteran.az","author_link":"https:\/\/veteran.az\/?author=3"},"category_info":"<a href=\"https:\/\/veteran.az\/?cat=10\" rel=\"category\">AVMV\u0130B<\/a>","tag_info":"AVMV\u0130B","comment_count":"0","_links":{"self":[{"href":"https:\/\/veteran.az\/index.php?rest_route=\/wp\/v2\/posts\/13586","targetHints":{"allow":["GET"]}}],"collection":[{"href":"https:\/\/veteran.az\/index.php?rest_route=\/wp\/v2\/posts"}],"about":[{"href":"https:\/\/veteran.az\/index.php?rest_route=\/wp\/v2\/types\/post"}],"author":[{"embeddable":true,"href":"https:\/\/veteran.az\/index.php?rest_route=\/wp\/v2\/users\/3"}],"replies":[{"embeddable":true,"href":"https:\/\/veteran.az\/index.php?rest_route=%2Fwp%2Fv2%2Fcomments&post=13586"}],"version-history":[{"count":1,"href":"https:\/\/veteran.az\/index.php?rest_route=\/wp\/v2\/posts\/13586\/revisions"}],"predecessor-version":[{"id":13589,"href":"https:\/\/veteran.az\/index.php?rest_route=\/wp\/v2\/posts\/13586\/revisions\/13589"}],"wp:attachment":[{"href":"https:\/\/veteran.az\/index.php?rest_route=%2Fwp%2Fv2%2Fmedia&parent=13586"}],"wp:term":[{"taxonomy":"category","embeddable":true,"href":"https:\/\/veteran.az\/index.php?rest_route=%2Fwp%2Fv2%2Fcategories&post=13586"},{"taxonomy":"post_tag","embeddable":true,"href":"https:\/\/veteran.az\/index.php?rest_route=%2Fwp%2Fv2%2Ftags&post=13586"}],"curies":[{"name":"wp","href":"https:\/\/api.w.org\/{rel}","templated":true}]}}