{"id":13580,"date":"2021-12-02T01:03:47","date_gmt":"2021-12-01T21:03:47","guid":{"rendered":"http:\/\/veteran.az\/?p=13580"},"modified":"2021-12-02T01:03:49","modified_gmt":"2021-12-01T21:03:49","slug":"andrey-aresev-%c9%99g%c9%99r-rusiya-olmasaydi-bu-gun-n%c9%99inki-qarabag-erm%c9%99nistan-da-yox-idi","status":"publish","type":"post","link":"https:\/\/veteran.az\/?p=13580","title":{"rendered":"Andrey Are\u015fev: \u201c\u018fg\u0259r Rusiya olmasayd\u0131, bu g\u00fcn n\u0259inki Qaraba\u011f, Erm\u0259nistan da yox idi\u201d"},"content":{"rendered":"\n<p><strong>T\u00fcrkiy\u0259 v\u0259 Rusiyan\u0131n C\u0259nubi Qafqazda t\u0259bii r\u0259qib olmas\u0131 \u015f\u00fcbh\u0259sizdir. Ancaq Rusiyan\u0131n T\u00fcrkiy\u0259 il\u0259 m\u00fcharib\u0259 etm\u0259k arzusu il\u0259 al\u0131\u015fd\u0131\u011f\u0131n\u0131 d\u00fc\u015f\u00fcn\u00fcrs\u00fcn\u00fczs\u0259, \u00e7ox yan\u0131l\u0131rs\u0131n\u0131z. X\u00fcsusil\u0259 indiki v\u0259ziyy\u0259td\u0259\u201d.<\/strong><\/p>\n\n\n\n<p>Bu s\u00f6zl\u0259rin m\u00fc\u0259llifi rus politoloq Andrey Are\u015fevdir.<\/p>\n\n\n\n<p>O deyib ki, b\u0259\u0131zi m\u0259lumatlaara g\u00f6r\u0259, \u015e\u0259rqi Avropada amerikal\u0131lar taktiki n\u00fcv\u0259 silahlar\u0131na s\u0259rmay\u0259 qoyurlar. \u201cD\u00fc\u015f\u00fcn\u00fcr\u0259m ki, m\u00fcr\u0259kk\u0259b olan Rusiya-T\u00fcrkiy\u0259 m\u00fcnasib\u0259tl\u0259ri buna baxmayaraq, d\u00fcnyan\u0131n ist\u0259nil\u0259n n\u00f6qt\u0259sind\u0259 birba\u015fa h\u0259rbi m\u00fcnaqi\u015f\u0259d\u0259n qa\u00e7ma\u011fa y\u00f6n\u0259lib\u201d.<\/p>\n\n\n\n<p>O qeyd edib ki, Rusiya 44 g\u00fcnl\u00fck m\u00fcharib\u0259d\u0259 Az\u0259rbaycan v\u0259 T\u00fcrkiy\u0259ni hans\u0131sa yolla dayand\u0131rmaq \u00fc\u00e7\u00fcn kifay\u0259t q\u0259d\u0259r s\u0259y g\u00f6st\u0259rib. \u201cM\u0259nd\u0259 olan m\u0259lumata g\u00f6r\u0259, bel\u0259 c\u0259hdl\u0259r olub. Onlar\u0131n kifay\u0259t q\u0259d\u0259r t\u0259sirli olmamas\u0131 is\u0259 t\u0259kc\u0259 Rusiyan\u0131n hakim g\u00fcc\u00fcn\u00fcn deyil, h\u0259m d\u0259 Erm\u0259nistan\u0131n g\u00fcnah\u0131 v\u0259 m\u0259suliyy\u0259tidir ki, bu bar\u0259d\u0259 erm\u0259ni ekspertl\u0259r d\u0259 kifay\u0259t q\u0259d\u0259r s\u0259mimi deyirl\u0259r. Dem\u0259li, v\u0259ziyy\u0259t onlar\u0131n t\u0259qdim etm\u0259y\u0259 \u00e7al\u0131\u015fd\u0131qlar\u0131ndan qat-qat m\u00fcr\u0259kk\u0259bdir. O c\u00fcml\u0259d\u0259n Erm\u0259nistanda. Erm\u0259nistan v\u0259 erm\u0259nil\u0259rin torpaqlar\u0131 hesab\u0131na b\u00f6y\u00fcm\u0259y\u0259 dair Rusiya-T\u00fcrkiy\u0259 m\u00fcqavil\u0259sini g\u00f6st\u0259r\u0259 bil\u0259rsinizmi? M\u0259n bel\u0259 bir \u015feyl\u0259 rastla\u015fmam\u0131\u015fam\u201d.<\/p>\n\n\n\n<p>Are\u015fev SSR\u0130-nin x\u0259rit\u0259l\u0259ri \u0259sas\u0131nda demarkasiya prosesin\u0259 d\u0259 toxunub. O deyib ki, Rusiya n\u0259 Erm\u0259nistan, n\u0259 d\u0259 Az\u0259rbaycan t\u0259r\u0259finin maraqlar\u0131n\u0131 \u00f6n\u0259 \u00e7\u0259k\u0259r\u0259k, h\u0259r\u0259k\u0259t etm\u0259y\u0259c\u0259k. \u201c\u018fg\u0259r Rusiya Erm\u0259nistandak\u0131 b\u0259zi t\u0259bli\u011fat\u00e7\u0131lar\u0131n iddia etdiyi kimi, Az\u0259rbaycan\u0131n maraqlar\u0131n\u0131 m\u00fcdafi\u0259 ets\u0259ydi, o zaman sizi inand\u0131r\u0131ram, Qaraba\u011f art\u0131q olmazd\u0131. Rusiya s\u00fclhm\u0259raml\u0131lar\u0131n\u0131n oldu\u011fu hiss\u0259 d\u0259 olmazd\u0131. Ba\u015fqa misal g\u0259tirim. Noyabr\u0131n 16-da ba\u015f ver\u0259n hadis\u0259l\u0259r zaman\u0131 m\u0259hz rus h\u0259rb\u00e7il\u0259rinin m\u00fcdaxil\u0259si il\u0259 az\u0259rbaycanl\u0131lar\u0131n ir\u0259lil\u0259m\u0259si dayand\u0131r\u0131ld\u0131. V\u0259 son \u00fc\u00e7t\u0259r\u0259fli b\u0259yanata baxsan\u0131z, orada yaz\u0131l\u0131b ki, t\u0259r\u0259fl\u0259r ikit\u0259r\u0259fli komissiya yarats\u0131n, t\u0259r\u0259fl\u0259r ist\u0259s\u0259, \u00fc\u00e7\u00fcnc\u00fc t\u0259r\u0259fin m\u0259sl\u0259h\u0259tin\u0259 m\u00fcraci\u0259t ed\u0259 bil\u0259rl\u0259r. M\u0259n\u0259 el\u0259 g\u0259lir ki, bu, kifay\u0259t q\u0259d\u0259r m\u00fcr\u0259kk\u0259b proses olacaq. Amma Erm\u0259nistanda he\u00e7 kim, o c\u00fcml\u0259d\u0259n haz\u0131rk\u0131 ba\u015f nazir demarkasiya v\u0259 demarkasiya prosesin\u0259 etiraz etm\u0259yib. V\u0259ziyy\u0259t m\u0259s\u0259l\u0259nin dig\u0259r t\u0259r\u0259fidir ki, m\u0259nc\u0259, bu, daha \u00e7ox Erm\u0259nistan\u0131n, x\u00fcsus\u0259n d\u0259 son 3 ild\u0259ki siyas\u0259ti il\u0259 ba\u011fl\u0131d\u0131r, n\u0259inki Rusiyan\u0131n Qafqazdak\u0131 xarici siyas\u0259ti\u201d.<\/p>\n\n\n\n<p>Rus politoloq vur\u011fulay\u0131bki, s\u00fclhm\u0259raml\u0131lar\u0131n g\u00f6nd\u0259rilm\u0259si q\u0259rar\u0131 m\u0259cburi idi v\u0259 erm\u0259ni t\u0259r\u0259finin yekun m\u0259\u011flubiyy\u0259tinin qar\u015f\u0131s\u0131n\u0131 almaq m\u0259qs\u0259di da\u015f\u0131y\u0131rd\u0131. \u201c\u018fg\u0259r hesab edirsinizs\u0259 ki, bunlar imperiya ist\u0259kl\u0259ridir, z\u0259hm\u0259t olmasa, fakt g\u00f6st\u0259rin. Erm\u0259nistan buradak\u0131 rus varl\u0131\u011f\u0131ndan xilas olmaq ist\u0259yirs\u0259, h\u0259r an ed\u0259 bil\u0259r\u201d.<\/p>\n\n\n\n<p>M\u0259nb\u0259: Jamaz<\/p>\n","protected":false},"excerpt":{"rendered":"<p>T\u00fcrkiy\u0259 v\u0259 Rusiyan\u0131n C\u0259nubi Qafqazda t\u0259bii r\u0259qib olmas\u0131 \u015f\u00fcbh\u0259sizdir. Ancaq Rusiyan\u0131n T\u00fcrkiy\u0259 il\u0259 m\u00fcharib\u0259 etm\u0259k&#8230;<\/p>\n","protected":false},"author":3,"featured_media":0,"comment_status":"closed","ping_status":"closed","sticky":false,"template":"","format":"standard","meta":{"footnotes":""},"categories":[9],"tags":[],"class_list":["post-13580","post","type-post","status-publish","format-standard","hentry","category-sq"],"featured_image_urls":{"full":"","thumbnail":"","medium":"","medium_large":"","large":"","1536x1536":"","2048x2048":"","covernews-slider-full":"","covernews-slider-center":"","covernews-featured":"","covernews-medium":"","covernews-medium-square":""},"author_info":{"display_name":"Veteran.az","author_link":"https:\/\/veteran.az\/?author=3"},"category_info":"<a href=\"https:\/\/veteran.az\/?cat=9\" rel=\"category\">Silahl\u0131 Q\u00fcvv\u0259l\u0259r<\/a>","tag_info":"Silahl\u0131 Q\u00fcvv\u0259l\u0259r","comment_count":"0","_links":{"self":[{"href":"https:\/\/veteran.az\/index.php?rest_route=\/wp\/v2\/posts\/13580","targetHints":{"allow":["GET"]}}],"collection":[{"href":"https:\/\/veteran.az\/index.php?rest_route=\/wp\/v2\/posts"}],"about":[{"href":"https:\/\/veteran.az\/index.php?rest_route=\/wp\/v2\/types\/post"}],"author":[{"embeddable":true,"href":"https:\/\/veteran.az\/index.php?rest_route=\/wp\/v2\/users\/3"}],"replies":[{"embeddable":true,"href":"https:\/\/veteran.az\/index.php?rest_route=%2Fwp%2Fv2%2Fcomments&post=13580"}],"version-history":[{"count":1,"href":"https:\/\/veteran.az\/index.php?rest_route=\/wp\/v2\/posts\/13580\/revisions"}],"predecessor-version":[{"id":13582,"href":"https:\/\/veteran.az\/index.php?rest_route=\/wp\/v2\/posts\/13580\/revisions\/13582"}],"wp:attachment":[{"href":"https:\/\/veteran.az\/index.php?rest_route=%2Fwp%2Fv2%2Fmedia&parent=13580"}],"wp:term":[{"taxonomy":"category","embeddable":true,"href":"https:\/\/veteran.az\/index.php?rest_route=%2Fwp%2Fv2%2Fcategories&post=13580"},{"taxonomy":"post_tag","embeddable":true,"href":"https:\/\/veteran.az\/index.php?rest_route=%2Fwp%2Fv2%2Ftags&post=13580"}],"curies":[{"name":"wp","href":"https:\/\/api.w.org\/{rel}","templated":true}]}}