{"id":13530,"date":"2021-11-30T10:05:37","date_gmt":"2021-11-30T06:05:37","guid":{"rendered":"http:\/\/veteran.az\/?p=13530"},"modified":"2021-11-30T10:07:05","modified_gmt":"2021-11-30T06:07:05","slug":"13530","status":"publish","type":"post","link":"https:\/\/veteran.az\/?p=13530","title":{"rendered":"Qazinin yard\u0131m\u0131n\u0131za ehtiyac\u0131 var"},"content":{"rendered":"\n<p><strong>Qazimiz Dada\u015fov Mehman Mira\u011fa o\u011flu 2012-ci ild\u0259 Sumqay\u0131t \u015f\u0259h\u0259rind\u0259 ipoteka yolu il\u0259 m\u0259nzil g\u00f6t\u00fcr\u00fcb.<\/strong> <\/p>\n\n\n\n<p>Haz\u0131rda Mehman\u0131n banka 28700 azn borcu var.<\/p>\n\n\n\n<p>Mehman s\u0259hh\u0259tin\u0259 g\u00f6r\u0259 banka olan borcunu \u00f6d\u0259y\u0259 bilmir. \u018flil oldu\u011fu \u00fc\u00e7\u00fcn i\u015fl\u0259y\u0259 bilmir. Ail\u0259lidir. Ail\u0259si il\u0259 birg\u0259 ya\u015fad\u0131\u011f\u0131 evd\u0259 9 n\u0259f\u0259r ya\u015fay\u0131r. Ata (x\u0259st\u0259), ana, Mehman, h\u0259yat yolda\u015f\u0131 v\u0259 2 u\u015faq, bac\u0131 (bo\u015fanm\u0131\u015f) v\u0259 2 u\u015faq. Mehman \u0259m\u0259k f\u0259aliyy\u0259tini itirdiyi \u00fc\u00e7\u00fcn t\u0259qa\u00fcdd\u0259dir. Buna baxmayaraq ail\u0259y\u0259 \u00f6z\u00fc bax\u0131r. Mehman\u0131n ki\u00e7ik q\u0131z\u0131 epilepsiya x\u0259st\u0259liyind\u0259n \u0259ziyy\u0259t \u00e7\u0259kir v\u0259 daimi m\u00fcalic\u0259 al\u0131r. Mehman\u0131n maddi imkan\u0131 yol verm\u0259diyi \u00fc\u00e7\u00fcn banka olan borcunu \u00f6d\u0259y\u0259 bilmir.<\/p>\n\n\n\n<p>\u0130poteka \u00f6d\u0259nilm\u0259zs\u0259, m\u0259nzil sat\u0131\u015fa \u00e7\u0131xar\u0131lacaq.<\/p>\n\n\n\n<p>Mehman, bir \u00e7ox D\u00f6vl\u0259t Qrumlar\u0131na m\u00fcraci\u0259t etdi. O, da veteran (Qazi) kimi m\u0259nzil n\u00f6vb\u0259sin\u0259 d\u00fc\u015f\u0259 bilmir. Ona deyirl\u0259r ki, art\u0131q s\u0259nin ad\u0131na m\u0259nzil var.<\/p>\n\n\n\n<p>Mehman Dada\u015fovun art\u0131q se\u00e7im imkan\u0131 olmad\u0131\u011f\u0131ndan xalq\u0131n\u0131n b\u00fct\u00fcn xeyirxah insanlar\u0131ndan k\u00f6m\u0259k ist\u0259yir. Ver\u0259nin \u0259li t\u00fck\u0259nm\u0259sin.<\/p>\n\n\n\n<p><strong>KAPITAL BANK hesab n\u00f6mr\u0259si4169738535080356 MEHMAN DADASHOV <img loading=\"lazy\" decoding=\"async\" height=\"16\" width=\"16\" alt=\"\ud83d\udcde\" src=\"https:\/\/www.facebook.com\/images\/emoji.php\/v9\/t4d\/1\/16\/1f4de.png\">+994504294659 \u041c\u0435h\u043c\u0430\u043d <\/strong><\/p>\n\n\n\n<p>Qeyd edim ki, Qazimiz Mehman 27 iyun 1991-ci ild\u0259 A\u011fsu \u015f\u0259h\u0259rinin Bi\u00e7o k\u0259ndind\u0259 anadan olub. 2009-cu ild\u0259n XTQ (X\u00fcsusi T\u0259yinatl\u0131 Q\u00fcvv\u0259l\u0259r) kurslar\u0131na ba\u015flam\u0131\u015f, kurslar\u0131 bitirdikd\u0259n sonra h\u0259min il orada xidm\u0259t\u0259 ba\u015flam\u0131\u015fd\u0131r. Mehman r\u00fctb\u0259si \u00fczr\u0259 gizirdir (k\u0259\u015ffiyyat\u00e7\u0131). Xidm\u0259t etdiyi m\u00fcdd\u0259td\u0259 bir \u00e7ox d\u00f6y\u00fc\u015f tap\u015f\u0131r\u0131qlar\u0131nda i\u015ftirak etmi\u015fdir. 2012-ci ild\u0259n 2016-c\u0131 ilin aprel d\u00f6y\u00fc\u015fl\u0259rin\u0259 q\u0259d\u0259r d\u00f6y\u00fc\u015f \u0259m\u0259liyyatlar\u0131nda i\u015ftirak edib. O, h\u0259m\u00e7inin 2017-2018-ci ill\u0259rd\u0259 h\u0259rbi \u0259m\u0259liyyatlarda i\u015ftirak edib. \u0130kinci Qaraba\u011f m\u00fcharib\u0259si zaman\u0131 2 d\u0259f\u0259 yaralan\u0131b.<\/p>\n\n\n\n<p>\u0130lk yaralanma: 1 oktyabr 2020-ci ild\u0259 mina atan silahdan at\u0131lan m\u0259rminin partlamas\u0131 n\u0259tic\u0259sind\u0259 yaralanm\u0131\u015f, k\u0259ll\u0259-beyin travmas\u0131 alm\u0131\u015fd\u0131r. Q\u0259lp\u0259l\u0259rd\u0259n ba\u015f v\u0259 k\u00fcr\u0259k nahiy\u0259sind\u0259n x\u0259sar\u0259tl\u0259r alm\u0131\u015fd\u0131r. Haz\u0131rda onun b\u0259d\u0259nind\u0259 150-y\u0259 yax\u0131n ki\u00e7ik q\u0259lp\u0259l\u0259r var. Onlar\u0131 \u00e7\u0131xartmaq m\u00fcmk\u00fcn deyil. Ald\u0131\u011f\u0131 yaralara baxmayaraq, d\u00f6y\u00fc\u015f\u0259 davam etdi.<\/p>\n\n\n\n<p>\u0130kinci z\u0259d\u0259: 2 oktyabr 2020-ci ild\u0259 aya\u011f\u0131ndan snayper g\u00fcll\u0259si il\u0259 yaralan\u0131b. Aya\u011f\u0131ndan yaraland\u0131qdan sonra art\u0131q F\u00fczuli \u015f\u0259h\u0259r x\u0259st\u0259xanas\u0131na apar\u0131l\u0131b. \u018fm\u0259liyyat olunub, g\u00fcll\u0259sini \u00e7\u0131xar\u0131blar. \u018fm\u0259liyyatdan sonra m\u00fcalic\u0259 \u00fc\u00e7\u00fcn Beyl\u0259qan \u015f\u0259h\u0259rin\u0259 g\u00f6nd\u0259rilib. Sonda v\u0259ziyy\u0259ti a\u011f\u0131r oldu\u011fundan Bak\u0131 \u015f\u0259h\u0259r x\u0259st\u0259xanas\u0131na yerl\u0259\u015fdirilib. Tam m\u00fcalic\u0259 olunmas\u0131na baxmayaraq h\u0259l\u0259 d\u0259 a\u011fr\u0131lar\u0131 var. B\u0259d\u0259nind\u0259 : \u00e7anaq v\u0259 ba\u015f nahiy\u0259sind\u0259 h\u0259l\u0259 d\u0259 x\u0131rda q\u0131r\u0131qlar var. Aya\u011f\u0131nda h\u0259l\u0259 d\u0259 q\u0259lp\u0259 qal\u0131b. <\/p>\n\n\n\n<figure class=\"wp-block-gallery columns-3 is-cropped wp-block-gallery-1 is-layout-flex wp-block-gallery-is-layout-flex\"><ul class=\"blocks-gallery-grid\"><li class=\"blocks-gallery-item\"><figure><img decoding=\"async\" src=\"http:\/\/veteran.az\/wp-content\/uploads\/2021\/11\/262265678_6564565310281572_6842555420074066209_n.jpg\" alt=\"\" data-id=\"13531\" data-link=\"http:\/\/veteran.az\/?attachment_id=13531\" class=\"wp-image-13531\"\/><\/figure><\/li><li class=\"blocks-gallery-item\"><figure><img decoding=\"async\" src=\"http:\/\/veteran.az\/wp-content\/uploads\/2021\/11\/262099910_6564564190281684_335285112630530222_n.jpg\" alt=\"\" data-id=\"13532\" data-link=\"http:\/\/veteran.az\/?attachment_id=13532\" class=\"wp-image-13532\"\/><\/figure><\/li><li class=\"blocks-gallery-item\"><figure><img decoding=\"async\" src=\"http:\/\/veteran.az\/wp-content\/uploads\/2021\/11\/261984160_6564565043614932_3769996691150114533_n.jpg\" alt=\"\" data-id=\"13533\" data-full-url=\"http:\/\/veteran.az\/wp-content\/uploads\/2021\/11\/261984160_6564565043614932_3769996691150114533_n.jpg\" data-link=\"http:\/\/veteran.az\/?attachment_id=13533\" class=\"wp-image-13533\"\/><\/figure><\/li><\/ul><\/figure>\n\n\n\n<p>Mehman xidm\u0259t etdiyi m\u00fcdd\u0259td\u0259 v\u0259t\u0259n\u0259 yax\u015f\u0131 xidm\u0259tin\u0259 g\u00f6r\u0259 Az\u0259rbaycan Respublikas\u0131 M\u00fcdafi\u0259 Nazirliyi t\u0259r\u0259find\u0259n bir ne\u00e7\u0259 medal v\u0259 diplomlarla t\u0259ltif edilib.<\/p>\n\n\n\n<p>04.06.2021-ci ild\u0259n Mehman ehtiyatdad\u0131r (t\u0259qa\u00fcdd\u0259dir).<\/p>\n\n\n\n<p>Mehman 2-ci qrup \u0259lildir (Qazi).<\/p>\n\n\n\n<p><strong>Leyla H\u0259s\u0259nova<\/strong><\/p>\n\n\n\n<p><a href=\"https:\/\/www.facebook.com\/photo\/?fbid=6564564020281701&amp;set=pcb.6564564956948274&amp;__cft__[0]=AZXy1l_iJo8f7u0ZA7WGsatRVi_rDdoMZIRWsN9Yo5_Kw6yrFxE5TKS9HP6mQDNJ9jc_R0q00BZrAUpXHEQuqkpjDS3gZIjMdZZPaL_RtGuJ5z4PH2ryZmZMgYsdP4KueBY&amp;__tn__=H-R\"><\/a><\/p>\n","protected":false},"excerpt":{"rendered":"<p>Qazimiz Dada\u015fov Mehman Mira\u011fa o\u011flu 2012-ci ild\u0259 Sumqay\u0131t \u015f\u0259h\u0259rind\u0259 ipoteka yolu il\u0259 m\u0259nzil g\u00f6t\u00fcr\u00fcb. Haz\u0131rda&#8230;<\/p>\n","protected":false},"author":3,"featured_media":0,"comment_status":"closed","ping_status":"closed","sticky":false,"template":"","format":"standard","meta":{"footnotes":""},"categories":[10],"tags":[],"class_list":["post-13530","post","type-post","status-publish","format-standard","hentry","category-avmvib"],"featured_image_urls":{"full":"","thumbnail":"","medium":"","medium_large":"","large":"","1536x1536":"","2048x2048":"","covernews-slider-full":"","covernews-slider-center":"","covernews-featured":"","covernews-medium":"","covernews-medium-square":""},"author_info":{"display_name":"Veteran.az","author_link":"https:\/\/veteran.az\/?author=3"},"category_info":"<a href=\"https:\/\/veteran.az\/?cat=10\" rel=\"category\">AVMV\u0130B<\/a>","tag_info":"AVMV\u0130B","comment_count":"0","_links":{"self":[{"href":"https:\/\/veteran.az\/index.php?rest_route=\/wp\/v2\/posts\/13530","targetHints":{"allow":["GET"]}}],"collection":[{"href":"https:\/\/veteran.az\/index.php?rest_route=\/wp\/v2\/posts"}],"about":[{"href":"https:\/\/veteran.az\/index.php?rest_route=\/wp\/v2\/types\/post"}],"author":[{"embeddable":true,"href":"https:\/\/veteran.az\/index.php?rest_route=\/wp\/v2\/users\/3"}],"replies":[{"embeddable":true,"href":"https:\/\/veteran.az\/index.php?rest_route=%2Fwp%2Fv2%2Fcomments&post=13530"}],"version-history":[{"count":2,"href":"https:\/\/veteran.az\/index.php?rest_route=\/wp\/v2\/posts\/13530\/revisions"}],"predecessor-version":[{"id":13536,"href":"https:\/\/veteran.az\/index.php?rest_route=\/wp\/v2\/posts\/13530\/revisions\/13536"}],"wp:attachment":[{"href":"https:\/\/veteran.az\/index.php?rest_route=%2Fwp%2Fv2%2Fmedia&parent=13530"}],"wp:term":[{"taxonomy":"category","embeddable":true,"href":"https:\/\/veteran.az\/index.php?rest_route=%2Fwp%2Fv2%2Fcategories&post=13530"},{"taxonomy":"post_tag","embeddable":true,"href":"https:\/\/veteran.az\/index.php?rest_route=%2Fwp%2Fv2%2Ftags&post=13530"}],"curies":[{"name":"wp","href":"https:\/\/api.w.org\/{rel}","templated":true}]}}