{"id":13527,"date":"2021-11-30T09:53:20","date_gmt":"2021-11-30T05:53:20","guid":{"rendered":"http:\/\/veteran.az\/?p=13527"},"modified":"2021-11-30T09:53:20","modified_gmt":"2021-11-30T05:53:20","slug":"gurcustan-ukrayna-v%c9%99-moldovanin-bas-nazirl%c9%99ri-brusseld%c9%99-gorus%c9%99c%c9%99kl%c9%99r","status":"publish","type":"post","link":"https:\/\/veteran.az\/?p=13527","title":{"rendered":"G\u00fcrc\u00fcstan, Ukrayna v\u0259 Moldovan\u0131n Ba\u015f nazirl\u0259ri Br\u00fcsseld\u0259 g\u00f6r\u00fc\u015f\u0259c\u0259kl\u0259r"},"content":{"rendered":"\n<p><strong>G\u00fcrc\u00fcstan\u0131n Ba\u015f naziri \u0130rakli Qariba\u015fvilinin ba\u015f\u00e7\u0131l\u0131q etdiyi n\u00fcmay\u0259nd\u0259 hey\u0259ti bu g\u00fcn Br\u00fcssel\u0259 yola d\u00fc\u015f\u0259c\u0259k. \u00a0 Bu bar\u0259d\u0259 \u00f6lk\u0259nin xarici i\u015fl\u0131r naziri David Zalkaliani bildirib. \u00a0<\/strong><\/p>\n\n\n\n<p> Onun s\u00f6zl\u0259rin\u0259 g\u00f6r\u0259, \u0130.Qariba\u015fvili G\u00fcrc\u00fcstan, Ukrayna v\u0259 Moldova Ba\u015f nazirl\u0259rinin noyabr\u0131n 30-da ke\u00e7iril\u0259c\u0259k \u00fc\u00e7t\u0259r\u0259fli g\u00f6r\u00fc\u015f\u00fcnd\u0259 i\u015ftirak ed\u0259c\u0259k. \u00a0<\/p>\n\n\n\n<p> X\u0130N ba\u015f\u00e7\u0131s\u0131 qeyd edib ki, toplant\u0131da \u201cAssosiasiyal\u0131 trio\u201d v\u0259 Avropa \u0130ttifaq\u0131 aras\u0131nda \u0259m\u0259kda\u015fl\u0131\u011f\u0131n aktivl\u0259\u015fdirilm\u0259si m\u0259s\u0259l\u0259l\u0259ri m\u00fczakir\u0259 olunacaq. \u00a0 <\/p>\n\n\n\n<p>Qeyd ed\u0259k ki, G\u00fcrc\u00fcstan, Ukrayna v\u0259 Moldovan\u0131n t\u0259msil olundu\u011fu \u201cAssosiasiyal\u0131 trio\u201d bu ilin yay\u0131nda t\u0259sis edilib. <\/p>\n\n\n\n<p>M\u0259nb\u0259: Report <\/p>\n","protected":false},"excerpt":{"rendered":"<p>G\u00fcrc\u00fcstan\u0131n Ba\u015f naziri \u0130rakli Qariba\u015fvilinin ba\u015f\u00e7\u0131l\u0131q etdiyi n\u00fcmay\u0259nd\u0259 hey\u0259ti bu g\u00fcn Br\u00fcssel\u0259 yola d\u00fc\u015f\u0259c\u0259k. \u00a0&#8230;<\/p>\n","protected":false},"author":3,"featured_media":0,"comment_status":"closed","ping_status":"closed","sticky":false,"template":"","format":"standard","meta":{"footnotes":""},"categories":[7],"tags":[],"class_list":["post-13527","post","type-post","status-publish","format-standard","hentry","category-dunya"],"featured_image_urls":{"full":"","thumbnail":"","medium":"","medium_large":"","large":"","1536x1536":"","2048x2048":"","covernews-slider-full":"","covernews-slider-center":"","covernews-featured":"","covernews-medium":"","covernews-medium-square":""},"author_info":{"display_name":"Veteran.az","author_link":"https:\/\/veteran.az\/?author=3"},"category_info":"<a href=\"https:\/\/veteran.az\/?cat=7\" rel=\"category\">D\u00fcnya<\/a>","tag_info":"D\u00fcnya","comment_count":"0","_links":{"self":[{"href":"https:\/\/veteran.az\/index.php?rest_route=\/wp\/v2\/posts\/13527","targetHints":{"allow":["GET"]}}],"collection":[{"href":"https:\/\/veteran.az\/index.php?rest_route=\/wp\/v2\/posts"}],"about":[{"href":"https:\/\/veteran.az\/index.php?rest_route=\/wp\/v2\/types\/post"}],"author":[{"embeddable":true,"href":"https:\/\/veteran.az\/index.php?rest_route=\/wp\/v2\/users\/3"}],"replies":[{"embeddable":true,"href":"https:\/\/veteran.az\/index.php?rest_route=%2Fwp%2Fv2%2Fcomments&post=13527"}],"version-history":[{"count":1,"href":"https:\/\/veteran.az\/index.php?rest_route=\/wp\/v2\/posts\/13527\/revisions"}],"predecessor-version":[{"id":13529,"href":"https:\/\/veteran.az\/index.php?rest_route=\/wp\/v2\/posts\/13527\/revisions\/13529"}],"wp:attachment":[{"href":"https:\/\/veteran.az\/index.php?rest_route=%2Fwp%2Fv2%2Fmedia&parent=13527"}],"wp:term":[{"taxonomy":"category","embeddable":true,"href":"https:\/\/veteran.az\/index.php?rest_route=%2Fwp%2Fv2%2Fcategories&post=13527"},{"taxonomy":"post_tag","embeddable":true,"href":"https:\/\/veteran.az\/index.php?rest_route=%2Fwp%2Fv2%2Ftags&post=13527"}],"curies":[{"name":"wp","href":"https:\/\/api.w.org\/{rel}","templated":true}]}}