{"id":13521,"date":"2021-11-30T09:46:24","date_gmt":"2021-11-30T05:46:24","guid":{"rendered":"http:\/\/veteran.az\/?p=13521"},"modified":"2021-11-30T09:46:25","modified_gmt":"2021-11-30T05:46:25","slug":"araz-cayi-boyunca-yol-igdira-avtoban-%c9%99rdogan","status":"publish","type":"post","link":"https:\/\/veteran.az\/?p=13521","title":{"rendered":"Araz \u00e7ay\u0131 boyunca yol, \u0130\u011fd\u0131ra avtoban&#8230; &#8212; \u018frdo\u011fan"},"content":{"rendered":"\n<p><strong>\u018fliyev m\u0259n\u0259 dedi ki, bu g\u00f6r\u00fc\u015f (So\u00e7i g\u00f6r\u00fc\u015f\u00fc \u2013 red.) \u00e7ox m\u0259hsuldar olub v\u0259 Araz \u00e7ay\u0131 boyunca d\u0259mir yolu v\u0259 avtomobil yolunun tikintisi m\u0259s\u0259l\u0259si h\u0259ll edilib. Bundan ba\u015fqa, \u0130\u011fd\u0131ra avtoban haqq\u0131nda da m\u0259s\u0259l\u0259 var, bu, Nax\u00e7\u0131van probleminin h\u0259lli, el\u0259c\u0259 d\u0259 Erm\u0259nistan vasit\u0259sil\u0259 s\u0259yah\u0259t \u00fc\u00e7\u00fcn u\u011furlu add\u0131m olacaq, insanlar s\u0259rh\u0259dd\u0259n ke\u00e7\u0259 bil\u0259c\u0259k, mallar da da\u015f\u0131nacaq.<\/strong><\/p>\n\n\n\n<p>Axar.az\u00a0x\u0259b\u0259r verir ki, bunu T\u00fcrkiy\u0259 Prezidenti R\u0259c\u0259b Tayyib \u018frdo\u011fan A\u015fqabadda az\u0259rbaycanl\u0131 h\u0259mkar\u0131 \u0130lham \u018fliyevl\u0259 So\u00e7i g\u00f6r\u00fc\u015f\u00fcn\u00fcn n\u0259tic\u0259l\u0259ri bar\u0259d\u0259 s\u00f6hb\u0259tind\u0259n s\u00f6z a\u00e7ark\u0259n deyib.<\/p>\n\n\n\n<p>\u018frdo\u011fan T\u00fcrkiy\u0259nin C\u0259nubi Qafqazda &#171;3+3&#187; format\u0131n\u0131n nizamlanmas\u0131 \u00fczr\u0259 t\u0259klifind\u0259n d\u0259 s\u00f6z a\u00e7\u0131b:<\/p>\n\n\n\n<p>\u201cBiz \u0259vv\u0259ll\u0259r \u201calt\u0131l\u0131q platformas\u0131\u201d yaratma\u011f\u0131 t\u0259klif etmi\u015fdik: Rusiya, T\u00fcrkiy\u0259, Az\u0259rbaycan, Erm\u0259nistan, \u0130ran v\u0259 m\u00fcmk\u00fcns\u0259, G\u00fcrc\u00fcstan. Bu platforma ba\u015f tutsa, o zaman bu m\u00fch\u00fcm inki\u015faf regionda s\u00fclh v\u0259 \u0259min-amanl\u0131\u011fa \u00e7evril\u0259c\u0259k\u201d.<\/p>\n","protected":false},"excerpt":{"rendered":"<p>\u018fliyev m\u0259n\u0259 dedi ki, bu g\u00f6r\u00fc\u015f (So\u00e7i g\u00f6r\u00fc\u015f\u00fc \u2013 red.) \u00e7ox m\u0259hsuldar olub v\u0259 Araz&#8230;<\/p>\n","protected":false},"author":3,"featured_media":0,"comment_status":"closed","ping_status":"closed","sticky":false,"template":"","format":"standard","meta":{"footnotes":""},"categories":[6],"tags":[],"class_list":["post-13521","post","type-post","status-publish","format-standard","hentry","category-cmiyyt"],"featured_image_urls":{"full":"","thumbnail":"","medium":"","medium_large":"","large":"","1536x1536":"","2048x2048":"","covernews-slider-full":"","covernews-slider-center":"","covernews-featured":"","covernews-medium":"","covernews-medium-square":""},"author_info":{"display_name":"Veteran.az","author_link":"https:\/\/veteran.az\/?author=3"},"category_info":"<a href=\"https:\/\/veteran.az\/?cat=6\" rel=\"category\">C\u0259miyy\u0259t<\/a>","tag_info":"C\u0259miyy\u0259t","comment_count":"0","_links":{"self":[{"href":"https:\/\/veteran.az\/index.php?rest_route=\/wp\/v2\/posts\/13521","targetHints":{"allow":["GET"]}}],"collection":[{"href":"https:\/\/veteran.az\/index.php?rest_route=\/wp\/v2\/posts"}],"about":[{"href":"https:\/\/veteran.az\/index.php?rest_route=\/wp\/v2\/types\/post"}],"author":[{"embeddable":true,"href":"https:\/\/veteran.az\/index.php?rest_route=\/wp\/v2\/users\/3"}],"replies":[{"embeddable":true,"href":"https:\/\/veteran.az\/index.php?rest_route=%2Fwp%2Fv2%2Fcomments&post=13521"}],"version-history":[{"count":1,"href":"https:\/\/veteran.az\/index.php?rest_route=\/wp\/v2\/posts\/13521\/revisions"}],"predecessor-version":[{"id":13523,"href":"https:\/\/veteran.az\/index.php?rest_route=\/wp\/v2\/posts\/13521\/revisions\/13523"}],"wp:attachment":[{"href":"https:\/\/veteran.az\/index.php?rest_route=%2Fwp%2Fv2%2Fmedia&parent=13521"}],"wp:term":[{"taxonomy":"category","embeddable":true,"href":"https:\/\/veteran.az\/index.php?rest_route=%2Fwp%2Fv2%2Fcategories&post=13521"},{"taxonomy":"post_tag","embeddable":true,"href":"https:\/\/veteran.az\/index.php?rest_route=%2Fwp%2Fv2%2Ftags&post=13521"}],"curies":[{"name":"wp","href":"https:\/\/api.w.org\/{rel}","templated":true}]}}