{"id":13473,"date":"2021-11-26T03:51:06","date_gmt":"2021-11-25T23:51:06","guid":{"rendered":"http:\/\/veteran.az\/?p=13473"},"modified":"2021-11-26T03:51:07","modified_gmt":"2021-11-25T23:51:07","slug":"turkiy%c9%99d%c9%99-basina-3-milyon-qoyulan-terrorcular-m%c9%99hv-edildi","status":"publish","type":"post","link":"https:\/\/veteran.az\/?p=13473","title":{"rendered":"T\u00fcrkiy\u0259d\u0259 ba\u015f\u0131na 3 milyon qoyulan terror\u00e7ular m\u0259hv edildi"},"content":{"rendered":"\n<p><strong>T\u00fcrkiy\u0259 t\u0259hl\u00fck\u0259sizlik q\u00fcvv\u0259l\u0259rinin Bitlisd\u0259 ke\u00e7iril\u0259n \u0259m\u0259liyyat\u0131 zaman\u0131 m\u0259hv edil\u0259n 6 terror\u00e7udan biri Daxili \u0130\u015fl\u0259r Nazirliyinin \u201cnar\u0131nc\u0131\u201d, dig\u0259ri is\u0259 \u201cya\u015f\u0131l\u201d siyah\u0131s\u0131nda olub.<\/strong><\/p>\n\n\n\n<p>Onlardan biri Bitlisd\u0259ki qad\u0131n terror\u00e7u d\u0259st\u0259sinin lideri, Suriya v\u0259t\u0259nda\u015f\u0131, Baharin Afrin kod adl\u0131 Leyla \u015eeyxodur. Onun ad\u0131 T\u00fcrkiy\u0259 Daxili \u0130\u015fl\u0259r Nazirliyinin \u201cya\u015f\u0131l\u201d siyah\u0131s\u0131nda olub v\u0259 terror\u00e7unun ba\u015f\u0131na 2 milyon lir\u0259 m\u00fckafat t\u0259yin edilib.<\/p>\n\n\n\n<p>Z\u0259r\u0259rsizl\u0259\u015fdiril\u0259n terror\u00e7ular aras\u0131nda &#171;Sore\u015f Qars Roni&#187; kod adl\u0131 \u018frhan Mingsar da olub. Onun ad\u0131 T\u00fcrkiy\u0259 Daxili \u0130\u015fl\u0259r Nazirliyinin \u201cnar\u0131nc\u0131\u201d siyah\u0131s\u0131nda olub v\u0259 terror\u00e7u \u00fc\u00e7\u00fcn 1 milyon lir\u0259 m\u00fckafat t\u0259yin olunub.<\/p>\n","protected":false},"excerpt":{"rendered":"<p>T\u00fcrkiy\u0259 t\u0259hl\u00fck\u0259sizlik q\u00fcvv\u0259l\u0259rinin Bitlisd\u0259 ke\u00e7iril\u0259n \u0259m\u0259liyyat\u0131 zaman\u0131 m\u0259hv edil\u0259n 6 terror\u00e7udan biri Daxili \u0130\u015fl\u0259r Nazirliyinin&#8230;<\/p>\n","protected":false},"author":3,"featured_media":13474,"comment_status":"closed","ping_status":"closed","sticky":false,"template":"","format":"standard","meta":{"footnotes":""},"categories":[7],"tags":[],"class_list":["post-13473","post","type-post","status-publish","format-standard","has-post-thumbnail","hentry","category-dunya"],"featured_image_urls":{"full":["https:\/\/veteran.az\/wp-content\/uploads\/2021\/11\/o-pkkli-teroristleri-turk-askeri-kurtardi-h1493368848-1cfb61.jpeg",606,340,false],"thumbnail":["https:\/\/veteran.az\/wp-content\/uploads\/2021\/11\/o-pkkli-teroristleri-turk-askeri-kurtardi-h1493368848-1cfb61-150x150.jpeg",150,150,true],"medium":["https:\/\/veteran.az\/wp-content\/uploads\/2021\/11\/o-pkkli-teroristleri-turk-askeri-kurtardi-h1493368848-1cfb61-300x168.jpeg",300,168,true],"medium_large":["https:\/\/veteran.az\/wp-content\/uploads\/2021\/11\/o-pkkli-teroristleri-turk-askeri-kurtardi-h1493368848-1cfb61.jpeg",606,340,false],"large":["https:\/\/veteran.az\/wp-content\/uploads\/2021\/11\/o-pkkli-teroristleri-turk-askeri-kurtardi-h1493368848-1cfb61.jpeg",606,340,false],"1536x1536":["https:\/\/veteran.az\/wp-content\/uploads\/2021\/11\/o-pkkli-teroristleri-turk-askeri-kurtardi-h1493368848-1cfb61.jpeg",606,340,false],"2048x2048":["https:\/\/veteran.az\/wp-content\/uploads\/2021\/11\/o-pkkli-teroristleri-turk-askeri-kurtardi-h1493368848-1cfb61.jpeg",606,340,false],"covernews-slider-full":["https:\/\/veteran.az\/wp-content\/uploads\/2021\/11\/o-pkkli-teroristleri-turk-askeri-kurtardi-h1493368848-1cfb61.jpeg",606,340,false],"covernews-slider-center":["https:\/\/veteran.az\/wp-content\/uploads\/2021\/11\/o-pkkli-teroristleri-turk-askeri-kurtardi-h1493368848-1cfb61.jpeg",606,340,false],"covernews-featured":["https:\/\/veteran.az\/wp-content\/uploads\/2021\/11\/o-pkkli-teroristleri-turk-askeri-kurtardi-h1493368848-1cfb61.jpeg",606,340,false],"covernews-medium":["https:\/\/veteran.az\/wp-content\/uploads\/2021\/11\/o-pkkli-teroristleri-turk-askeri-kurtardi-h1493368848-1cfb61.jpeg",540,303,false],"covernews-medium-square":["https:\/\/veteran.az\/wp-content\/uploads\/2021\/11\/o-pkkli-teroristleri-turk-askeri-kurtardi-h1493368848-1cfb61.jpeg",400,224,false]},"author_info":{"display_name":"Veteran.az","author_link":"https:\/\/veteran.az\/?author=3"},"category_info":"<a href=\"https:\/\/veteran.az\/?cat=7\" rel=\"category\">D\u00fcnya<\/a>","tag_info":"D\u00fcnya","comment_count":"0","_links":{"self":[{"href":"https:\/\/veteran.az\/index.php?rest_route=\/wp\/v2\/posts\/13473","targetHints":{"allow":["GET"]}}],"collection":[{"href":"https:\/\/veteran.az\/index.php?rest_route=\/wp\/v2\/posts"}],"about":[{"href":"https:\/\/veteran.az\/index.php?rest_route=\/wp\/v2\/types\/post"}],"author":[{"embeddable":true,"href":"https:\/\/veteran.az\/index.php?rest_route=\/wp\/v2\/users\/3"}],"replies":[{"embeddable":true,"href":"https:\/\/veteran.az\/index.php?rest_route=%2Fwp%2Fv2%2Fcomments&post=13473"}],"version-history":[{"count":1,"href":"https:\/\/veteran.az\/index.php?rest_route=\/wp\/v2\/posts\/13473\/revisions"}],"predecessor-version":[{"id":13475,"href":"https:\/\/veteran.az\/index.php?rest_route=\/wp\/v2\/posts\/13473\/revisions\/13475"}],"wp:featuredmedia":[{"embeddable":true,"href":"https:\/\/veteran.az\/index.php?rest_route=\/wp\/v2\/media\/13474"}],"wp:attachment":[{"href":"https:\/\/veteran.az\/index.php?rest_route=%2Fwp%2Fv2%2Fmedia&parent=13473"}],"wp:term":[{"taxonomy":"category","embeddable":true,"href":"https:\/\/veteran.az\/index.php?rest_route=%2Fwp%2Fv2%2Fcategories&post=13473"},{"taxonomy":"post_tag","embeddable":true,"href":"https:\/\/veteran.az\/index.php?rest_route=%2Fwp%2Fv2%2Ftags&post=13473"}],"curies":[{"name":"wp","href":"https:\/\/api.w.org\/{rel}","templated":true}]}}