{"id":13445,"date":"2021-11-25T09:24:49","date_gmt":"2021-11-25T05:24:49","guid":{"rendered":"http:\/\/veteran.az\/?p=13445"},"modified":"2021-11-25T09:24:50","modified_gmt":"2021-11-25T05:24:50","slug":"dasalti-s%c9%99hidl%c9%99rinin-m%c9%99zarligi-niy%c9%99-axtarilmir","status":"publish","type":"post","link":"https:\/\/veteran.az\/?p=13445","title":{"rendered":"Da\u015falt\u0131 \u015f\u0259hidl\u0259rinin m\u0259zarl\u0131\u011f\u0131 niy\u0259 axtar\u0131lm\u0131r&#8230;"},"content":{"rendered":"\n<p>1992-ci ilin 25-26 yanvar tarixl\u0259rind\u0259 h\u0259yata ke\u00e7irilmi\u015f u\u011fursuz Da\u015falt\u0131 \u0259m\u0259liyyat\u0131 Az\u0259rbaycan Ordusunun 90 n\u0259f\u0259rd\u0259n art\u0131q itki verm\u0259si il\u0259 n\u0259tic\u0259l\u0259nmi\u015fdi. H\u0259min d\u00f6y\u00fc\u015fd\u0259 h\u0259lak olanlar\u0131n b\u00f6y\u00fck \u0259ks\u0259riyy\u0259ti h\u0259l\u0259 d\u0259 itkin d\u00fc\u015fm\u00fc\u015f say\u0131l\u0131r.<br><br>O hadis\u0259d\u0259n d\u00fcz 28 il sonra &#8212; 2020-ci il noyabr\u0131n \u0259vv\u0259ll\u0259rind\u0259 Az\u0259rbaycan Ordusu Da\u015falt\u0131 k\u0259ndini, el\u0259c\u0259 d\u0259 \u015eu\u015fan\u0131 azad ed\u0259r\u0259k, \u015f\u0259hidl\u0259rimizin qisas\u0131n\u0131 ald\u0131&#8230;<br><\/p>\n\n\n\n<p>H\u0259l\u0259 Da\u015falt\u0131 erm\u0259ni n\u0259zar\u0259tind\u0259 olanda, \u0259ld\u0259 edil\u0259n m\u0259lumatlarda bildirilirdi ki, orada \u015f\u0259hid olan d\u00f6y\u00fc\u015f\u00e7\u00fcl\u0259rimiz k\u00fctl\u0259vi m\u0259zarl\u0131qda basd\u0131r\u0131l\u0131b.<br>O d\u00f6vrd\u0259 Az\u0259rbaycan bununla ba\u011fl\u0131 beyn\u0259lalq t\u0259\u015fkilatlara da \u00e7oxsayl\u0131 m\u00fcraci\u0259tl\u0259r etmi\u015fdi.<br><\/p>\n\n\n\n<p>H\u0259tta ill\u0259r \u00f6nc\u0259 Q\u0131rm\u0131z\u0131 Xa\u00e7 Komit\u0259si Da\u015falt\u0131da h\u0259lak olanlar\u0131n yax\u0131n qohumlar\u0131ndan DNK testi g\u00f6t\u00fcrm\u00fc\u015f v\u0259 deyilmi\u015fdi ki, erm\u0259ni t\u0259r\u0259fi il\u0259 k\u00fctl\u0259vi m\u0259zarl\u0131\u011f\u0131n yerinin t\u0259sbit olunmas\u0131 bar\u0259d\u0259 dan\u0131\u015f\u0131qlar gedir. Amma sonralar dan\u0131\u015f\u0131qlar n\u0259tic\u0259siz qald\u0131\u011f\u0131ndan m\u0259s\u0259l\u0259 unuduldu.<\/p>\n\n\n\n<p><br>Art\u0131q \u015eu\u015fa azad olunub, Da\u015falt\u0131 da bizd\u0259dir. Amma Da\u015falt\u0131 \u0259m\u0259liyyat\u0131nda \u015f\u0259hid olanlar\u0131n k\u00fctl\u0259vi m\u0259zarl\u0131\u011f\u0131n\u0131n a\u00e7\u0131lmas\u0131 il\u0259 ba\u011fl\u0131 m\u0259s\u0259l\u0259 g\u00fcnd\u0259m\u0259 g\u0259tirilmir.<br><br>\u00dcmumiyy\u0259tl\u0259, h\u0259min m\u0259zarl\u0131\u011f\u0131n yeri m\u00fc\u0259yy\u0259nl\u0259\u015fdirilbmi? Da\u015falt\u0131da \u015f\u0259hid olanlar\u0131n xatir\u0259sin\u0259 abid\u0259 ucald\u0131la bil\u0259rmi?<\/p>\n\n\n\n<figure class=\"wp-block-image size-large\"><img loading=\"lazy\" decoding=\"async\" width=\"768\" height=\"1024\" src=\"http:\/\/veteran.az\/wp-content\/uploads\/2021\/11\/IMG-20210912-WA0092-768x1024.jpg\" alt=\"\" class=\"wp-image-13447\" srcset=\"https:\/\/veteran.az\/wp-content\/uploads\/2021\/11\/IMG-20210912-WA0092-768x1024.jpg 768w, https:\/\/veteran.az\/wp-content\/uploads\/2021\/11\/IMG-20210912-WA0092-225x300.jpg 225w, https:\/\/veteran.az\/wp-content\/uploads\/2021\/11\/IMG-20210912-WA0092.jpg 960w\" sizes=\"auto, (max-width: 768px) 100vw, 768px\" \/><\/figure>\n\n\n\n<p><br><br>Da\u015falt\u0131 \u0259m\u0259liyyat\u0131n\u0131n sa\u011f qalm\u0131\u015f i\u015ftirak\u00e7\u0131lar\u0131ndan biri &#8212; Az\u0259rbaycan V\u0259t\u0259n M\u00fcharib\u0259si Veteranlar\u0131 \u0130ctimai Birliyinin s\u0259dri\u00a0F\u00fczuli Rzaquliyev m\u0259s\u0259l\u0259 haqq\u0131nda\u00a0<strong>Modern.az<\/strong>-a deyib ki, \u015f\u0259hidl\u0259rimizin orada m\u0259zar\u0131 olmad\u0131\u011f\u0131ndan, onlar\u0131n adlar\u0131n\u0131n \u0259b\u0259dil\u0259\u015fdirilm\u0259si \u00fc\u00e7\u00fcn abid\u0259 qoyulmal\u0131d\u0131r:\u00a0<\/p>\n\n\n\n<p>\u201cYaral\u0131 yerimd\u0259n s\u00f6hb\u0259t a\u00e7d\u0131n\u0131z, Da\u015falt\u0131 m\u0259nim qaysaqlam\u0131\u015f yaramd\u0131, h\u0259l\u0259 sa\u011falmay\u0131b.&nbsp; Da\u015falt\u0131 dey\u0259nd\u0259 qar\u0131\u015f\u0131q hissl\u0259r ke\u00e7irir\u0259m, bilmir\u0259m q\u00fcrurlan\u0131m, yoxsa k\u0259d\u0259rl\u0259nim. H\u0259r m\u00fcsahib\u0259d\u0259 s\u00f6yl\u0259yir\u0259m, yen\u0259 deyim ki, Da\u015falt\u0131n\u0131 m\u0259n m\u0259\u011flubiyy\u0259t hesab etmir\u0259m. O\u011fullar\u0131m\u0131z o \u0259m\u0259liyyatda son g\u00fcll\u0259sin\u0259 kimi, vuru\u015fdu. O vaxt\u0131 biz yuxardan a\u015fa\u011f\u0131 d\u00f6y\u00fc\u015f\u00fcrd\u00fck &#8212; eni\u015f\u0259 do\u011fru, o daha rahat olur.&nbsp; Daxild\u0259 olan satq\u0131nlara, yet\u0259rli olmayan t\u0259chizata g\u00f6r\u0259 biz torpaqlar\u0131m\u0131z\u0131 itirdik, \u015f\u0259hidl\u0259r verdik. Avtomat\u0131 biz\u0259 d\u00f6y\u00fc\u015f\u0259 gir\u0259nd\u0259 verirdil\u0259r o avtomat yoxlanmal\u0131 oldu\u011fu \u00fc\u00e7\u00fcn biz orda da vaxt itirirdik. Erm\u0259nil\u0259r\u0259 b\u00f6y\u00fck z\u0259rb\u0259 vurmu\u015fduq, ancaq n\u0259tic\u0259d\u0259&nbsp; Da\u015falt\u0131n\u0131 azad ed\u0259 bilm\u0259dik. 72-y\u0259 yax\u0131n erm\u0259nini m\u0259hv etdik. Da\u015falt\u0131 \u0259m\u0259liyyat\u0131na m\u0259n k\u00f6n\u00fcll\u00fc olaraq qat\u0131lm\u0131\u015fd\u0131m. Ail\u0259mi, yax\u0131nlar\u0131m\u0131 deyil, torpaqlar\u0131m\u0131z\u0131 d\u00fc\u015f\u00fcnm\u00fc\u015fd\u00fcm. M\u0259n d\u00f6y\u00fc\u015f\u0259 ged\u0259nd\u0259 o\u011flumun 3 ya\u015f\u0131 var idi. H\u0259yat el\u0259 g\u0259tirdi ki, m\u0259nim itirdiyim torpaqlar\u0131 o\u011flum azad etm\u0259k \u00fc\u00e7\u00fcn q\u0259hr\u0259mancas\u0131na vuru\u015fdu. O vaxt batalyonumuzun n\u00f6mr\u0259si 18110 idi, sonra 710 oldu. Batalyonun ham\u0131s\u0131 k\u00f6n\u00fcll\u0259rd\u0259n ibar\u0259t idi, ne\u00e7\u0259 n\u0259f\u0259r oldu\u011fu yad\u0131mda qalmay\u0131b, amma 92 n\u0259f\u0259r \u015f\u0259hid verdik. T\u0259\u0259ss\u00fcf ki, o \u015f\u0259hidl\u0259rin \u00e7oxunun d\u0259fn olundu\u011fu yeri bilinmir v\u0259 m\u0259zar\u0131 yoxdur.<br><br>Vaxtil\u0259 Bak\u0131da Da\u015falt\u0131 \u015f\u0259hidl\u0259rinin xatir\u0259sin\u0259 ki\u00e7ik bir abid\u0259 qoymu\u015fduq, amma onu s\u00f6kd\u00fcl\u0259r. Haz\u0131rda \u015e\u0259hidl\u0259r Xiyaban\u0131nda bir abid\u0259 var v\u0259 onun \u00fcz\u0259rind\u0259 Da\u015falt\u0131da \u015f\u0259hid olanlar\u0131n ad\u0131 qeyd olunub. Ancaq biz Da\u015falt\u0131da abid\u0259 ucald\u0131lmas\u0131n\u0131 ist\u0259yirik. \u015e\u0259hidl\u0259rimizin orda m\u0259zar\u0131 yoxdur, he\u00e7 olmasa adlar\u0131n\u0131n \u0259b\u0259dil\u0259\u015fdirilm\u0259si \u00fc\u00e7\u00fcn abid\u0259 qoyulmal\u0131d\u0131r.&nbsp;<br><br>Bunun \u00fc\u00e7\u00fcn d\u0259 m\u00fc\u0259yy\u0259n ad\u0131mlar atmaq, m\u00fcraci\u0259tl\u0259r etm\u0259k ist\u0259yirik. \u0130n\u015fallah, &nbsp;Da\u015falt\u0131 igidl\u0259rinin Da\u015falt\u0131da xatir\u0259si \u0259b\u0259dil\u0259\u015fdiril\u0259c\u0259k. Da\u015falt\u0131 al\u0131nandan sonra iki d\u0259f\u0259 ora ziyar\u0259t\u0259 getmi\u015f\u0259m. H\u0259r ikisind\u0259 eyni hissl\u0259ri ya\u015fay\u0131ram, \u015f\u0259hid olan o\u011fullar\u0131 d\u00fc\u015f\u00fcnd\u00fckc\u0259, q\u0259h\u0259r m\u0259ni bo\u011fur\u201d.<\/p>\n\n\n\n<figure class=\"wp-block-image size-large\"><img decoding=\"async\" src=\"http:\/\/veteran.az\/wp-content\/uploads\/2021\/11\/sair-ramaldanov-modern.az_.jpg\" alt=\"\" class=\"wp-image-13446\"\/><\/figure>\n\n\n\n<p><br>Ehtiyatda olan polkovnik, h\u0259rbi ekspert \u015eair Ramaldanov s\u00f6yl\u0259yib ki, o torpaqlar bizd\u0259dirs\u0259, laz\u0131mi add\u0131mlar at\u0131lacaq.<\/p>\n\n\n\n<p>\u201cVaxt\u0131 \u00e7atanda bu m\u0259s\u0259l\u0259 \u00fc\u00e7\u00fcn ara\u015fd\u0131rma apar\u0131lacaq. Bu el\u0259 prosesdir ki, axtar\u0131\u015flar ill\u0259r boyu gedir. B\u0259z\u0259n deyirl\u0259r ki, m\u00fcharib\u0259d\u0259 son \u00f6l\u0259n basd\u0131r\u0131lmay\u0131bsa, m\u00fcharib\u0259 bitm\u0259yib. D\u00fc\u015f\u00fcn\u00fcr\u0259m ki, bu m\u0259s\u0259l\u0259 il\u0259 ba\u011fl\u0131 m\u0259lumatlar varsa, o torpaqlar bizd\u0259dirs\u0259, laz\u0131mi add\u0131mlar at\u0131lacaq. \u018fsas da mina sah\u0259l\u0259ri t\u0259mizl\u0259ndikd\u0259n sonra ilk add\u0131mlar\u0131n at\u0131laca\u011f\u0131n\u0131 d\u00fc\u015f\u00fcn\u00fcr\u0259m. M\u0259s\u0259l\u0259nin yenid\u0259n g\u00fcnd\u0259m\u0259 g\u0259tirilm\u0259si is\u0259 m\u00fc\u0259yy\u0259n kommisiyalar\u0131n, Q\u0131z\u0131l Aypara C\u0259miyy\u0259tinin i\u015fidir\u201d.<\/p>\n\n\n\n<p><a href=\"https:\/\/modern.az\/az\/news\/journalist\/38\">Humay \u0130sg\u0259nd\u0259rova<\/a><\/p>\n","protected":false},"excerpt":{"rendered":"<p>1992-ci ilin 25-26 yanvar tarixl\u0259rind\u0259 h\u0259yata ke\u00e7irilmi\u015f u\u011fursuz Da\u015falt\u0131 \u0259m\u0259liyyat\u0131 Az\u0259rbaycan Ordusunun 90 n\u0259f\u0259rd\u0259n art\u0131q&#8230;<\/p>\n","protected":false},"author":3,"featured_media":13448,"comment_status":"closed","ping_status":"closed","sticky":false,"template":"","format":"standard","meta":{"footnotes":""},"categories":[6],"tags":[],"class_list":["post-13445","post","type-post","status-publish","format-standard","has-post-thumbnail","hentry","category-cmiyyt"],"featured_image_urls":{"full":["https:\/\/veteran.az\/wp-content\/uploads\/2021\/11\/modern.az-24.11.2021-1637729673.jpeg",637,400,false],"thumbnail":["https:\/\/veteran.az\/wp-content\/uploads\/2021\/11\/modern.az-24.11.2021-1637729673-150x150.jpeg",150,150,true],"medium":["https:\/\/veteran.az\/wp-content\/uploads\/2021\/11\/modern.az-24.11.2021-1637729673-300x188.jpeg",300,188,true],"medium_large":["https:\/\/veteran.az\/wp-content\/uploads\/2021\/11\/modern.az-24.11.2021-1637729673.jpeg",637,400,false],"large":["https:\/\/veteran.az\/wp-content\/uploads\/2021\/11\/modern.az-24.11.2021-1637729673.jpeg",637,400,false],"1536x1536":["https:\/\/veteran.az\/wp-content\/uploads\/2021\/11\/modern.az-24.11.2021-1637729673.jpeg",637,400,false],"2048x2048":["https:\/\/veteran.az\/wp-content\/uploads\/2021\/11\/modern.az-24.11.2021-1637729673.jpeg",637,400,false],"covernews-slider-full":["https:\/\/veteran.az\/wp-content\/uploads\/2021\/11\/modern.az-24.11.2021-1637729673.jpeg",637,400,false],"covernews-slider-center":["https:\/\/veteran.az\/wp-content\/uploads\/2021\/11\/modern.az-24.11.2021-1637729673.jpeg",637,400,false],"covernews-featured":["https:\/\/veteran.az\/wp-content\/uploads\/2021\/11\/modern.az-24.11.2021-1637729673.jpeg",637,400,false],"covernews-medium":["https:\/\/veteran.az\/wp-content\/uploads\/2021\/11\/modern.az-24.11.2021-1637729673-637x380.jpeg",540,322,true],"covernews-medium-square":["https:\/\/veteran.az\/wp-content\/uploads\/2021\/11\/modern.az-24.11.2021-1637729673.jpeg",398,250,false]},"author_info":{"display_name":"Veteran.az","author_link":"https:\/\/veteran.az\/?author=3"},"category_info":"<a href=\"https:\/\/veteran.az\/?cat=6\" rel=\"category\">C\u0259miyy\u0259t<\/a>","tag_info":"C\u0259miyy\u0259t","comment_count":"0","_links":{"self":[{"href":"https:\/\/veteran.az\/index.php?rest_route=\/wp\/v2\/posts\/13445","targetHints":{"allow":["GET"]}}],"collection":[{"href":"https:\/\/veteran.az\/index.php?rest_route=\/wp\/v2\/posts"}],"about":[{"href":"https:\/\/veteran.az\/index.php?rest_route=\/wp\/v2\/types\/post"}],"author":[{"embeddable":true,"href":"https:\/\/veteran.az\/index.php?rest_route=\/wp\/v2\/users\/3"}],"replies":[{"embeddable":true,"href":"https:\/\/veteran.az\/index.php?rest_route=%2Fwp%2Fv2%2Fcomments&post=13445"}],"version-history":[{"count":1,"href":"https:\/\/veteran.az\/index.php?rest_route=\/wp\/v2\/posts\/13445\/revisions"}],"predecessor-version":[{"id":13449,"href":"https:\/\/veteran.az\/index.php?rest_route=\/wp\/v2\/posts\/13445\/revisions\/13449"}],"wp:featuredmedia":[{"embeddable":true,"href":"https:\/\/veteran.az\/index.php?rest_route=\/wp\/v2\/media\/13448"}],"wp:attachment":[{"href":"https:\/\/veteran.az\/index.php?rest_route=%2Fwp%2Fv2%2Fmedia&parent=13445"}],"wp:term":[{"taxonomy":"category","embeddable":true,"href":"https:\/\/veteran.az\/index.php?rest_route=%2Fwp%2Fv2%2Fcategories&post=13445"},{"taxonomy":"post_tag","embeddable":true,"href":"https:\/\/veteran.az\/index.php?rest_route=%2Fwp%2Fv2%2Ftags&post=13445"}],"curies":[{"name":"wp","href":"https:\/\/api.w.org\/{rel}","templated":true}]}}