{"id":13422,"date":"2021-11-24T10:52:51","date_gmt":"2021-11-24T06:52:51","guid":{"rendered":"http:\/\/veteran.az\/?p=13422"},"modified":"2021-11-24T10:52:52","modified_gmt":"2021-11-24T06:52:52","slug":"az%c9%99rbaycanin-v%c9%99zif%c9%99d%c9%99-olan-general-polkovnikl%c9%99ri-siyahi","status":"publish","type":"post","link":"https:\/\/veteran.az\/?p=13422","title":{"rendered":"Az\u0259rbaycan\u0131n v\u0259zif\u0259d\u0259 olan general-polkovnikl\u0259ri &#8212; S\u0130YAHI"},"content":{"rendered":"\n<p><strong>General-polkovnik Az\u0259rbaycan\u0131n g\u00fcc strukturlar\u0131nda \u0259n y\u00fcks\u0259k r\u00fctb\u0259 say\u0131l\u0131r.<\/strong><\/p>\n\n\n\n<p>Bu r\u00fctb\u0259ni \u00f6lk\u0259nin m\u00fcdafi\u0259, f\u00f6vq\u0259lad\u0259 hallar, daxili i\u015fl\u0259r nazirl\u0259ri, o c\u00fcml\u0259d\u0259n ba\u015f prokuror, xidm\u0259t r\u0259isl\u0259ri v\u0259 ba\u015fqalar\u0131 da\u015f\u0131y\u0131r.<\/p>\n\n\n\n<p>General-polkovnik r\u00fctb\u0259si Az\u0259rbaycan Respublikas\u0131n\u0131n Prezidenti \u0130lham \u018fliyevin imzalad\u0131\u011f\u0131 s\u0259r\u0259ncamlarla t\u0259yin olunur.<\/p>\n\n\n\n<p><strong>Haz\u0131rda v\u0259zif\u0259 ba\u015f\u0131nda olan general-polkovnik r\u00fctb\u0259sini da\u015f\u0131yan \u015f\u0259xsl\u0259rin siyah\u0131s\u0131 bel\u0259dir:<\/strong><\/p>\n\n\n\n<ol class=\"wp-block-list\"><li>Zakir H\u0259s\u0259nov &#8212; M\u00fcdafi\u0259 naziri<\/li><li>Vilay\u0259t Eyvazov &#8212; Daxili i\u015fl\u0259r naziri<\/li><li>\u018fli Na\u011f\u0131yev \u2013 D\u00f6vl\u0259t T\u0259hl\u00fck\u0259sizlik Xidm\u0259tinin r\u0259isi<\/li><li>B\u0259yl\u0259r \u018fyyubov &#8212; X\u00fcsusi D\u00f6vl\u0259t M\u00fchafiz\u0259si Xidm\u0259ti r\u0259isinin 1-ci m\u00fcavini v\u0259 Prezidentin \u015e\u0259xsi M\u00fchafiz\u0259 \u0130dar\u0259sinin r\u0259isi<\/li><li>Ramil Usubov &#8212; Prezident yan\u0131nda T\u0259hl\u00fck\u0259sizlik \u015euras\u0131n\u0131n katibi<\/li><li>K\u0259rim V\u0259liyev \u2013 Az\u0259rbaycan Silahl\u0131 Q\u00fcvv\u0259l\u0259rinin Ba\u015f Q\u0259rargah r\u0259isi, m\u00fcdafi\u0259 nazirinin birinci m\u00fcavini<\/li><li>K\u0259r\u0259m Mustafayev \u2013 \u018flahidd\u0259 \u00dcmumqo\u015fun Ordu komandan\u0131<\/li><li>El\u00e7in Quliyev &#8212; D\u00f6vl\u0259t S\u0259rh\u0259d Xidm\u0259tinin r\u0259isi<\/li><li>K\u0259mal\u0259ddin Heyd\u0259rov &#8212; F\u00f6vq\u0259lad\u0259 Hallar naziri<\/li><li>Fikr\u0259t M\u0259mm\u0259dov \u2013 \u018fdliyy\u0259 naziri, I d\u0259r\u0259c\u0259li d\u00f6vl\u0259t \u0259dliyy\u0259 m\u00fc\u015faviri<\/li><li>M\u0259d\u0259t Quliyev &#8212; M\u00fcdafi\u0259 s\u0259nayesi naziri<\/li><li>Orxan Sultanov \u2013 Xarici K\u0259\u015ffiyyat Xidm\u0259tinin r\u0259isi<\/li><li>M\u0259h\u0259rr\u0259m \u018fliyev \u2013 Prezident Administrasiyas\u0131n\u0131n H\u0259rbi m\u0259s\u0259l\u0259l\u0259r \u015f\u00f6b\u0259sinin m\u00fcdiri<\/li><li>Arzu R\u0259himov \u2013 S\u0259f\u0259rb\u0259rlik v\u0259 H\u0259rbi Xidm\u0259t\u0259 \u00c7a\u011f\u0131r\u0131\u015f \u00fczr\u0259 D\u00f6vl\u0259t Xidm\u0259tinin r\u0259isi<\/li><li>S\u0259f\u0259r Mehdiyev &#8212; D\u00f6vl\u0259t G\u00f6mr\u00fck Komit\u0259sinin s\u0259dri<\/li><\/ol>\n\n\n\n<p><strong>Az\u0259rbaycanda m\u00fcxt\u0259lif ill\u0259rd\u0259 v\u0259zif\u0259d\u0259n k\u0259narla\u015fd\u0131r\u0131lan general-polkovnikl\u0259r is\u0259 bunlard\u0131r:<\/strong><\/p>\n\n\n\n<ul class=\"wp-block-list\"><li>S\u0259f\u0259r \u018fbiyev &#8212; Eks-m\u00fcdafi\u0259 naziri<\/li><li>N\u0259cm\u0259ddin Sad\u0131qov \u2013 M\u00fcdafi\u0259 nazirinin sabiq 1-ci m\u00fcavini, Silahl\u0131 Q\u00fcvv\u0259l\u0259rin ke\u00e7mi\u015f Ba\u015f Q\u0259rargah r\u0259isi<\/li><li>Eldar Mahmudov &#8212; sabiq milli t\u0259hl\u00fck\u0259sizlik naziri<\/li><li>Vaqif Axundov \u2013 X\u00fcsusi D\u00f6vl\u0259t M\u00fchafiz\u0259si Xidm\u0259tinin sabiq r\u0259isi<\/li><li>Zakir Qaralov &#8212; Ba\u015f prokuror, I d\u0259r\u0259c\u0259li d\u00f6vl\u0259t \u0259dliyy\u0259 m\u00fc\u015faviri<\/li><li>Ayd\u0131n \u018fliyev &#8212; D\u00f6vl\u0259t G\u00f6mr\u00fck Komit\u0259sinin ke\u00e7mi\u015f s\u0259dri<\/li><li>Fazil M\u0259mm\u0259dov &#8212; I d\u0259r\u0259c\u0259li d\u00f6vl\u0259t vergi xidm\u0259ti m\u00fc\u015faviri<\/li><li>Namiq Abbasov &#8212; Sabiq milli t\u0259hl\u00fck\u0259sizlik naziri (1995-2004)<\/li><li>Tofiq A\u011fah\u00fcseynov &#8212; B\u00f6y\u00fck V\u0259t\u0259n m\u00fcharib\u0259si veteran\u0131, Respublika Veteranlar T\u0259\u015fkilat\u0131n\u0131n s\u0259dri (SSR\u0130 Silahl\u0131 Q\u00fcvv\u0259l\u0259rind\u0259 general-polkovnik r\u00fctb\u0259si alan ilk az\u0259rbaycanl\u0131)<\/li><\/ul>\n\n\n\n<p>M\u0259nb\u0259: <strong>BAKU.WS<\/strong><\/p>\n","protected":false},"excerpt":{"rendered":"<p>General-polkovnik Az\u0259rbaycan\u0131n g\u00fcc strukturlar\u0131nda \u0259n y\u00fcks\u0259k r\u00fctb\u0259 say\u0131l\u0131r. Bu r\u00fctb\u0259ni \u00f6lk\u0259nin m\u00fcdafi\u0259, f\u00f6vq\u0259lad\u0259 hallar, daxili&#8230;<\/p>\n","protected":false},"author":3,"featured_media":13423,"comment_status":"closed","ping_status":"closed","sticky":false,"template":"","format":"standard","meta":{"footnotes":""},"categories":[6],"tags":[],"class_list":["post-13422","post","type-post","status-publish","format-standard","has-post-thumbnail","hentry","category-cmiyyt"],"featured_image_urls":{"full":["https:\/\/veteran.az\/wp-content\/uploads\/2021\/11\/1637733149_1573886722_generel.jpg",800,550,false],"thumbnail":["https:\/\/veteran.az\/wp-content\/uploads\/2021\/11\/1637733149_1573886722_generel-150x150.jpg",150,150,true],"medium":["https:\/\/veteran.az\/wp-content\/uploads\/2021\/11\/1637733149_1573886722_generel-300x206.jpg",300,206,true],"medium_large":["https:\/\/veteran.az\/wp-content\/uploads\/2021\/11\/1637733149_1573886722_generel-768x528.jpg",640,440,true],"large":["https:\/\/veteran.az\/wp-content\/uploads\/2021\/11\/1637733149_1573886722_generel.jpg",640,440,false],"1536x1536":["https:\/\/veteran.az\/wp-content\/uploads\/2021\/11\/1637733149_1573886722_generel.jpg",800,550,false],"2048x2048":["https:\/\/veteran.az\/wp-content\/uploads\/2021\/11\/1637733149_1573886722_generel.jpg",800,550,false],"covernews-slider-full":["https:\/\/veteran.az\/wp-content\/uploads\/2021\/11\/1637733149_1573886722_generel.jpg",800,550,false],"covernews-slider-center":["https:\/\/veteran.az\/wp-content\/uploads\/2021\/11\/1637733149_1573886722_generel.jpg",727,500,false],"covernews-featured":["https:\/\/veteran.az\/wp-content\/uploads\/2021\/11\/1637733149_1573886722_generel.jpg",800,550,false],"covernews-medium":["https:\/\/veteran.az\/wp-content\/uploads\/2021\/11\/1637733149_1573886722_generel-720x380.jpg",540,285,true],"covernews-medium-square":["https:\/\/veteran.az\/wp-content\/uploads\/2021\/11\/1637733149_1573886722_generel-675x450.jpg",375,250,true]},"author_info":{"display_name":"Veteran.az","author_link":"https:\/\/veteran.az\/?author=3"},"category_info":"<a href=\"https:\/\/veteran.az\/?cat=6\" rel=\"category\">C\u0259miyy\u0259t<\/a>","tag_info":"C\u0259miyy\u0259t","comment_count":"0","_links":{"self":[{"href":"https:\/\/veteran.az\/index.php?rest_route=\/wp\/v2\/posts\/13422","targetHints":{"allow":["GET"]}}],"collection":[{"href":"https:\/\/veteran.az\/index.php?rest_route=\/wp\/v2\/posts"}],"about":[{"href":"https:\/\/veteran.az\/index.php?rest_route=\/wp\/v2\/types\/post"}],"author":[{"embeddable":true,"href":"https:\/\/veteran.az\/index.php?rest_route=\/wp\/v2\/users\/3"}],"replies":[{"embeddable":true,"href":"https:\/\/veteran.az\/index.php?rest_route=%2Fwp%2Fv2%2Fcomments&post=13422"}],"version-history":[{"count":1,"href":"https:\/\/veteran.az\/index.php?rest_route=\/wp\/v2\/posts\/13422\/revisions"}],"predecessor-version":[{"id":13424,"href":"https:\/\/veteran.az\/index.php?rest_route=\/wp\/v2\/posts\/13422\/revisions\/13424"}],"wp:featuredmedia":[{"embeddable":true,"href":"https:\/\/veteran.az\/index.php?rest_route=\/wp\/v2\/media\/13423"}],"wp:attachment":[{"href":"https:\/\/veteran.az\/index.php?rest_route=%2Fwp%2Fv2%2Fmedia&parent=13422"}],"wp:term":[{"taxonomy":"category","embeddable":true,"href":"https:\/\/veteran.az\/index.php?rest_route=%2Fwp%2Fv2%2Fcategories&post=13422"},{"taxonomy":"post_tag","embeddable":true,"href":"https:\/\/veteran.az\/index.php?rest_route=%2Fwp%2Fv2%2Ftags&post=13422"}],"curies":[{"name":"wp","href":"https:\/\/api.w.org\/{rel}","templated":true}]}}