{"id":13404,"date":"2021-11-23T09:41:38","date_gmt":"2021-11-23T05:41:38","guid":{"rendered":"http:\/\/veteran.az\/?p=13404"},"modified":"2021-11-23T09:41:39","modified_gmt":"2021-11-23T05:41:39","slug":"moskva-el%c9%99-s%c9%99rtl%c9%99r-ir%c9%99li-surur-ki","status":"publish","type":"post","link":"https:\/\/veteran.az\/?p=13404","title":{"rendered":"\u201cMOSKVA EL\u018f \u015e\u018fRTL\u018fR \u0130R\u018fL\u0130 S\u00dcR\u00dcR K\u0130\u2026\u201d"},"content":{"rendered":"\n<p><strong>Dekabr\u0131n 15-d\u0259 Br\u00fcsseld\u0259 ke\u00e7iril\u0259c\u0259k \u015e\u0259rq T\u0259r\u0259fda\u015fl\u0131\u011f\u0131n\u0131n Zirv\u0259 g\u00f6r\u00fc\u015f\u00fc \u00e7\u0259r\u00e7iv\u0259sind\u0259 Az\u0259rbaycan Prezidenti \u0130lham \u018fliyevin Erm\u0259nistan Ba\u015f naziri Nikol Pa\u015finyanla g\u00f6r\u00fc\u015f\u00fc g\u00f6zl\u0259nilir. Az\u0259rbaycan Xarici \u0130\u015fl\u0259r Nazirliyinin verdiyi m\u0259lumata g\u00f6r\u0259, g\u00f6r\u00fc\u015f Avropa Birliyi \u015euras\u0131n\u0131n Prezidenti \u015earl Mi\u015felin t\u0259klifi il\u0259 ba\u015f tutacaq.<\/strong><\/p>\n\n\n\n<p>Oktyabr\u0131n sonlar\u0131nda is\u0259 Kremlin m\u0259tbuat xidm\u0259tinin r\u0259hb\u0259ri Dmitri Peskov noyabr\u0131n \u0259vv\u0259lind\u0259 Az\u0259rbaycan, Rusiya Prezidentl\u0259rinin v\u0259 Erm\u0259nistan Ba\u015f nazirinin i\u015ftirak\u0131 il\u0259 \u00fc\u00e7t\u0259r\u0259fli g\u00f6r\u00fc\u015f\u00fcn ke\u00e7iril\u0259c\u0259yi il\u0259 ba\u011fl\u0131 a\u00e7\u0131qlama vermi\u015fdi. Lakin sonra h\u0259min g\u00f6r\u00fc\u015f ba\u015f tutmam\u0131\u015fd\u0131.<\/p>\n\n\n\n<p>Erm\u0259nistan\u0131n xarici i\u015fl\u0259r naziri Ararat Mirzoyan Fransan\u0131n \u201cLe Figaro\u201d q\u0259zetin\u0259 bildirib ki, indiki vaxtda prioritet m\u0259s\u0259l\u0259 ki\u00e7ik add\u0131mlarla ir\u0259lil\u0259yi\u015f\u0259 nail olmaqd\u0131r. Erm\u0259ni nazirin s\u00f6zl\u0259rin\u0259 g\u00f6r\u0259, indiki m\u0259rh\u0259l\u0259d\u0259 \u0259sirl\u0259rin qaytar\u0131lmas\u0131 v\u0259 Qaraba\u011fda erm\u0259ni m\u0259d\u0259ni irsinin qorunub saxlanmas\u0131 vacibdir: \u201cQaraba\u011f m\u00fcnaqi\u015f\u0259sinin yekun h\u0259lli m\u0259s\u0259l\u0259si g\u00fcnd\u0259md\u0259 qal\u0131r, lakin t\u0259r\u0259fl\u0259r indiki m\u0259rh\u0259l\u0259d\u0259 ki\u00e7ik add\u0131mlarla ir\u0259lil\u0259m\u0259k bar\u0259d\u0259 raz\u0131l\u0131\u011fa g\u0259libl\u0259r\u201d.<\/p>\n\n\n\n<p>Nazir h\u0259m\u00e7inin g\u00f6r\u00fc\u015f\u00fcn t\u0259\u015fkilin\u0259 g\u00f6r\u0259 Fransa t\u0259r\u0259fin\u0259 t\u0259\u015f\u0259kk\u00fcr edib v\u0259 AT\u018fT-in Minsk Qrupu h\u0259ms\u0259drl\u0259rinin himay\u0259si alt\u0131nda dan\u0131\u015f\u0131qlar\u0131n b\u0259rpas\u0131n\u0131n vacibliyini vur\u011fulay\u0131b.<\/p>\n\n\n\n<p>Milli M\u0259clisin M\u00fcdafi\u0259, t\u0259hl\u00fck\u0259sizlik v\u0259 korrupsiya il\u0259 m\u00fcbariz\u0259 Komit\u0259sinin \u00fczv\u00fc El\u015fad Mirb\u0259\u015firo\u011flu \u201cTuran\u201da bildirib ki, Moskva g\u00f6r\u00fc\u015f\u00fc Erm\u0259nistan\u0131n qeyri-konstruktiv yana\u015fmas\u0131 n\u0259tic\u0259sind\u0259 ba\u015f tutmay\u0131b: \u201cErm\u0259nistan dan\u0131\u015f\u0131qlardan yay\u0131nma\u011fa \u00e7al\u0131\u015f\u0131r. Onlar bilir ki, n\u00f6vb\u0259ti m\u0259rh\u0259l\u0259y\u0259 add\u0131m at\u0131lmal\u0131d\u0131r v\u0259 s\u00fclh sazi\u015fi ba\u011flanmal\u0131d\u0131r. Erm\u0259nistan a\u011f\u0131r m\u0259\u011flubiyy\u0259t\u0259 u\u011fram\u0131\u015f t\u0259r\u0259fdir. \u00d6t\u0259n ilin noyabr\u0131n 10-da imzalanm\u0131\u015f b\u0259yanatdan \u0259vv\u0259l he\u00e7 vaxt Az\u0259rbaycan\u0131n \u0259sas hiss\u0259si il\u0259 Nax\u00e7\u0131van aras\u0131nda d\u0259hlizin yarad\u0131lmas\u0131 m\u00fczakir\u0259 predmeti olmay\u0131b. S\u0259n\u0259d imzalanandan sonra Da\u011fl\u0131q Qaraba\u011f\u0131n statusu m\u0259s\u0259l\u0259si aradan qalxm\u0131\u015f oldu. Erm\u0259nistan \u00fc\u00e7\u00fcn bu \u015f\u0259rtl\u0259r olduqca a\u011f\u0131rd\u0131r\u201d.<\/p>\n\n\n\n<p>Deputat\u0131n s\u00f6zl\u0259rin\u0259 g\u00f6r\u0259, Nikol Pa\u015finyan\u0131 hakimiyy\u0259t\u0259 Q\u0259rb siyasi dair\u0259l\u0259ri g\u0259tirib v\u0259 onun qar\u015f\u0131s\u0131nda qoyulmu\u015f \u0259sas h\u0259d\u0259fl\u0259rd\u0259n biri Rusiyan\u0131n prosesl\u0259rd\u0259 h\u0259lledici rolunu m\u0259hdudla\u015fd\u0131rmaqd\u0131r: \u201cT\u0259bii ki, Pa\u015finyan bu istiqam\u0259td\u0259 t\u0259sirli rol oynayacaq g\u00fcc\u0259 malik deyil. Amma yen\u0259 d\u0259 m\u00fc\u0259yy\u0259n m\u0259s\u0259l\u0259l\u0259rl\u0259 ba\u011fl\u0131 \u00f6lk\u0259sinin m\u00f6vqeyini ifad\u0259 ed\u0259 bilir. Bu bax\u0131mdan Br\u00fcsseld\u0259 g\u00f6r\u00fc\u015f\u00fcn ke\u00e7irilm\u0259sin\u0259 Pa\u015finyan raz\u0131l\u0131q verib\u201d.<\/p>\n\n\n\n<p>Deputat qeyd edib ki, noyabr\u0131n 15-16-da Erm\u0259nistan Az\u0259rbaycana qar\u015f\u0131 n\u00f6vb\u0259ti d\u0259f\u0259 geni\u015fmiqyasl\u0131 t\u0259xribatlar t\u00f6r\u0259dib v\u0259 n\u00f6vb\u0259ti d\u0259f\u0259 Az\u0259rbaycan\u0131n s\u0259rt reaksiyas\u0131 il\u0259 rastla\u015f\u0131b: \u201cOnun ard\u0131nca Erm\u0259nistanda Pa\u015finyana qar\u015f\u0131 mitinql\u0259r ba\u015fland\u0131. Bununla da Erm\u0259nistan bir daha g\u00f6rd\u00fc ki, o he\u00e7 bir halda Az\u0259rbaycan\u0131n g\u00fcc m\u00f6vqeyin\u0259 t\u0259sir ed\u0259 bilm\u0259z. Ona g\u00f6r\u0259 d\u0259 g\u00f6r\u00fc\u015f\u00fcn ke\u00e7irilm\u0259sind\u0259n ba\u015fqa yolu qalmad\u0131\u011f\u0131n\u0131 d\u0259rk etdi\u201d.<\/p>\n\n\n\n<p>Onun fikrinc\u0259, Az\u0259rbaycan Br\u00fcsseld\u0259ki g\u00f6r\u00fc\u015fd\u0259 \u00f6z g\u00fccl\u00fc m\u00f6vqeyi il\u0259 \u00e7\u0131x\u0131\u015f ed\u0259c\u0259k: \u201cAz\u0259rbaycan\u0131n ayd\u0131n m\u00f6vqel\u0259ri ortadad\u0131r \u2013 s\u0259rh\u0259dl\u0259r m\u00fc\u0259yy\u0259nl\u0259\u015fdirilm\u0259lidir, Erm\u0259nistan Az\u0259rbaycan\u0131n \u0259razi b\u00fct\u00f6vl\u00fcy\u00fcn\u00fc tan\u0131mal\u0131d\u0131r. Bu g\u00f6r\u00fc\u015fd\u0259n sonra Az\u0259rbaycan\u0131n haql\u0131 m\u00f6vqeyi bir daha d\u00fcnyan\u0131n t\u0259sirli siyasi dair\u0259l\u0259rin\u0259 \u00e7atm\u0131\u015f olacaq. Haz\u0131rda ged\u0259n b\u00fct\u00fcn prosesl\u0259r Az\u0259rbaycan\u0131n xeyrin\u0259dir\u201d.<\/p>\n\n\n\n<p>Siyasi \u015f\u0259rh\u00e7isi \u018fr\u0259stun Oruclu is\u0259 \u201cAzadl\u0131q\u201d radiosuna bildirib ki, Moskvadak\u0131 g\u00f6r\u00fc\u015f\u0259 r\u0259smi Bak\u0131 da h\u0259v\u0259s g\u00f6st\u0259rm\u0259di v\u0259 he\u00e7 bir a\u00e7\u0131qlama verm\u0259di, Erm\u0259nistan is\u0259 \u201cg\u00f6r\u00fc\u015f x\u0259trin\u0259 g\u00f6r\u00fc\u015f\u0259 ehtiyac yoxdur\u201d deyib: \u201cBununla da g\u00f6r\u00fc\u015f ba\u015f tutmad\u0131. Amma eyni zamanda, s\u0259rh\u0259dd\u0259 g\u0259rginlik ya\u015fand\u0131 v\u0259 h\u0259min g\u0259rginlik zaman\u0131 Erm\u0259nistan T\u0259hl\u00fck\u0259sizlik \u015euras\u0131n\u0131n katibi Va\u015finqtona s\u0259f\u0259r etdi. Sonra da Va\u015finqtondan Az\u0259rbaycanla Erm\u0259nistana \u00e7a\u011f\u0131r\u0131\u015f g\u0259ldi. Bunun ard\u0131nca da ikit\u0259r\u0259fli g\u00f6r\u00fc\u015f\u00fcn m\u0259hz Br\u00fcsseld\u0259 olaca\u011f\u0131 elan olundu\u201d.<\/p>\n\n\n\n<p>Ekspertin fikrinc\u0259, bu, Rusiyan\u0131n Az\u0259rbaycan-Erm\u0259nistan m\u00fcnasib\u0259tl\u0259rind\u0259n \u00f6z geosiyasi maraqlar\u0131 \u00fc\u00e7\u00fcn yararlanma\u011fa \u00e7al\u0131\u015fmas\u0131 il\u0259 ba\u011fl\u0131d\u0131r: \u201cG\u00f6r\u00fcn\u00fcr, Moskva el\u0259 \u015f\u0259rtl\u0259r ir\u0259li s\u00fcr\u00fcr ki, onlar n\u0259 Bak\u0131n\u0131, n\u0259 d\u0259 \u0130r\u0259van\u0131 qane edir\u201d.<\/p>\n\n\n\n<p>O hesab edir ki, Moskva yarad\u0131lan v\u0259ziyy\u0259td\u0259n istifad\u0259 ed\u0259r\u0259k b\u00f6lg\u0259y\u0259 \u0259lav\u0259 s\u00fclhm\u0259raml\u0131 q\u00fcvv\u0259l\u0259ri ad\u0131 alt\u0131nda qo\u015funlar yeritm\u0259k ist\u0259yir: \u201cBunu Putinin b\u0259yanat\u0131ndan da a\u00e7\u0131q \u015f\u0259kild\u0259 g\u00f6rm\u0259k olar. \u00c7ox g\u00fcman ki, n\u00f6vb\u0259ti m\u0259rh\u0259l\u0259 kimi bu d\u0259f\u0259 qo\u015funlar\u0131n Erm\u0259nistan-Az\u0259rbaycan s\u0259rh\u0259dind\u0259 v\u0259 Z\u0259ng\u0259zur b\u00f6lg\u0259sin\u0259 yerl\u0259\u015fdilirm\u0259si n\u0259z\u0259rd\u0259 tutulur. Bu variant Erm\u0259nistanla Az\u0259rbaycan\u0131 qane etm\u0259diyind\u0259n onlar Q\u0259rb\u0259 do\u011fru \u00fcz tutub\u201d.<\/p>\n\n\n\n<p>\u018f.Oruclu Moskvan\u0131n bununla hesabla\u015faca\u011f\u0131n\u0131 d\u00fc\u015f\u00fcnm\u00fcr: \u201cEhtimal var ki, Az\u0259rbaycan-Erm\u0259nistan s\u0259rh\u0259dind\u0259 v\u0259 h\u0259tta, ola bilsin ki, Qaraba\u011f\u0131n da\u011fl\u0131q hiss\u0259sind\u0259 t\u0259xribatlar arts\u0131n, h\u0259tta lokal d\u00f6y\u00fc\u015fl\u0259r ba\u015f versin\u201d.<\/p>\n\n\n\n<p>O qeyd edib ki, Br\u00fcsseld\u0259ki g\u00f6r\u00fc\u015fd\u0259 ciddi s\u0259n\u0259din imzalanaca\u011f\u0131n\u0131 d\u00fc\u015f\u00fcnm\u00fcr: \u201cBunun \u00fc\u00e7\u00fcn h\u0259l\u0259 tezdir. Amma m\u00fc\u0259yy\u0259n niyy\u0259t protokolu imzalana bil\u0259r\u201d.<\/p>\n\n\n\n<p>M\u0259nb\u0259: AzPolitika.info<\/p>\n","protected":false},"excerpt":{"rendered":"<p>Dekabr\u0131n 15-d\u0259 Br\u00fcsseld\u0259 ke\u00e7iril\u0259c\u0259k \u015e\u0259rq T\u0259r\u0259fda\u015fl\u0131\u011f\u0131n\u0131n Zirv\u0259 g\u00f6r\u00fc\u015f\u00fc \u00e7\u0259r\u00e7iv\u0259sind\u0259 Az\u0259rbaycan Prezidenti \u0130lham \u018fliyevin Erm\u0259nistan Ba\u015f&#8230;<\/p>\n","protected":false},"author":3,"featured_media":0,"comment_status":"closed","ping_status":"closed","sticky":false,"template":"","format":"standard","meta":{"footnotes":""},"categories":[6],"tags":[],"class_list":["post-13404","post","type-post","status-publish","format-standard","hentry","category-cmiyyt"],"featured_image_urls":{"full":"","thumbnail":"","medium":"","medium_large":"","large":"","1536x1536":"","2048x2048":"","covernews-slider-full":"","covernews-slider-center":"","covernews-featured":"","covernews-medium":"","covernews-medium-square":""},"author_info":{"display_name":"Veteran.az","author_link":"https:\/\/veteran.az\/?author=3"},"category_info":"<a href=\"https:\/\/veteran.az\/?cat=6\" rel=\"category\">C\u0259miyy\u0259t<\/a>","tag_info":"C\u0259miyy\u0259t","comment_count":"0","_links":{"self":[{"href":"https:\/\/veteran.az\/index.php?rest_route=\/wp\/v2\/posts\/13404","targetHints":{"allow":["GET"]}}],"collection":[{"href":"https:\/\/veteran.az\/index.php?rest_route=\/wp\/v2\/posts"}],"about":[{"href":"https:\/\/veteran.az\/index.php?rest_route=\/wp\/v2\/types\/post"}],"author":[{"embeddable":true,"href":"https:\/\/veteran.az\/index.php?rest_route=\/wp\/v2\/users\/3"}],"replies":[{"embeddable":true,"href":"https:\/\/veteran.az\/index.php?rest_route=%2Fwp%2Fv2%2Fcomments&post=13404"}],"version-history":[{"count":1,"href":"https:\/\/veteran.az\/index.php?rest_route=\/wp\/v2\/posts\/13404\/revisions"}],"predecessor-version":[{"id":13406,"href":"https:\/\/veteran.az\/index.php?rest_route=\/wp\/v2\/posts\/13404\/revisions\/13406"}],"wp:attachment":[{"href":"https:\/\/veteran.az\/index.php?rest_route=%2Fwp%2Fv2%2Fmedia&parent=13404"}],"wp:term":[{"taxonomy":"category","embeddable":true,"href":"https:\/\/veteran.az\/index.php?rest_route=%2Fwp%2Fv2%2Fcategories&post=13404"},{"taxonomy":"post_tag","embeddable":true,"href":"https:\/\/veteran.az\/index.php?rest_route=%2Fwp%2Fv2%2Ftags&post=13404"}],"curies":[{"name":"wp","href":"https:\/\/api.w.org\/{rel}","templated":true}]}}