{"id":13310,"date":"2021-11-18T02:06:56","date_gmt":"2021-11-17T22:06:56","guid":{"rendered":"http:\/\/veteran.az\/?p=13310"},"modified":"2021-11-18T02:06:57","modified_gmt":"2021-11-17T22:06:57","slug":"19-yasli-s%c9%99hidimiz-d%c9%99fn-olundu","status":"publish","type":"post","link":"https:\/\/veteran.az\/?p=13310","title":{"rendered":"19 ya\u015fl\u0131 \u015f\u0259hidimiz d\u0259fn olundu"},"content":{"rendered":"\n<p><strong>Noyabr\u0131n 16-da d\u00f6vl\u0259t s\u0259rh\u0259dind\u0259 Erm\u0259nistan\u0131n t\u0259xribatlar\u0131 n\u0259tic\u0259sind\u0259 ba\u015f ver\u0259n d\u00f6y\u00fc\u015f \u0259m\u0259liyyatlar\u0131 zaman\u0131 \u015f\u0259hid olan Az\u0259rbaycan Ordusunun \u0259sg\u0259ri \u018fliyev El\u00e7in Ramil o\u011flunun n\u0259\u015fi \u015eirvan \u015e\u0259hidl\u0259r Xiyaban\u0131nda torpa\u011fa tap\u015f\u0131r\u0131l\u0131b.<\/strong><\/p>\n\n\n\n<figure class=\"wp-block-image size-large\"><img decoding=\"async\" src=\"http:\/\/veteran.az\/wp-content\/uploads\/2021\/11\/defn1_21637171577.jpg\" alt=\"\" class=\"wp-image-13311\"\/><\/figure>\n\n\n\n<p>Veteran.az &#171;Report&#187;a istinad\u0259n\u00a0x\u0259b\u0259r\u00a0verir ki, d\u0259fn m\u0259rasimind\u0259 \u015f\u0259hidin do\u011fmalar\u0131 il\u0259 yana\u015f\u0131, onun silahda\u015flar\u0131, \u015e\u0259h\u0259r \u0130cra Hakimiyy\u0259tinin n\u00fcmay\u0259nd\u0259l\u0259ri, h\u00fcquq-m\u00fchafiz\u0259 orqanlar\u0131 \u0259m\u0259kda\u015flar\u0131 v\u0259 ictimaiyy\u0259tin n\u00fcmay\u0259nd\u0259l\u0259ri i\u015ftirak edibl\u0259r.<\/p>\n\n\n\n<p>Qeyd ed\u0259k ki, El\u00e7in \u018fliyev 2002-ci ild\u0259 \u015eirvan \u015f\u0259h\u0259rind\u0259 anadan olub.<\/p>\n\n\n\n<p><strong>Allah r\u0259hm\u0259t el\u0259sin!<\/strong><\/p>\n\n\n\n<figure class=\"wp-block-image size-large\"><img decoding=\"async\" src=\"http:\/\/veteran.az\/wp-content\/uploads\/2021\/11\/h1_91637171660.jpg\" alt=\"\" class=\"wp-image-13313\"\/><\/figure>\n","protected":false},"excerpt":{"rendered":"<p>Noyabr\u0131n 16-da d\u00f6vl\u0259t s\u0259rh\u0259dind\u0259 Erm\u0259nistan\u0131n t\u0259xribatlar\u0131 n\u0259tic\u0259sind\u0259 ba\u015f ver\u0259n d\u00f6y\u00fc\u015f \u0259m\u0259liyyatlar\u0131 zaman\u0131 \u015f\u0259hid olan Az\u0259rbaycan&#8230;<\/p>\n","protected":false},"author":3,"featured_media":0,"comment_status":"closed","ping_status":"closed","sticky":false,"template":"","format":"standard","meta":{"footnotes":""},"categories":[6],"tags":[],"class_list":["post-13310","post","type-post","status-publish","format-standard","hentry","category-cmiyyt"],"featured_image_urls":{"full":"","thumbnail":"","medium":"","medium_large":"","large":"","1536x1536":"","2048x2048":"","covernews-slider-full":"","covernews-slider-center":"","covernews-featured":"","covernews-medium":"","covernews-medium-square":""},"author_info":{"display_name":"Veteran.az","author_link":"https:\/\/veteran.az\/?author=3"},"category_info":"<a href=\"https:\/\/veteran.az\/?cat=6\" rel=\"category\">C\u0259miyy\u0259t<\/a>","tag_info":"C\u0259miyy\u0259t","comment_count":"0","_links":{"self":[{"href":"https:\/\/veteran.az\/index.php?rest_route=\/wp\/v2\/posts\/13310","targetHints":{"allow":["GET"]}}],"collection":[{"href":"https:\/\/veteran.az\/index.php?rest_route=\/wp\/v2\/posts"}],"about":[{"href":"https:\/\/veteran.az\/index.php?rest_route=\/wp\/v2\/types\/post"}],"author":[{"embeddable":true,"href":"https:\/\/veteran.az\/index.php?rest_route=\/wp\/v2\/users\/3"}],"replies":[{"embeddable":true,"href":"https:\/\/veteran.az\/index.php?rest_route=%2Fwp%2Fv2%2Fcomments&post=13310"}],"version-history":[{"count":1,"href":"https:\/\/veteran.az\/index.php?rest_route=\/wp\/v2\/posts\/13310\/revisions"}],"predecessor-version":[{"id":13315,"href":"https:\/\/veteran.az\/index.php?rest_route=\/wp\/v2\/posts\/13310\/revisions\/13315"}],"wp:attachment":[{"href":"https:\/\/veteran.az\/index.php?rest_route=%2Fwp%2Fv2%2Fmedia&parent=13310"}],"wp:term":[{"taxonomy":"category","embeddable":true,"href":"https:\/\/veteran.az\/index.php?rest_route=%2Fwp%2Fv2%2Fcategories&post=13310"},{"taxonomy":"post_tag","embeddable":true,"href":"https:\/\/veteran.az\/index.php?rest_route=%2Fwp%2Fv2%2Ftags&post=13310"}],"curies":[{"name":"wp","href":"https:\/\/api.w.org\/{rel}","templated":true}]}}