{"id":13285,"date":"2021-11-16T15:37:04","date_gmt":"2021-11-16T11:37:04","guid":{"rendered":"http:\/\/veteran.az\/?p=13285"},"modified":"2021-11-16T15:37:05","modified_gmt":"2021-11-16T11:37:05","slug":"turk-dunyasinin-ali-ordeni-il%c9%99-mukafatlandirilan-lider","status":"publish","type":"post","link":"https:\/\/veteran.az\/?p=13285","title":{"rendered":"T\u00fcrk D\u00fcnyas\u0131n\u0131n Ali ordeni il\u0259 m\u00fckafatland\u0131r\u0131lan lider"},"content":{"rendered":"\n<p><strong>M\u00f6ht\u0259r\u0259m c\u0259nab Prezident, Az\u0259rbaycan v\u0259 T\u00fcrkiy\u0259nin birliyi\u00a0 t\u0259kc\u0259 regionda yox, d\u00fcnyada da \u00e7ox ciddi n\u0259tic\u0259l\u0259ri olan reall\u0131qlar\u00a0 yaratmaqdad\u0131r. H\u0259r iki d\u00f6vl\u0259tin liderinin ayr\u0131-ayr\u0131l\u0131qda v\u0259 birlikd\u0259 f\u0259aliyy\u0259ti, T\u00fcrk D\u00fcnyas\u0131n\u0131n inteqrasiyas\u0131na \u0259v\u0259zsiz t\u00f6hf\u0259l\u0259r verir.<\/strong><\/p>\n\n\n\n<p>T\u00fcrkiy\u0259nin m\u0259n\u0259vi v\u0259 diplomatik d\u0259st\u0259yi il\u0259 2020-ci ild\u0259 II Qaraba\u011f m\u00fcharib\u0259sind\u0259 tarixi z\u0259f\u0259r \u0259ld\u0259 olundu, Az\u0259rbaycan\u0131n torpaqlar\u0131 i\u015f\u011faldan azad edildi v\u0259 yeni geosiyasi reall\u0131qlar yarand\u0131.<\/p>\n\n\n\n<p>M\u00f6ht\u0259r\u0259m c\u0259nab Prezident, m\u0259hz Sizin \u0259v\u0259zolunmaz s\u0259yiniz n\u0259tic\u0259sind\u0259 Z\u0259ng\u0259zur d\u0259hlizi, bu d\u0259hliz vasit\u0259sil\u0259 T\u00fcrk D\u00fcnyas\u0131n\u0131n \u0259laq\u0259l\u0259rinin geni\u015fl\u0259ndirilm\u0259si, Qaraba\u011f\u0131n statusunun m\u00fczakir\u0259l\u0259rd\u0259n \u00e7\u0131xar\u0131lmas\u0131, T\u00fcrkiy\u0259nin regionda, x\u00fcsus\u0259n d\u0259 Qaraba\u011fda h\u0259rbi m\u00f6vcudlu\u011fu reall\u0131\u011fa \u00e7evrilir.<\/p>\n\n\n\n<p>Az\u0259rbaycan\u0131n T\u00fcrk D\u00f6vl\u0259tl\u0259rinin \u018fm\u0259kda\u015fl\u0131q \u015euras\u0131na s\u0259drliyi d\u00f6vr\u00fcnd\u0259 g\u00f6rd\u00fcy\u00fc i\u015fl\u0259r, g\u00f6st\u0259rdiyi t\u0259\u015f\u0259bb\u00fcsl\u0259r, birlik v\u0259 b\u0259rab\u0259rlik, inteqrasiya \u00fc\u00e7\u00fcn apar\u0131lan \u00e7al\u0131\u015fmalar, koronavirus pandemiyas\u0131na qar\u015f\u0131 m\u00fcbariz\u0259d\u0259 f\u0259aliyy\u0259t alq\u0131\u015fa layiqdir. B\u00fct\u00fcn bunlar Prezident, M\u00fcz\u0259ff\u0259r Ali Ba\u015f komandan olaraq Sizin uzaqg\u00f6r\u0259n d\u00f6vl\u0259t ba\u015f\u00e7\u0131s\u0131 v\u0259 dahi siyasi lider kimi f\u0259aliyy\u0259tinizin inkarolunmaz n\u0259tic\u0259l\u0259ridir.<\/p>\n\n\n\n<p>T\u00fcrk D\u00f6vl\u0259tl\u0259rinin \u018fm\u0259kda\u015fl\u0131q \u015euras\u0131n\u0131n 12 noyabr 2021-ci ild\u0259 \u0130stanbulda ke\u00e7iril\u0259n toplant\u0131s\u0131nda Sizin T\u00fcrk D\u00fcnyas\u0131n\u0131n Ali ordeni il\u0259 m\u00fckafatland\u0131r\u0131lman\u0131z T\u00fcrk D\u00f6vl\u0259tl\u0259rinin birliyin\u0259 verdiyiniz t\u00f6hf\u0259nin liderl\u0259r t\u0259r\u0259find\u0259n t\u0259sdiqidir. Bu orden Prezident&nbsp; \u0130lham \u018fliyevin \u015f\u0259xsind\u0259 V\u0259t\u0259n m\u00fcharib\u0259sind\u0259 q\u0259hr\u0259manl\u0131q g\u00f6st\u0259rmi\u015f, liderinin \u0259traf\u0131nda birl\u0259\u015fmi\u015f Az\u0259rbaycan xalq\u0131na veril\u0259n d\u0259y\u0259rin t\u0259zah\u00fcr\u00fcd\u00fcr.<\/p>\n\n\n\n<p>M\u00f6ht\u0259r\u0259m c\u0259nab Prezident, T\u00fcrk d\u00fcnyas\u0131n\u0131n birliyi \u00fc\u00e7\u00fcn yorulmadan \u00e7al\u0131\u015fd\u0131\u011f\u0131n\u0131z \u00fc\u00e7\u00fcn Siz\u0259 minn\u0259tdarl\u0131\u011f\u0131m\u0131z\u0131 bildirir v\u0259 ali m\u00fckafata layiq g\u00f6r\u00fclm\u0259yiniz m\u00fcnasib\u0259til\u0259 Sizi \u00fcr\u0259kd\u0259n t\u0259brik edirik.<\/p>\n\n\n\n<p><strong>\u201cQarda\u015fl\u0131\u011f\u0131m\u0131z \u018fb\u0259didir\u201d QHT koalisiyas\u0131<\/strong><\/p>\n","protected":false},"excerpt":{"rendered":"<p>M\u00f6ht\u0259r\u0259m c\u0259nab Prezident, Az\u0259rbaycan v\u0259 T\u00fcrkiy\u0259nin birliyi\u00a0 t\u0259kc\u0259 regionda yox, d\u00fcnyada da \u00e7ox ciddi n\u0259tic\u0259l\u0259ri&#8230;<\/p>\n","protected":false},"author":3,"featured_media":13286,"comment_status":"closed","ping_status":"closed","sticky":false,"template":"","format":"standard","meta":{"footnotes":""},"categories":[6],"tags":[],"class_list":["post-13285","post","type-post","status-publish","format-standard","has-post-thumbnail","hentry","category-cmiyyt"],"featured_image_urls":{"full":["https:\/\/veteran.az\/wp-content\/uploads\/2021\/11\/medal-899x560-1.jpg",899,560,false],"thumbnail":["https:\/\/veteran.az\/wp-content\/uploads\/2021\/11\/medal-899x560-1-150x150.jpg",150,150,true],"medium":["https:\/\/veteran.az\/wp-content\/uploads\/2021\/11\/medal-899x560-1-300x187.jpg",300,187,true],"medium_large":["https:\/\/veteran.az\/wp-content\/uploads\/2021\/11\/medal-899x560-1-768x478.jpg",640,398,true],"large":["https:\/\/veteran.az\/wp-content\/uploads\/2021\/11\/medal-899x560-1.jpg",640,399,false],"1536x1536":["https:\/\/veteran.az\/wp-content\/uploads\/2021\/11\/medal-899x560-1.jpg",899,560,false],"2048x2048":["https:\/\/veteran.az\/wp-content\/uploads\/2021\/11\/medal-899x560-1.jpg",899,560,false],"covernews-slider-full":["https:\/\/veteran.az\/wp-content\/uploads\/2021\/11\/medal-899x560-1.jpg",899,560,false],"covernews-slider-center":["https:\/\/veteran.az\/wp-content\/uploads\/2021\/11\/medal-899x560-1.jpg",800,498,false],"covernews-featured":["https:\/\/veteran.az\/wp-content\/uploads\/2021\/11\/medal-899x560-1.jpg",899,560,false],"covernews-medium":["https:\/\/veteran.az\/wp-content\/uploads\/2021\/11\/medal-899x560-1-720x380.jpg",540,285,true],"covernews-medium-square":["https:\/\/veteran.az\/wp-content\/uploads\/2021\/11\/medal-899x560-1-675x450.jpg",375,250,true]},"author_info":{"display_name":"Veteran.az","author_link":"https:\/\/veteran.az\/?author=3"},"category_info":"<a href=\"https:\/\/veteran.az\/?cat=6\" rel=\"category\">C\u0259miyy\u0259t<\/a>","tag_info":"C\u0259miyy\u0259t","comment_count":"0","_links":{"self":[{"href":"https:\/\/veteran.az\/index.php?rest_route=\/wp\/v2\/posts\/13285","targetHints":{"allow":["GET"]}}],"collection":[{"href":"https:\/\/veteran.az\/index.php?rest_route=\/wp\/v2\/posts"}],"about":[{"href":"https:\/\/veteran.az\/index.php?rest_route=\/wp\/v2\/types\/post"}],"author":[{"embeddable":true,"href":"https:\/\/veteran.az\/index.php?rest_route=\/wp\/v2\/users\/3"}],"replies":[{"embeddable":true,"href":"https:\/\/veteran.az\/index.php?rest_route=%2Fwp%2Fv2%2Fcomments&post=13285"}],"version-history":[{"count":1,"href":"https:\/\/veteran.az\/index.php?rest_route=\/wp\/v2\/posts\/13285\/revisions"}],"predecessor-version":[{"id":13287,"href":"https:\/\/veteran.az\/index.php?rest_route=\/wp\/v2\/posts\/13285\/revisions\/13287"}],"wp:featuredmedia":[{"embeddable":true,"href":"https:\/\/veteran.az\/index.php?rest_route=\/wp\/v2\/media\/13286"}],"wp:attachment":[{"href":"https:\/\/veteran.az\/index.php?rest_route=%2Fwp%2Fv2%2Fmedia&parent=13285"}],"wp:term":[{"taxonomy":"category","embeddable":true,"href":"https:\/\/veteran.az\/index.php?rest_route=%2Fwp%2Fv2%2Fcategories&post=13285"},{"taxonomy":"post_tag","embeddable":true,"href":"https:\/\/veteran.az\/index.php?rest_route=%2Fwp%2Fv2%2Ftags&post=13285"}],"curies":[{"name":"wp","href":"https:\/\/api.w.org\/{rel}","templated":true}]}}