{"id":13253,"date":"2021-11-15T00:29:15","date_gmt":"2021-11-14T20:29:15","guid":{"rendered":"http:\/\/veteran.az\/?p=13253"},"modified":"2021-11-15T00:29:16","modified_gmt":"2021-11-14T20:29:16","slug":"moskvada-yasayirdi-muharib%c9%99ni-esid%c9%99n-kimi-konullu-qatilib-s%c9%99hid-oldu","status":"publish","type":"post","link":"https:\/\/veteran.az\/?p=13253","title":{"rendered":"Moskvada ya\u015fay\u0131rd\u0131, m\u00fcharib\u0259ni e\u015fid\u0259n kimi k\u00f6n\u00fcll\u00fc qat\u0131l\u0131b \u015f\u0259hid oldu&#8230;"},"content":{"rendered":"\n<p>Bu g\u00fcn V\u0259t\u0259n m\u00fcharib\u0259si i\u015ftirak\u00e7\u0131s\u0131 \u015f\u0259hid Turxan Allahverdiyevin \u015f\u0259had\u0259t\u0259 qovu\u015fmas\u0131n\u0131n ild\u00f6n\u00fcm\u00fcd\u00fcr. G\u0259d\u0259b\u0259yin \u0130n\u0259kbo\u011fan k\u0259ndind\u0259 anadan olan 1996-c\u0131 il t\u0259v\u0259ll\u00fcdl\u00fc \u015f\u0259hidimiz oktyabr\u0131n 25-d\u0259n d\u00f6y\u00fc\u015fl\u0259rd\u0259 k\u00f6n\u00fcll\u00fc olaraq i\u015ftirak edib. O, Rusiyan\u0131n paytaxt\u0131 Moskva \u015f\u0259h\u0259rin\u0259 i\u015fl\u0259m\u0259y\u0259 gets\u0259 d\u0259, m\u00fcharib\u0259nin ba\u015flad\u0131\u011f\u0131n\u0131 e\u015fid\u0259n g\u00fcnd\u0259n etibar\u0259n V\u0259t\u0259n\u0259 qay\u0131tmaq ist\u0259yib. Ail\u0259 \u00fczvl\u0259rinin israr\u0131na r\u0259\u011fm\u0259n, ya\u015fad\u0131\u011f\u0131 \u015f\u0259h\u0259rd\u0259 i\u015fl\u0259diyi bazarda i\u015fini yar\u0131m\u00e7\u0131q qoyaraq 30 ildir d\u00fc\u015fm\u0259nd\u0259n azad edilm\u0259si g\u00f6zl\u0259nil\u0259n torpaqlarda d\u00f6y\u00fc\u015fm\u0259k ist\u0259yib.&nbsp;<\/p>\n\n\n\n<p>O, ilk olaraq Hadrut q\u0259s\u0259b\u0259sinin azad olunmas\u0131 u\u011frunda d\u00f6y\u00fc\u015fl\u0259r\u0259 qat\u0131l\u0131b. Noyabr\u0131n 7-d\u0259 \u015eu\u015fada \u015f\u0259hid olan T. Allahverdiyev noyabr\u0131n 12-d\u0259 do\u011fuldu\u011fu k\u0259ndd\u0259 torpa\u011fa tap\u015f\u0131r\u0131l\u0131b.&nbsp;<\/p>\n\n\n\n<p><a href=\"https:\/\/ednews.net\/az\">EDNews.net<\/a>&nbsp;x\u0259b\u0259r verir ki, o\u011flu bar\u0259d\u0259 xatir\u0259l\u0259rini \u201cQafqazinfo\u201dya dan\u0131\u015fan \u015f\u0259hidin atas\u0131 R\u0259sul Allahverdiyev bildirib ki, sonuncu d\u0259f\u0259 onunla noyabr\u0131n 4-d\u0259 dan\u0131\u015fa bilib:&nbsp;\u201cHadrutda yaral\u0131 komandirini erm\u0259nil\u0259rd\u0259n \u0259l\u0259 ke\u00e7irdiyi ma\u015f\u0131nla m\u00fchasir\u0259d\u0259n \u00e7\u0131xar\u0131b. Komandiri a\u011f\u0131r yaral\u0131 olub, indi biz bilmirik ki, h\u0259min komandir sa\u011fd\u0131r ya yox. Hadrutda komandirl\u0259ri deyib ki, \u015eu\u015fada x\u00fcsusi t\u0259yinatl\u0131lara k\u00f6m\u0259k etm\u0259k \u00fc\u00e7\u00fcn getm\u0259k laz\u0131md\u0131r. Turxan da iki d\u00f6y\u00fc\u015f yolda\u015f\u0131 il\u0259 birg\u0259 ged\u0259c\u0259yini deyib. O, \u015eu\u015fada snayper g\u00fcll\u0259sind\u0259n \u015f\u0259hid olub. Telefonu da \u015f\u0259hid olark\u0259n \u00fcr\u0259yinin \u00fcst\u00fcnd\u0259 olub. Komandirl\u0259rinin tap\u015f\u0131r\u0131\u011f\u0131 il\u0259 telefonu biz\u0259 verildi. \u015e\u00fc\u015f\u0259si s\u0131nm\u0131\u015fd\u0131\u201d.&nbsp;<\/p>\n\n\n\n<p>Son bir ilin ail\u0259 \u00fc\u00e7\u00fcn \u00e7ox a\u011f\u0131r ke\u00e7diyini dil\u0259 g\u0259tir\u0259n ata o\u011flu haqda dan\u0131\u015fark\u0259n g\u00f6z ya\u015flar\u0131na hakim ola bilmir:&nbsp;\u201cQ\u0131z\u0131m ni\u015fanl\u0131 idi. Bel\u0259 planla\u015fd\u0131rm\u0131\u015fd\u0131q ki, onun toyunu Turxanla b\u0259rab\u0259r ed\u0259k. Ancaq qism\u0259t olmad\u0131. Moskvada dayanmadan dedi ki, g\u0259lib m\u00fcharib\u0259y\u0259 qat\u0131lmaq ist\u0259yir. Saxlaya bilm\u0259dim, i\u015fini qoyub qay\u0131td\u0131. Dig\u0259r o\u011flum da m\u00fcharib\u0259d\u0259 k\u00f6n\u00fcll\u00fc i\u015ftirak edib. O, haz\u0131rda h\u0259rbid\u0259 xidm\u0259tini davam etdirir\u201d.&nbsp;&nbsp;<\/p>\n\n\n\n<p>Qeyd ed\u0259k ki, T. Allahverdiyev \u201cV\u0259t\u0259n u\u011frunda\u201d, \u201cH\u0259rbi xidm\u0259t\u0259 g\u00f6r\u0259\u201d, \u201c\u015eu\u015fan\u0131n azad olunmas\u0131na g\u00f6r\u0259\u201d medallar\u0131 il\u0259 t\u0259ltif edilib. Bu g\u00fcn h\u0259m d\u0259 anadan oldu\u011fu k\u0259ndd\u0259 \u015f\u0259hidin ad\u0131na xatir\u0259 bula\u011f\u0131n\u0131n a\u00e7\u0131l\u0131\u015f m\u0259rasimi ke\u00e7irilib.\u00a0\u00a0<\/p>\n\n\n\n<figure class=\"wp-block-image size-large\"><img loading=\"lazy\" decoding=\"async\" width=\"765\" height=\"1024\" src=\"http:\/\/veteran.az\/wp-content\/uploads\/2021\/11\/tur-765x1024.jpg\" alt=\"\" class=\"wp-image-13257\" srcset=\"https:\/\/veteran.az\/wp-content\/uploads\/2021\/11\/tur-765x1024.jpg 765w, https:\/\/veteran.az\/wp-content\/uploads\/2021\/11\/tur-224x300.jpg 224w, https:\/\/veteran.az\/wp-content\/uploads\/2021\/11\/tur-768x1028.jpg 768w, https:\/\/veteran.az\/wp-content\/uploads\/2021\/11\/tur.jpg 956w\" sizes=\"auto, (max-width: 765px) 100vw, 765px\" \/><\/figure>\n\n\n\n<figure class=\"wp-block-gallery columns-3 is-cropped wp-block-gallery-1 is-layout-flex wp-block-gallery-is-layout-flex\"><ul class=\"blocks-gallery-grid\"><li class=\"blocks-gallery-item\"><figure><img loading=\"lazy\" decoding=\"async\" width=\"576\" height=\"1024\" src=\"http:\/\/veteran.az\/wp-content\/uploads\/2021\/11\/turxan_3-576x1024.jpg\" alt=\"\" data-id=\"13254\" data-link=\"http:\/\/veteran.az\/?attachment_id=13254\" class=\"wp-image-13254\" srcset=\"https:\/\/veteran.az\/wp-content\/uploads\/2021\/11\/turxan_3-576x1024.jpg 576w, https:\/\/veteran.az\/wp-content\/uploads\/2021\/11\/turxan_3-169x300.jpg 169w, https:\/\/veteran.az\/wp-content\/uploads\/2021\/11\/turxan_3.jpg 581w\" sizes=\"auto, (max-width: 576px) 100vw, 576px\" \/><\/figure><\/li><li class=\"blocks-gallery-item\"><figure><img loading=\"lazy\" decoding=\"async\" width=\"576\" height=\"1024\" src=\"http:\/\/veteran.az\/wp-content\/uploads\/2021\/11\/turxan_4-576x1024.jpg\" alt=\"\" data-id=\"13255\" data-link=\"http:\/\/veteran.az\/?attachment_id=13255\" class=\"wp-image-13255\" srcset=\"https:\/\/veteran.az\/wp-content\/uploads\/2021\/11\/turxan_4-576x1024.jpg 576w, https:\/\/veteran.az\/wp-content\/uploads\/2021\/11\/turxan_4-169x300.jpg 169w, https:\/\/veteran.az\/wp-content\/uploads\/2021\/11\/turxan_4.jpg 720w\" sizes=\"auto, (max-width: 576px) 100vw, 576px\" \/><\/figure><\/li><li class=\"blocks-gallery-item\"><figure><img loading=\"lazy\" decoding=\"async\" width=\"484\" height=\"1024\" src=\"http:\/\/veteran.az\/wp-content\/uploads\/2021\/11\/turxan6-484x1024.jpg\" alt=\"\" data-id=\"13256\" data-full-url=\"http:\/\/veteran.az\/wp-content\/uploads\/2021\/11\/turxan6.jpg\" data-link=\"http:\/\/veteran.az\/?attachment_id=13256\" class=\"wp-image-13256\" srcset=\"https:\/\/veteran.az\/wp-content\/uploads\/2021\/11\/turxan6-484x1024.jpg 484w, https:\/\/veteran.az\/wp-content\/uploads\/2021\/11\/turxan6-142x300.jpg 142w, https:\/\/veteran.az\/wp-content\/uploads\/2021\/11\/turxan6.jpg 492w\" sizes=\"auto, (max-width: 484px) 100vw, 484px\" \/><\/figure><\/li><\/ul><\/figure>\n","protected":false},"excerpt":{"rendered":"<p>Bu g\u00fcn V\u0259t\u0259n m\u00fcharib\u0259si i\u015ftirak\u00e7\u0131s\u0131 \u015f\u0259hid Turxan Allahverdiyevin \u015f\u0259had\u0259t\u0259 qovu\u015fmas\u0131n\u0131n ild\u00f6n\u00fcm\u00fcd\u00fcr. G\u0259d\u0259b\u0259yin \u0130n\u0259kbo\u011fan k\u0259ndind\u0259 anadan&#8230;<\/p>\n","protected":false},"author":3,"featured_media":13258,"comment_status":"closed","ping_status":"closed","sticky":false,"template":"","format":"standard","meta":{"footnotes":""},"categories":[6],"tags":[],"class_list":["post-13253","post","type-post","status-publish","format-standard","has-post-thumbnail","hentry","category-cmiyyt"],"featured_image_urls":{"full":["https:\/\/veteran.az\/wp-content\/uploads\/2021\/11\/photo_487957.jpg",637,400,false],"thumbnail":["https:\/\/veteran.az\/wp-content\/uploads\/2021\/11\/photo_487957-150x150.jpg",150,150,true],"medium":["https:\/\/veteran.az\/wp-content\/uploads\/2021\/11\/photo_487957-300x188.jpg",300,188,true],"medium_large":["https:\/\/veteran.az\/wp-content\/uploads\/2021\/11\/photo_487957.jpg",637,400,false],"large":["https:\/\/veteran.az\/wp-content\/uploads\/2021\/11\/photo_487957.jpg",637,400,false],"1536x1536":["https:\/\/veteran.az\/wp-content\/uploads\/2021\/11\/photo_487957.jpg",637,400,false],"2048x2048":["https:\/\/veteran.az\/wp-content\/uploads\/2021\/11\/photo_487957.jpg",637,400,false],"covernews-slider-full":["https:\/\/veteran.az\/wp-content\/uploads\/2021\/11\/photo_487957.jpg",637,400,false],"covernews-slider-center":["https:\/\/veteran.az\/wp-content\/uploads\/2021\/11\/photo_487957.jpg",637,400,false],"covernews-featured":["https:\/\/veteran.az\/wp-content\/uploads\/2021\/11\/photo_487957.jpg",637,400,false],"covernews-medium":["https:\/\/veteran.az\/wp-content\/uploads\/2021\/11\/photo_487957-637x380.jpg",540,322,true],"covernews-medium-square":["https:\/\/veteran.az\/wp-content\/uploads\/2021\/11\/photo_487957.jpg",398,250,false]},"author_info":{"display_name":"Veteran.az","author_link":"https:\/\/veteran.az\/?author=3"},"category_info":"<a href=\"https:\/\/veteran.az\/?cat=6\" rel=\"category\">C\u0259miyy\u0259t<\/a>","tag_info":"C\u0259miyy\u0259t","comment_count":"0","_links":{"self":[{"href":"https:\/\/veteran.az\/index.php?rest_route=\/wp\/v2\/posts\/13253","targetHints":{"allow":["GET"]}}],"collection":[{"href":"https:\/\/veteran.az\/index.php?rest_route=\/wp\/v2\/posts"}],"about":[{"href":"https:\/\/veteran.az\/index.php?rest_route=\/wp\/v2\/types\/post"}],"author":[{"embeddable":true,"href":"https:\/\/veteran.az\/index.php?rest_route=\/wp\/v2\/users\/3"}],"replies":[{"embeddable":true,"href":"https:\/\/veteran.az\/index.php?rest_route=%2Fwp%2Fv2%2Fcomments&post=13253"}],"version-history":[{"count":1,"href":"https:\/\/veteran.az\/index.php?rest_route=\/wp\/v2\/posts\/13253\/revisions"}],"predecessor-version":[{"id":13259,"href":"https:\/\/veteran.az\/index.php?rest_route=\/wp\/v2\/posts\/13253\/revisions\/13259"}],"wp:featuredmedia":[{"embeddable":true,"href":"https:\/\/veteran.az\/index.php?rest_route=\/wp\/v2\/media\/13258"}],"wp:attachment":[{"href":"https:\/\/veteran.az\/index.php?rest_route=%2Fwp%2Fv2%2Fmedia&parent=13253"}],"wp:term":[{"taxonomy":"category","embeddable":true,"href":"https:\/\/veteran.az\/index.php?rest_route=%2Fwp%2Fv2%2Fcategories&post=13253"},{"taxonomy":"post_tag","embeddable":true,"href":"https:\/\/veteran.az\/index.php?rest_route=%2Fwp%2Fv2%2Ftags&post=13253"}],"curies":[{"name":"wp","href":"https:\/\/api.w.org\/{rel}","templated":true}]}}