{"id":13184,"date":"2021-11-11T13:34:40","date_gmt":"2021-11-11T09:34:40","guid":{"rendered":"http:\/\/veteran.az\/?p=13184"},"modified":"2021-11-11T13:34:41","modified_gmt":"2021-11-11T09:34:41","slug":"nikol-pasinyandan-sok-aciqlamadun%c9%99n-az%c9%99rbaycandan-bildiris-g%c9%99ldi-ki","status":"publish","type":"post","link":"https:\/\/veteran.az\/?p=13184","title":{"rendered":"Nikol Pa\u015finyandan \u015eOK A\u00c7IQLAMA:\u201cD\u00fcn\u0259n Az\u0259rbaycandan  bildiri\u015f g\u0259ldi ki\u2026\u201d"},"content":{"rendered":"\n<p><strong>Bu gec\u0259d\u0259n f\u0259aliyy\u0259t\u0259 ba\u015flayan Az\u0259rbaycan ke\u00e7id m\u0259nt\u0259q\u0259si Erm\u0259nistan Respublikas\u0131n\u0131n \u0259razisind\u0259 deyil, Eyvazl\u0131 hiss\u0259sind\u0259dir.<\/strong><\/p>\n\n\n\n<p>Alp.az x\u0259b\u0259r verir ki, Erm\u0259nistan Ba\u015f naziri Nikol Pa\u015finyan bunu bu s\u0259h\u0259r h\u00f6kum\u0259tin iclas\u0131 zaman\u0131 deyib.<\/p>\n\n\n\n<p>\u201cD\u00fcn\u0259n Az\u0259rbaycandan qeyri-r\u0259smi bildiri\u015f g\u0259ldi ki, noyabr\u0131n 11-d\u0259, gec\u0259 yar\u0131s\u0131ndan etibar\u0259n Erm\u0259nistan v\u0259t\u0259nda\u015flar\u0131 v\u0259 y\u00fckl\u0259ri \u00fcz\u0259rind\u0259 g\u00f6mr\u00fck-pasport n\u0259zar\u0259ti h\u0259yata ke\u00e7ir\u0259c\u0259kl\u0259r\u201d, \u2013 dey\u0259 o bildirib.<\/p>\n\n\n\n<p>Nikol Pa\u015finyan\u0131n s\u00f6zl\u0259rin\u0259 g\u00f6r\u0259, h\u0259min yolda h\u0259r hans\u0131 m\u00fcmk\u00fcn s\u0259rh\u0259d n\u0259zar\u0259tinin qar\u015f\u0131s\u0131n\u0131 almaq m\u00fcmk\u00fcn idi: \u201cLakin bunun qiym\u0259ti d\u0259hliz m\u0259ntiqi olard\u0131 ki, bu da bizim \u00fc\u00e7\u00fcn q\u0259buledilm\u0259z idi\u201d.<\/p>\n\n\n\n<p>\u201cErm\u0259nistan\u0131n regional kommunikasiyalarla ba\u011fl\u0131 m\u00f6vqeyi h\u0259mi\u015f\u0259 ondan ibar\u0259t olub ki, onlar hans\u0131sa eksterritorial kontekst olmadan, m\u00fcvafiq g\u00f6mr\u00fck v\u0259 pasport n\u0259zar\u0259ti il\u0259 yenid\u0259n a\u00e7\u0131lmal\u0131d\u0131r.<\/p>\n\n\n\n<p>Y\u0259ni, biz he\u00e7 vaxt d\u0259hliz m\u0259ntiqini m\u00fczakir\u0259 etm\u0259mi\u015fik v\u0259 m\u00fczakir\u0259 etm\u0259y\u0259c\u0259yik. Bu, Erm\u0259nistan, Rusiya v\u0259 Az\u0259rbaycan ba\u015f nazirl\u0259rinin m\u00fcavinl\u0259rinin \u00fc\u00e7t\u0259r\u0259fli format\u0131nda fiksasiya edilib v\u0259 son h\u0259ft\u0259l\u0259rd\u0259 bu m\u0259ntiq v\u0259 raz\u0131la\u015fma Rusiya t\u0259r\u0259find\u0259n publik \u015f\u0259kild\u0259 t\u0259sdiql\u0259nib. M\u0259hz bu kontekstd\u0259 Az\u0259rbaycan d\u00fcn\u0259nki q\u0259rar\u0131n\u0131 verdi\u201d, \u2013 dey\u0259 Pa\u015finyan qeyd edib.<\/p>\n\n\n\n<p>Onun s\u00f6zl\u0259rin\u0259 g\u00f6r\u0259, Erm\u0259nistan da laz\u0131m g\u0259l\u0259rs\u0259, Gorus-Qafan yolu hiss\u0259sind\u0259 g\u00f6mr\u00fck v\u0259 pasport n\u0259zar\u0259ti m\u0259nt\u0259q\u0259l\u0259ri yaradacaq.<\/p>\n\n\n\n<p>Nikol Pa\u015finyan bildirib ki, Az\u0259rbaycandan al\u0131nan d\u00fcn\u0259nki bildiri\u015fd\u0259n sonra h\u0259min hiss\u0259d\u0259n ke\u00e7\u0259n Erm\u0259nistan Respublikas\u0131 v\u0259t\u0259nda\u015flar\u0131n\u0131n M2 Qafan-A\u011fvani-Tatev-Halidzor-\u015einuxayr avtomobil yoluna y\u00f6n\u0259ldilm\u0259si v\u0259 h\u0259r\u0259k\u0259tin buradan h\u0259yata ke\u00e7irilm\u0259si bar\u0259d\u0259 q\u0259rar q\u0259bul edilib.<\/p>\n\n\n\n<p>\u201cAz\u0259rbaycan\u0131n d\u00fcn\u0259nki q\u0259rar\u0131ndan sonra real y\u00fck ma\u015f\u0131nlar\u0131 il\u0259 ba\u011fl\u0131 situasiya d\u0259yi\u015fmir, bir \u015f\u0259rtl\u0259 ki, indi onlar Tatev-A\u011fvan yolu il\u0259 \u0259lav\u0259 g\u00f6mr\u00fck r\u00fcsumlar\u0131 olmadan h\u0259r\u0259k\u0259t ed\u0259 bil\u0259rl\u0259r\u201d, \u2013 dey\u0259 o bildirib.<\/p>\n\n\n\n<p>Nikol Pa\u015finyan\u0131n s\u00f6zl\u0259rin\u0259 g\u00f6r\u0259, yol h\u0259r\u0259k\u0259tinin d\u0259yi\u015fm\u0259si m\u0259ntiqi n\u0259tic\u0259sind\u0259 he\u00e7 bir k\u0259ndl\u0259 \u0259laq\u0259 k\u0259silmir, h\u0259r\u00e7\u0259nd ki, bir ne\u00e7\u0259 k\u0259ndl\u0259 yollar\u0131n keyfiyy\u0259tinin yax\u015f\u0131la\u015fd\u0131r\u0131lmas\u0131 z\u0259rur\u0259ti yaran\u0131r v\u0259 m\u0259s\u0259l\u0259 \u0259n q\u0131sa zamanda \u00f6z h\u0259llini tapacaq.<\/p>\n\n\n\n<p>\u201cBu, Erm\u0259nistan \u0259traf\u0131nda yeni m\u00fchit yarad\u0131r, biz bunu bizim uzunm\u00fcdd\u0259tli strateji maraqlar\u0131m\u0131za uy\u011funla\u015fd\u0131rmaq \u00fc\u00e7\u00fcn h\u0259r \u015feyi etm\u0259liyik v\u0259 bu yolla da gedirik\u201d, \u2013 o \u0259lav\u0259 edib.<\/p>\n","protected":false},"excerpt":{"rendered":"<p>Bu gec\u0259d\u0259n f\u0259aliyy\u0259t\u0259 ba\u015flayan Az\u0259rbaycan ke\u00e7id m\u0259nt\u0259q\u0259si Erm\u0259nistan Respublikas\u0131n\u0131n \u0259razisind\u0259 deyil, Eyvazl\u0131 hiss\u0259sind\u0259dir. Alp.az x\u0259b\u0259r&#8230;<\/p>\n","protected":false},"author":3,"featured_media":13185,"comment_status":"closed","ping_status":"closed","sticky":false,"template":"","format":"standard","meta":{"footnotes":""},"categories":[6],"tags":[],"class_list":["post-13184","post","type-post","status-publish","format-standard","has-post-thumbnail","hentry","category-cmiyyt"],"featured_image_urls":{"full":["https:\/\/veteran.az\/wp-content\/uploads\/2021\/11\/media-painyan-es46iu8hwc7lmo53txjg-620x326-1.jpg",620,326,false],"thumbnail":["https:\/\/veteran.az\/wp-content\/uploads\/2021\/11\/media-painyan-es46iu8hwc7lmo53txjg-620x326-1-150x150.jpg",150,150,true],"medium":["https:\/\/veteran.az\/wp-content\/uploads\/2021\/11\/media-painyan-es46iu8hwc7lmo53txjg-620x326-1-300x158.jpg",300,158,true],"medium_large":["https:\/\/veteran.az\/wp-content\/uploads\/2021\/11\/media-painyan-es46iu8hwc7lmo53txjg-620x326-1.jpg",620,326,false],"large":["https:\/\/veteran.az\/wp-content\/uploads\/2021\/11\/media-painyan-es46iu8hwc7lmo53txjg-620x326-1.jpg",620,326,false],"1536x1536":["https:\/\/veteran.az\/wp-content\/uploads\/2021\/11\/media-painyan-es46iu8hwc7lmo53txjg-620x326-1.jpg",620,326,false],"2048x2048":["https:\/\/veteran.az\/wp-content\/uploads\/2021\/11\/media-painyan-es46iu8hwc7lmo53txjg-620x326-1.jpg",620,326,false],"covernews-slider-full":["https:\/\/veteran.az\/wp-content\/uploads\/2021\/11\/media-painyan-es46iu8hwc7lmo53txjg-620x326-1.jpg",620,326,false],"covernews-slider-center":["https:\/\/veteran.az\/wp-content\/uploads\/2021\/11\/media-painyan-es46iu8hwc7lmo53txjg-620x326-1.jpg",620,326,false],"covernews-featured":["https:\/\/veteran.az\/wp-content\/uploads\/2021\/11\/media-painyan-es46iu8hwc7lmo53txjg-620x326-1.jpg",620,326,false],"covernews-medium":["https:\/\/veteran.az\/wp-content\/uploads\/2021\/11\/media-painyan-es46iu8hwc7lmo53txjg-620x326-1.jpg",540,284,false],"covernews-medium-square":["https:\/\/veteran.az\/wp-content\/uploads\/2021\/11\/media-painyan-es46iu8hwc7lmo53txjg-620x326-1.jpg",400,210,false]},"author_info":{"display_name":"Veteran.az","author_link":"https:\/\/veteran.az\/?author=3"},"category_info":"<a href=\"https:\/\/veteran.az\/?cat=6\" rel=\"category\">C\u0259miyy\u0259t<\/a>","tag_info":"C\u0259miyy\u0259t","comment_count":"0","_links":{"self":[{"href":"https:\/\/veteran.az\/index.php?rest_route=\/wp\/v2\/posts\/13184","targetHints":{"allow":["GET"]}}],"collection":[{"href":"https:\/\/veteran.az\/index.php?rest_route=\/wp\/v2\/posts"}],"about":[{"href":"https:\/\/veteran.az\/index.php?rest_route=\/wp\/v2\/types\/post"}],"author":[{"embeddable":true,"href":"https:\/\/veteran.az\/index.php?rest_route=\/wp\/v2\/users\/3"}],"replies":[{"embeddable":true,"href":"https:\/\/veteran.az\/index.php?rest_route=%2Fwp%2Fv2%2Fcomments&post=13184"}],"version-history":[{"count":1,"href":"https:\/\/veteran.az\/index.php?rest_route=\/wp\/v2\/posts\/13184\/revisions"}],"predecessor-version":[{"id":13186,"href":"https:\/\/veteran.az\/index.php?rest_route=\/wp\/v2\/posts\/13184\/revisions\/13186"}],"wp:featuredmedia":[{"embeddable":true,"href":"https:\/\/veteran.az\/index.php?rest_route=\/wp\/v2\/media\/13185"}],"wp:attachment":[{"href":"https:\/\/veteran.az\/index.php?rest_route=%2Fwp%2Fv2%2Fmedia&parent=13184"}],"wp:term":[{"taxonomy":"category","embeddable":true,"href":"https:\/\/veteran.az\/index.php?rest_route=%2Fwp%2Fv2%2Fcategories&post=13184"},{"taxonomy":"post_tag","embeddable":true,"href":"https:\/\/veteran.az\/index.php?rest_route=%2Fwp%2Fv2%2Ftags&post=13184"}],"curies":[{"name":"wp","href":"https:\/\/api.w.org\/{rel}","templated":true}]}}