{"id":13109,"date":"2021-11-05T22:32:28","date_gmt":"2021-11-05T18:32:28","guid":{"rendered":"http:\/\/veteran.az\/?p=13109"},"modified":"2021-11-05T22:32:29","modified_gmt":"2021-11-05T18:32:29","slug":"v%c9%99t%c9%99n-muharib%c9%99si-qazisi-v%c9%99-s%c9%99hid-anasi-milli-m%c9%99clisd%c9%99-isl%c9%99-t%c9%99min-olundu","status":"publish","type":"post","link":"https:\/\/veteran.az\/?p=13109","title":{"rendered":"V\u0259t\u0259n m\u00fcharib\u0259si qazisi v\u0259 \u015f\u0259hid anas\u0131 Milli M\u0259clisd\u0259 i\u015fl\u0259 t\u0259min olundu"},"content":{"rendered":"\n<p><strong>Az\u0259rbaycan Milli M\u0259clisi \u015f\u0259hid ail\u0259l\u0259ri v\u0259 m\u00fcharib\u0259d\u0259 sa\u011flaml\u0131\u011f\u0131n\u0131 itirmi\u015f h\u0259rb\u00e7il\u0259rimiz\u0259 d\u0259st\u0259k m\u0259qs\u0259dil\u0259 g\u00f6r\u00fcl\u0259n i\u015fl\u0259rd\u0259 f\u0259al i\u015ftirak edir.<\/strong><\/p>\n\n\n\n<p>Milli M\u0259clisin S\u0259dri Sahib\u0259 Qafarova t\u0259r\u0259find\u0259n \u015f\u0259hid ail\u0259l\u0259ri, qazil\u0259r v\u0259 m\u00fcharib\u0259 i\u015ftirak\u00e7\u0131lar\u0131n\u0131n v\u0259ziyy\u0259ti daim diqq\u0259td\u0259 saxlan\u0131l\u0131r, onlarla m\u00fcnt\u0259z\u0259m g\u00f6r\u00fc\u015fl\u0259r ke\u00e7irilir, m\u00f6vcud probleml\u0259rinin h\u0259llind\u0259 k\u00f6m\u0259klik g\u00f6st\u0259rilm\u0259si m\u0259qs\u0259dil\u0259 t\u0259dbirl\u0259r g\u00f6r\u00fcl\u00fcr, \u015f\u0259hid ail\u0259l\u0259rinin \u00fczvl\u0259ri v\u0259 qazil\u0259rin Milli M\u0259clisd\u0259 i\u015fl\u0259 t\u0259min olunmas\u0131na x\u00fcsusi \u00f6n\u0259m verilir.<\/p>\n\n\n\n<figure class=\"wp-block-image size-large\"><img loading=\"lazy\" decoding=\"async\" width=\"850\" height=\"530\" src=\"http:\/\/veteran.az\/wp-content\/uploads\/2021\/11\/8a4c4d6f-7ca7-319a-9b30-be3a5fd386d8_850.jpg\" alt=\"\" class=\"wp-image-13111\" srcset=\"https:\/\/veteran.az\/wp-content\/uploads\/2021\/11\/8a4c4d6f-7ca7-319a-9b30-be3a5fd386d8_850.jpg 850w, https:\/\/veteran.az\/wp-content\/uploads\/2021\/11\/8a4c4d6f-7ca7-319a-9b30-be3a5fd386d8_850-300x187.jpg 300w, https:\/\/veteran.az\/wp-content\/uploads\/2021\/11\/8a4c4d6f-7ca7-319a-9b30-be3a5fd386d8_850-768x479.jpg 768w\" sizes=\"auto, (max-width: 850px) 100vw, 850px\" \/><\/figure>\n\n\n\n<p>Az\u0259rbaycan Respublikas\u0131n\u0131n Prezidenti \u0130lham \u018fliyev t\u0259r\u0259find\u0259n 3-c\u00fc d\u0259r\u0259c\u0259li &#171;V\u0259t\u0259n\u0259 xidm\u0259t\u0259 g\u00f6r\u0259&#187; ordeni il\u0259 t\u0259ltif edilmi\u015f, V\u0259t\u0259n m\u00fcharib\u0259si zaman\u0131 Suqovu\u015fan v\u0259 Tal\u0131\u015f istiqam\u0259tind\u0259 ged\u0259n d\u00f6y\u00fc\u015fl\u0259rd\u0259 q\u0259hr\u0259mancas\u0131na i\u015ftirak ed\u0259n qazi Abbas Yusifov Milli M\u0259clisin s\u0259dri Sahib\u0259 Qafarovan\u0131n imzalad\u0131\u011f\u0131 \u0259mrl\u0259 Milli M\u0259clisd\u0259 d\u00f6vl\u0259t qullu\u011funa q\u0259bul edil\u0259r\u0259k i\u015fl\u0259 t\u0259min olunub.<\/p>\n\n\n\n<p>H\u0259m\u00e7inin, V\u0259t\u0259n m\u00fcharib\u0259sinin birinci ild\u00f6n\u00fcm\u00fc \u0259r\u0259f\u0259sind\u0259 Milli M\u0259clisin s\u0259dri Sahib\u0259 Qafarovan\u0131n m\u00fcvafiq \u0259mrin\u0259 \u0259sas\u0259n, general-mayor Polad H\u0259\u015fimovun qisas\u0131n\u0131 alan \u0259sg\u0259r kimi V\u0259t\u0259n m\u00fcharib\u0259si tarixin\u0259 imzas\u0131n\u0131 atm\u0131\u015f C\u0259bray\u0131l D\u00f6vl\u0259tzad\u0259nin anas\u0131 M\u0259leyk\u0259 M\u0259mm\u0259dzad\u0259 Milli M\u0259clisd\u0259 d\u00f6vl\u0259t qullu\u011funa q\u0259bul edil\u0259r\u0259k i\u015fl\u0259 t\u0259min olunub.<\/p>\n\n\n\n<figure class=\"wp-block-image size-large\"><img loading=\"lazy\" decoding=\"async\" width=\"850\" height=\"530\" src=\"http:\/\/veteran.az\/wp-content\/uploads\/2021\/11\/07efe9f2-62d5-3e8e-a5a7-8e6765276e67_850.jpg\" alt=\"\" class=\"wp-image-13110\" srcset=\"https:\/\/veteran.az\/wp-content\/uploads\/2021\/11\/07efe9f2-62d5-3e8e-a5a7-8e6765276e67_850.jpg 850w, https:\/\/veteran.az\/wp-content\/uploads\/2021\/11\/07efe9f2-62d5-3e8e-a5a7-8e6765276e67_850-300x187.jpg 300w, https:\/\/veteran.az\/wp-content\/uploads\/2021\/11\/07efe9f2-62d5-3e8e-a5a7-8e6765276e67_850-768x479.jpg 768w\" sizes=\"auto, (max-width: 850px) 100vw, 850px\" \/><\/figure>\n\n\n\n<p>Qeyd ed\u0259k ki, C\u0259bray\u0131l D\u00f6vl\u0259tzad\u0259 Az\u0259rbaycan Prezidenti \u0130lham \u018fliyev t\u0259r\u0259find\u0259n \u00f6l\u00fcm\u00fcnd\u0259n sonra &#171;Az\u0259rbaycan Bayra\u011f\u0131&#187; ordeni, &#171;V\u0259t\u0259n u\u011frunda&#187;, &#171;K\u0259lb\u0259c\u0259rin azad olunmas\u0131na g\u00f6r\u0259&#187; medallar\u0131 il\u0259 t\u0259ltif edilib. C\u0259bray\u0131l D\u00f6vl\u0259tzad\u0259 2020-ci ilin 28 sentyabr tarixind\u0259 C\u0259bray\u0131l-F\u00fczuli istiqam\u0259tind\u0259 ged\u0259n d\u00f6y\u00fc\u015fl\u0259rd\u0259 x\u00fcsusi t\u0259yinatl\u0131lar\u0131n t\u0259rkibind\u0259 d\u00f6y\u00fc\u015f\u0259r\u0259k b\u00f6y\u00fck \u015f\u00fcca\u0259t g\u00f6st\u0259rib, erm\u0259ni general\u0131n\u0131 v\u0259 polkovnikini \u00f6ld\u00fcr\u0259rk\u0259n 19 ya\u015f\u0131nda \u015f\u0259hid olub.<\/p>\n","protected":false},"excerpt":{"rendered":"<p>Az\u0259rbaycan Milli M\u0259clisi \u015f\u0259hid ail\u0259l\u0259ri v\u0259 m\u00fcharib\u0259d\u0259 sa\u011flaml\u0131\u011f\u0131n\u0131 itirmi\u015f h\u0259rb\u00e7il\u0259rimiz\u0259 d\u0259st\u0259k m\u0259qs\u0259dil\u0259 g\u00f6r\u00fcl\u0259n i\u015fl\u0259rd\u0259 f\u0259al&#8230;<\/p>\n","protected":false},"author":3,"featured_media":13112,"comment_status":"closed","ping_status":"closed","sticky":false,"template":"","format":"standard","meta":{"footnotes":""},"categories":[6],"tags":[],"class_list":["post-13109","post","type-post","status-publish","format-standard","has-post-thumbnail","hentry","category-cmiyyt"],"featured_image_urls":{"full":["https:\/\/veteran.az\/wp-content\/uploads\/2021\/11\/425065342_85_0_1222_853_1920x0_80_0_0_1804646bc35e079f7aedf21cdce8a01a.jpg",1920,1440,false],"thumbnail":["https:\/\/veteran.az\/wp-content\/uploads\/2021\/11\/425065342_85_0_1222_853_1920x0_80_0_0_1804646bc35e079f7aedf21cdce8a01a-150x150.jpg",150,150,true],"medium":["https:\/\/veteran.az\/wp-content\/uploads\/2021\/11\/425065342_85_0_1222_853_1920x0_80_0_0_1804646bc35e079f7aedf21cdce8a01a-300x225.jpg",300,225,true],"medium_large":["https:\/\/veteran.az\/wp-content\/uploads\/2021\/11\/425065342_85_0_1222_853_1920x0_80_0_0_1804646bc35e079f7aedf21cdce8a01a-768x576.jpg",640,480,true],"large":["https:\/\/veteran.az\/wp-content\/uploads\/2021\/11\/425065342_85_0_1222_853_1920x0_80_0_0_1804646bc35e079f7aedf21cdce8a01a-1024x768.jpg",640,480,true],"1536x1536":["https:\/\/veteran.az\/wp-content\/uploads\/2021\/11\/425065342_85_0_1222_853_1920x0_80_0_0_1804646bc35e079f7aedf21cdce8a01a-1536x1152.jpg",1536,1152,true],"2048x2048":["https:\/\/veteran.az\/wp-content\/uploads\/2021\/11\/425065342_85_0_1222_853_1920x0_80_0_0_1804646bc35e079f7aedf21cdce8a01a.jpg",1920,1440,false],"covernews-slider-full":["https:\/\/veteran.az\/wp-content\/uploads\/2021\/11\/425065342_85_0_1222_853_1920x0_80_0_0_1804646bc35e079f7aedf21cdce8a01a-1536x1020.jpg",1077,715,true],"covernews-slider-center":["https:\/\/veteran.az\/wp-content\/uploads\/2021\/11\/425065342_85_0_1222_853_1920x0_80_0_0_1804646bc35e079f7aedf21cdce8a01a-936x897.jpg",522,500,true],"covernews-featured":["https:\/\/veteran.az\/wp-content\/uploads\/2021\/11\/425065342_85_0_1222_853_1920x0_80_0_0_1804646bc35e079f7aedf21cdce8a01a-1024x768.jpg",1024,768,true],"covernews-medium":["https:\/\/veteran.az\/wp-content\/uploads\/2021\/11\/425065342_85_0_1222_853_1920x0_80_0_0_1804646bc35e079f7aedf21cdce8a01a-720x380.jpg",540,285,true],"covernews-medium-square":["https:\/\/veteran.az\/wp-content\/uploads\/2021\/11\/425065342_85_0_1222_853_1920x0_80_0_0_1804646bc35e079f7aedf21cdce8a01a-675x450.jpg",375,250,true]},"author_info":{"display_name":"Veteran.az","author_link":"https:\/\/veteran.az\/?author=3"},"category_info":"<a href=\"https:\/\/veteran.az\/?cat=6\" rel=\"category\">C\u0259miyy\u0259t<\/a>","tag_info":"C\u0259miyy\u0259t","comment_count":"0","_links":{"self":[{"href":"https:\/\/veteran.az\/index.php?rest_route=\/wp\/v2\/posts\/13109","targetHints":{"allow":["GET"]}}],"collection":[{"href":"https:\/\/veteran.az\/index.php?rest_route=\/wp\/v2\/posts"}],"about":[{"href":"https:\/\/veteran.az\/index.php?rest_route=\/wp\/v2\/types\/post"}],"author":[{"embeddable":true,"href":"https:\/\/veteran.az\/index.php?rest_route=\/wp\/v2\/users\/3"}],"replies":[{"embeddable":true,"href":"https:\/\/veteran.az\/index.php?rest_route=%2Fwp%2Fv2%2Fcomments&post=13109"}],"version-history":[{"count":1,"href":"https:\/\/veteran.az\/index.php?rest_route=\/wp\/v2\/posts\/13109\/revisions"}],"predecessor-version":[{"id":13113,"href":"https:\/\/veteran.az\/index.php?rest_route=\/wp\/v2\/posts\/13109\/revisions\/13113"}],"wp:featuredmedia":[{"embeddable":true,"href":"https:\/\/veteran.az\/index.php?rest_route=\/wp\/v2\/media\/13112"}],"wp:attachment":[{"href":"https:\/\/veteran.az\/index.php?rest_route=%2Fwp%2Fv2%2Fmedia&parent=13109"}],"wp:term":[{"taxonomy":"category","embeddable":true,"href":"https:\/\/veteran.az\/index.php?rest_route=%2Fwp%2Fv2%2Fcategories&post=13109"},{"taxonomy":"post_tag","embeddable":true,"href":"https:\/\/veteran.az\/index.php?rest_route=%2Fwp%2Fv2%2Ftags&post=13109"}],"curies":[{"name":"wp","href":"https:\/\/api.w.org\/{rel}","templated":true}]}}