{"id":13052,"date":"2021-11-04T02:19:53","date_gmt":"2021-11-03T22:19:53","guid":{"rendered":"http:\/\/veteran.az\/?p=13052"},"modified":"2021-11-04T02:19:54","modified_gmt":"2021-11-03T22:19:54","slug":"pasinyan-%c9%99liyevin-q%c9%99z%c9%99bind%c9%99n-qorxur-araik-arutyunyana-aciq-mesaj-artiq-artsax-yoxdur","status":"publish","type":"post","link":"https:\/\/veteran.az\/?p=13052","title":{"rendered":"Pa\u015finyan \u018fliyevin q\u0259z\u0259bind\u0259n qorxur: Araik Arutyunyana A\u00c7IQ MESAJ &#8212; Art\u0131q \u201cartsax\u201d yoxdur"},"content":{"rendered":"\n<p><strong>Erm\u0259nistan\u0131n ba\u015f naziri Nikol Pa\u015finyan Qaraba\u011fda separat\u00e7\u0131-terror\u00e7u rejimin r\u0259hb\u0259ri Araik Arutyunyan\u0131 q\u0259bul edib.<br><\/strong><br>\u0130r\u0259vanda ke\u00e7iril\u0259n g\u00f6r\u00fc\u015fd\u0259 qondarma rejimin \u0259ski par\u00e7as\u0131 olan \u201cbayra\u011f\u0131n\u0131n\u201d olmamas\u0131 erm\u0259nil\u0259ri q\u0259z\u0259bl\u0259ndirib.<\/p>\n\n\n\n<p>Erm\u0259nistan medias\u0131 yaz\u0131r ki, Pa\u015finyan bununla \u201cartsax\u201d\u0131n olmad\u0131\u011f\u0131n\u0131 n\u00fcmayi\u015f etdirir.<\/p>\n\n\n\n<p>\u201cPa\u015finyanla g\u00f6r\u00fc\u015fd\u0259 \u201cartsax\u201d\u0131n \u201cbayra\u011f\u0131\u201d yen\u0259 yoxa \u00e7\u0131x\u0131b. Nikol bununla \u201cartsax\u201d d\u00f6vl\u0259tinin olmad\u0131\u011f\u0131n\u0131 n\u00fcmayi\u015f etdirm\u0259y\u0259 davam edir. \u0130stisna deyil ki, Pa\u015finyan \u018fliyevin q\u0259z\u0259bind\u0259n qorxur\u201d, &#8212; hayeli.am sayt\u0131 yaz\u0131r.<\/p>\n\n\n\n<p>Qeyd ed\u0259k ki, 44 g\u00fcnl\u00fck m\u00fcharib\u0259d\u0259n \u00f6nc\u0259 Qaraba\u011fdak\u0131 separat\u00e7\u0131-terror\u00e7u rejimin r\u0259hb\u0259rliyi \u0130r\u0259vanda q\u0259bul olunark\u0259n, salonda qondarma \u201cbayraq\u201d da olurdu. M\u00fcharib\u0259d\u0259n sonra bu art\u0131q g\u00f6z\u0259 d\u0259ymir. <\/p>\n\n\n\n<p>M\u0259nb\u0259: Publika.az<\/p>\n","protected":false},"excerpt":{"rendered":"<p>Erm\u0259nistan\u0131n ba\u015f naziri Nikol Pa\u015finyan Qaraba\u011fda separat\u00e7\u0131-terror\u00e7u rejimin r\u0259hb\u0259ri Araik Arutyunyan\u0131 q\u0259bul edib.\u0130r\u0259vanda ke\u00e7iril\u0259n g\u00f6r\u00fc\u015fd\u0259&#8230;<\/p>\n","protected":false},"author":3,"featured_media":13053,"comment_status":"closed","ping_status":"closed","sticky":false,"template":"","format":"standard","meta":{"footnotes":""},"categories":[10],"tags":[],"class_list":["post-13052","post","type-post","status-publish","format-standard","has-post-thumbnail","hentry","category-avmvib"],"featured_image_urls":{"full":["https:\/\/veteran.az\/wp-content\/uploads\/2021\/11\/photo_19836201.jpeg",800,450,false],"thumbnail":["https:\/\/veteran.az\/wp-content\/uploads\/2021\/11\/photo_19836201-150x150.jpeg",150,150,true],"medium":["https:\/\/veteran.az\/wp-content\/uploads\/2021\/11\/photo_19836201-300x169.jpeg",300,169,true],"medium_large":["https:\/\/veteran.az\/wp-content\/uploads\/2021\/11\/photo_19836201-768x432.jpeg",640,360,true],"large":["https:\/\/veteran.az\/wp-content\/uploads\/2021\/11\/photo_19836201.jpeg",640,360,false],"1536x1536":["https:\/\/veteran.az\/wp-content\/uploads\/2021\/11\/photo_19836201.jpeg",800,450,false],"2048x2048":["https:\/\/veteran.az\/wp-content\/uploads\/2021\/11\/photo_19836201.jpeg",800,450,false],"covernews-slider-full":["https:\/\/veteran.az\/wp-content\/uploads\/2021\/11\/photo_19836201.jpeg",800,450,false],"covernews-slider-center":["https:\/\/veteran.az\/wp-content\/uploads\/2021\/11\/photo_19836201.jpeg",800,450,false],"covernews-featured":["https:\/\/veteran.az\/wp-content\/uploads\/2021\/11\/photo_19836201.jpeg",800,450,false],"covernews-medium":["https:\/\/veteran.az\/wp-content\/uploads\/2021\/11\/photo_19836201-720x380.jpeg",540,285,true],"covernews-medium-square":["https:\/\/veteran.az\/wp-content\/uploads\/2021\/11\/photo_19836201-675x450.jpeg",375,250,true]},"author_info":{"display_name":"Veteran.az","author_link":"https:\/\/veteran.az\/?author=3"},"category_info":"<a href=\"https:\/\/veteran.az\/?cat=10\" rel=\"category\">AVMV\u0130B<\/a>","tag_info":"AVMV\u0130B","comment_count":"0","_links":{"self":[{"href":"https:\/\/veteran.az\/index.php?rest_route=\/wp\/v2\/posts\/13052","targetHints":{"allow":["GET"]}}],"collection":[{"href":"https:\/\/veteran.az\/index.php?rest_route=\/wp\/v2\/posts"}],"about":[{"href":"https:\/\/veteran.az\/index.php?rest_route=\/wp\/v2\/types\/post"}],"author":[{"embeddable":true,"href":"https:\/\/veteran.az\/index.php?rest_route=\/wp\/v2\/users\/3"}],"replies":[{"embeddable":true,"href":"https:\/\/veteran.az\/index.php?rest_route=%2Fwp%2Fv2%2Fcomments&post=13052"}],"version-history":[{"count":1,"href":"https:\/\/veteran.az\/index.php?rest_route=\/wp\/v2\/posts\/13052\/revisions"}],"predecessor-version":[{"id":13054,"href":"https:\/\/veteran.az\/index.php?rest_route=\/wp\/v2\/posts\/13052\/revisions\/13054"}],"wp:featuredmedia":[{"embeddable":true,"href":"https:\/\/veteran.az\/index.php?rest_route=\/wp\/v2\/media\/13053"}],"wp:attachment":[{"href":"https:\/\/veteran.az\/index.php?rest_route=%2Fwp%2Fv2%2Fmedia&parent=13052"}],"wp:term":[{"taxonomy":"category","embeddable":true,"href":"https:\/\/veteran.az\/index.php?rest_route=%2Fwp%2Fv2%2Fcategories&post=13052"},{"taxonomy":"post_tag","embeddable":true,"href":"https:\/\/veteran.az\/index.php?rest_route=%2Fwp%2Fv2%2Ftags&post=13052"}],"curies":[{"name":"wp","href":"https:\/\/api.w.org\/{rel}","templated":true}]}}