{"id":13049,"date":"2021-11-04T02:06:47","date_gmt":"2021-11-03T22:06:47","guid":{"rendered":"http:\/\/veteran.az\/?p=13049"},"modified":"2021-11-04T02:06:47","modified_gmt":"2021-11-03T22:06:47","slug":"ilham-%c9%99liyev-s%c9%99udiyy%c9%99-%c9%99r%c9%99bistaninin-kral-faysal-arasdirma-v%c9%99-islami-t%c9%99dqiqatlar-m%c9%99rk%c9%99zinin-idar%c9%99-surasinin-s%c9%99dri-turki-al-faysali-q%c9%99bul-edib","status":"publish","type":"post","link":"https:\/\/veteran.az\/?p=13049","title":{"rendered":"\u0130lham \u018fliyev S\u0259udiyy\u0259 \u018fr\u0259bistan\u0131n\u0131n Kral Faysal Ara\u015fd\u0131rma v\u0259 \u0130slami T\u0259dqiqatlar M\u0259rk\u0259zinin \u0130dar\u0259 \u015euras\u0131n\u0131n s\u0259dri Turki Al Faysal\u0131 q\u0259bul edib"},"content":{"rendered":"\n<p><strong>Az\u0259rbaycan Respublikas\u0131n\u0131n Prezidenti \u0130lham \u018fliyev noyabr\u0131n 3-d\u0259 S\u0259udiyy\u0259 \u018fr\u0259bistan\u0131n\u0131n Kral Faysal Ara\u015fd\u0131rma v\u0259 \u0130slami T\u0259dqiqatlar M\u0259rk\u0259zinin \u0130dar\u0259 \u015euras\u0131n\u0131n s\u0259dri Turki Al Faysal\u0131 q\u0259bul edib.<\/strong><\/p>\n\n\n\n<p><br>Qaynarinfo x\u0259b\u0259r verir ki, g\u00f6r\u00fc\u015fd\u0259 &#171;COVID-19-dan sonrak\u0131 d\u00fcnya\u201d ad\u0131 alt\u0131nda ke\u00e7iril\u0259c\u0259k VIII Qlobal Bak\u0131 Forumunun bir \u00e7ox m\u00fch\u00fcm m\u0259s\u0259l\u0259l\u0259rin m\u00fczakir\u0259si \u00fc\u00e7\u00fcn qlobal platforma oldu\u011fu bildirildi, pandemiyaya baxmayaraq, t\u0259dbird\u0259 i\u015ftirak etm\u0259k \u00fc\u00e7\u00fcn Bak\u0131ya \u00e7ox sayda qona\u011f\u0131n g\u0259lm\u0259sinin bu Foruma v\u0259 \u00f6lk\u0259miz\u0259 olan mara\u011f\u0131n g\u00f6st\u0259ricisi oldu\u011fu vur\u011fuland\u0131.<\/p>\n\n\n\n<p><br>G\u00f6r\u00fc\u015fd\u0259 S\u0259udiyy\u0259 \u018fr\u0259bistan\u0131n\u0131n Kral Faysal Ara\u015fd\u0131rma v\u0259 \u0130slami T\u0259dqiqatlar M\u0259rk\u0259zinin \u00f6lk\u0259mizin m\u00fcvafiq qurumlar\u0131 il\u0259 s\u0259m\u0259r\u0259li \u0259m\u0259kda\u015fl\u0131\u011f\u0131ndan m\u0259mnunluq ifad\u0259 olundu.<\/p>\n","protected":false},"excerpt":{"rendered":"<p>Az\u0259rbaycan Respublikas\u0131n\u0131n Prezidenti \u0130lham \u018fliyev noyabr\u0131n 3-d\u0259 S\u0259udiyy\u0259 \u018fr\u0259bistan\u0131n\u0131n Kral Faysal Ara\u015fd\u0131rma v\u0259 \u0130slami T\u0259dqiqatlar&#8230;<\/p>\n","protected":false},"author":3,"featured_media":13050,"comment_status":"closed","ping_status":"closed","sticky":false,"template":"","format":"standard","meta":{"footnotes":""},"categories":[6],"tags":[],"class_list":["post-13049","post","type-post","status-publish","format-standard","has-post-thumbnail","hentry","category-cmiyyt"],"featured_image_urls":{"full":["https:\/\/veteran.az\/wp-content\/uploads\/2021\/11\/1635948853_6765df90-88d7-303c-872e-82a71bab037e_850-1.jpg",800,450,false],"thumbnail":["https:\/\/veteran.az\/wp-content\/uploads\/2021\/11\/1635948853_6765df90-88d7-303c-872e-82a71bab037e_850-1-150x150.jpg",150,150,true],"medium":["https:\/\/veteran.az\/wp-content\/uploads\/2021\/11\/1635948853_6765df90-88d7-303c-872e-82a71bab037e_850-1-300x169.jpg",300,169,true],"medium_large":["https:\/\/veteran.az\/wp-content\/uploads\/2021\/11\/1635948853_6765df90-88d7-303c-872e-82a71bab037e_850-1-768x432.jpg",640,360,true],"large":["https:\/\/veteran.az\/wp-content\/uploads\/2021\/11\/1635948853_6765df90-88d7-303c-872e-82a71bab037e_850-1.jpg",640,360,false],"1536x1536":["https:\/\/veteran.az\/wp-content\/uploads\/2021\/11\/1635948853_6765df90-88d7-303c-872e-82a71bab037e_850-1.jpg",800,450,false],"2048x2048":["https:\/\/veteran.az\/wp-content\/uploads\/2021\/11\/1635948853_6765df90-88d7-303c-872e-82a71bab037e_850-1.jpg",800,450,false],"covernews-slider-full":["https:\/\/veteran.az\/wp-content\/uploads\/2021\/11\/1635948853_6765df90-88d7-303c-872e-82a71bab037e_850-1.jpg",800,450,false],"covernews-slider-center":["https:\/\/veteran.az\/wp-content\/uploads\/2021\/11\/1635948853_6765df90-88d7-303c-872e-82a71bab037e_850-1.jpg",800,450,false],"covernews-featured":["https:\/\/veteran.az\/wp-content\/uploads\/2021\/11\/1635948853_6765df90-88d7-303c-872e-82a71bab037e_850-1.jpg",800,450,false],"covernews-medium":["https:\/\/veteran.az\/wp-content\/uploads\/2021\/11\/1635948853_6765df90-88d7-303c-872e-82a71bab037e_850-1-720x380.jpg",540,285,true],"covernews-medium-square":["https:\/\/veteran.az\/wp-content\/uploads\/2021\/11\/1635948853_6765df90-88d7-303c-872e-82a71bab037e_850-1-675x450.jpg",375,250,true]},"author_info":{"display_name":"Veteran.az","author_link":"https:\/\/veteran.az\/?author=3"},"category_info":"<a href=\"https:\/\/veteran.az\/?cat=6\" rel=\"category\">C\u0259miyy\u0259t<\/a>","tag_info":"C\u0259miyy\u0259t","comment_count":"0","_links":{"self":[{"href":"https:\/\/veteran.az\/index.php?rest_route=\/wp\/v2\/posts\/13049","targetHints":{"allow":["GET"]}}],"collection":[{"href":"https:\/\/veteran.az\/index.php?rest_route=\/wp\/v2\/posts"}],"about":[{"href":"https:\/\/veteran.az\/index.php?rest_route=\/wp\/v2\/types\/post"}],"author":[{"embeddable":true,"href":"https:\/\/veteran.az\/index.php?rest_route=\/wp\/v2\/users\/3"}],"replies":[{"embeddable":true,"href":"https:\/\/veteran.az\/index.php?rest_route=%2Fwp%2Fv2%2Fcomments&post=13049"}],"version-history":[{"count":1,"href":"https:\/\/veteran.az\/index.php?rest_route=\/wp\/v2\/posts\/13049\/revisions"}],"predecessor-version":[{"id":13051,"href":"https:\/\/veteran.az\/index.php?rest_route=\/wp\/v2\/posts\/13049\/revisions\/13051"}],"wp:featuredmedia":[{"embeddable":true,"href":"https:\/\/veteran.az\/index.php?rest_route=\/wp\/v2\/media\/13050"}],"wp:attachment":[{"href":"https:\/\/veteran.az\/index.php?rest_route=%2Fwp%2Fv2%2Fmedia&parent=13049"}],"wp:term":[{"taxonomy":"category","embeddable":true,"href":"https:\/\/veteran.az\/index.php?rest_route=%2Fwp%2Fv2%2Fcategories&post=13049"},{"taxonomy":"post_tag","embeddable":true,"href":"https:\/\/veteran.az\/index.php?rest_route=%2Fwp%2Fv2%2Ftags&post=13049"}],"curies":[{"name":"wp","href":"https:\/\/api.w.org\/{rel}","templated":true}]}}