{"id":13042,"date":"2021-11-03T15:15:48","date_gmt":"2021-11-03T11:15:48","guid":{"rendered":"http:\/\/veteran.az\/?p=13042"},"modified":"2021-11-03T15:15:49","modified_gmt":"2021-11-03T11:15:49","slug":"z%c9%99f%c9%99r-gunu-susada-h%c9%99rbi-parad-olacaq","status":"publish","type":"post","link":"https:\/\/veteran.az\/?p=13042","title":{"rendered":"Z\u0259f\u0259r G\u00fcn\u00fc \u015eu\u015fada h\u0259rbi parad olacaq"},"content":{"rendered":"\n<p><strong>8 Noyabr Z\u0259f\u0259r G\u00fcn\u00fc m\u00fcnasib\u0259til\u0259 \u015eu\u015fada h\u0259rbi parad ke\u00e7iril\u0259c\u0259k.<\/strong><\/p>\n\n\n\n<p>Bunu\u00a0Modern.az-a\u00a0a\u00e7\u0131qlamas\u0131nda \u015f\u0259h\u0259rin d\u00fc\u015fm\u0259n i\u015f\u011fal\u0131ndan azad olunmas\u0131nda q\u0259hr\u0259manl\u0131q g\u00f6st\u0259r\u0259nl\u0259rd\u0259n biri v\u0259 Az\u0259rbaycan bayra\u011f\u0131n\u0131 ora sancan h\u0259rb\u00e7imiz, \u0259sl\u0259n \u015fu\u015fal\u0131 S\u0259buhi Abdullayev bildirib.<\/p>\n\n\n\n<p>S.Abdullayev qeyd-\u015f\u0259rtsiz Z\u0259f\u0259r G\u00fcn\u00fcn\u00fc \u015eu\u015fada qeyd ed\u0259c\u0259yini vur\u011fulay\u0131b:<br>\u201cBununla ba\u011fl\u0131 m\u0259n\u0259 t\u0259klif g\u0259ldi, \u00e7ox b\u00f6y\u00fck m\u0259mnuniyy\u0259tl\u0259, \u00e7ox b\u00f6y\u00fck q\u00fcrurla paradda i\u015ftirak ed\u0259c\u0259y\u0259m. Z\u0259f\u0259r G\u00fcn\u00fc Ali&nbsp; Ba\u015f Komandanla bir yerd\u0259 \u015eu\u015fada olmaq x\u00fcsusi q\u00fcrurdur\u201d.<\/p>\n\n\n\n<p>H\u0259rb\u00e7imiz deyib ki, 14 ya\u015f\u0131nda t\u0259rk el\u0259m\u0259k m\u0259cburiyy\u0259tind\u0259 qald\u0131\u011f\u0131 \u015eu\u015faya 26 il 8 aydan sonra qovu\u015fub:<\/p>\n\n\n\n<p><br>\u201c\u015eu\u015faya bayraq sancmaq \u0259v\u0259zsiz hiss idi. \u015eu\u015fada do\u011fulub, 14 ya\u015f\u0131ma kimi orada ya\u015fam\u0131\u015fam. 26 il 8 aydan sonra ora qay\u0131td\u0131m v\u0259 bayra\u011f\u0131 sancd\u0131m. Bir il \u00f6tm\u0259sin\u0259 baxmayaraq, h\u0259l\u0259 d\u0259 bu g\u00f6z\u0259l hisl\u0259rin t\u0259sirind\u0259y\u0259m\u201d.<\/p>\n","protected":false},"excerpt":{"rendered":"<p>8 Noyabr Z\u0259f\u0259r G\u00fcn\u00fc m\u00fcnasib\u0259til\u0259 \u015eu\u015fada h\u0259rbi parad ke\u00e7iril\u0259c\u0259k. Bunu\u00a0Modern.az-a\u00a0a\u00e7\u0131qlamas\u0131nda \u015f\u0259h\u0259rin d\u00fc\u015fm\u0259n i\u015f\u011fal\u0131ndan azad olunmas\u0131nda&#8230;<\/p>\n","protected":false},"author":3,"featured_media":13043,"comment_status":"closed","ping_status":"closed","sticky":false,"template":"","format":"standard","meta":{"footnotes":""},"categories":[9],"tags":[],"class_list":["post-13042","post","type-post","status-publish","format-standard","has-post-thumbnail","hentry","category-sq"],"featured_image_urls":{"full":["https:\/\/veteran.az\/wp-content\/uploads\/2021\/11\/J88.jpg",800,450,false],"thumbnail":["https:\/\/veteran.az\/wp-content\/uploads\/2021\/11\/J88-150x150.jpg",150,150,true],"medium":["https:\/\/veteran.az\/wp-content\/uploads\/2021\/11\/J88-300x169.jpg",300,169,true],"medium_large":["https:\/\/veteran.az\/wp-content\/uploads\/2021\/11\/J88-768x432.jpg",640,360,true],"large":["https:\/\/veteran.az\/wp-content\/uploads\/2021\/11\/J88.jpg",640,360,false],"1536x1536":["https:\/\/veteran.az\/wp-content\/uploads\/2021\/11\/J88.jpg",800,450,false],"2048x2048":["https:\/\/veteran.az\/wp-content\/uploads\/2021\/11\/J88.jpg",800,450,false],"covernews-slider-full":["https:\/\/veteran.az\/wp-content\/uploads\/2021\/11\/J88.jpg",800,450,false],"covernews-slider-center":["https:\/\/veteran.az\/wp-content\/uploads\/2021\/11\/J88.jpg",800,450,false],"covernews-featured":["https:\/\/veteran.az\/wp-content\/uploads\/2021\/11\/J88.jpg",800,450,false],"covernews-medium":["https:\/\/veteran.az\/wp-content\/uploads\/2021\/11\/J88-720x380.jpg",540,285,true],"covernews-medium-square":["https:\/\/veteran.az\/wp-content\/uploads\/2021\/11\/J88-675x450.jpg",375,250,true]},"author_info":{"display_name":"Veteran.az","author_link":"https:\/\/veteran.az\/?author=3"},"category_info":"<a href=\"https:\/\/veteran.az\/?cat=9\" rel=\"category\">Silahl\u0131 Q\u00fcvv\u0259l\u0259r<\/a>","tag_info":"Silahl\u0131 Q\u00fcvv\u0259l\u0259r","comment_count":"0","_links":{"self":[{"href":"https:\/\/veteran.az\/index.php?rest_route=\/wp\/v2\/posts\/13042","targetHints":{"allow":["GET"]}}],"collection":[{"href":"https:\/\/veteran.az\/index.php?rest_route=\/wp\/v2\/posts"}],"about":[{"href":"https:\/\/veteran.az\/index.php?rest_route=\/wp\/v2\/types\/post"}],"author":[{"embeddable":true,"href":"https:\/\/veteran.az\/index.php?rest_route=\/wp\/v2\/users\/3"}],"replies":[{"embeddable":true,"href":"https:\/\/veteran.az\/index.php?rest_route=%2Fwp%2Fv2%2Fcomments&post=13042"}],"version-history":[{"count":1,"href":"https:\/\/veteran.az\/index.php?rest_route=\/wp\/v2\/posts\/13042\/revisions"}],"predecessor-version":[{"id":13044,"href":"https:\/\/veteran.az\/index.php?rest_route=\/wp\/v2\/posts\/13042\/revisions\/13044"}],"wp:featuredmedia":[{"embeddable":true,"href":"https:\/\/veteran.az\/index.php?rest_route=\/wp\/v2\/media\/13043"}],"wp:attachment":[{"href":"https:\/\/veteran.az\/index.php?rest_route=%2Fwp%2Fv2%2Fmedia&parent=13042"}],"wp:term":[{"taxonomy":"category","embeddable":true,"href":"https:\/\/veteran.az\/index.php?rest_route=%2Fwp%2Fv2%2Fcategories&post=13042"},{"taxonomy":"post_tag","embeddable":true,"href":"https:\/\/veteran.az\/index.php?rest_route=%2Fwp%2Fv2%2Ftags&post=13042"}],"curies":[{"name":"wp","href":"https:\/\/api.w.org\/{rel}","templated":true}]}}