{"id":13016,"date":"2021-11-02T02:43:36","date_gmt":"2021-11-01T22:43:36","guid":{"rendered":"http:\/\/veteran.az\/?p=13016"},"modified":"2021-11-02T02:43:37","modified_gmt":"2021-11-01T22:43:37","slug":"qriqoryan-artsax-bitdi-indi-m%c9%99s%c9%99l%c9%99-z%c9%99ng%c9%99zurdur","status":"publish","type":"post","link":"https:\/\/veteran.az\/?p=13016","title":{"rendered":"Qriqoryan: \u201cArtsax\u201d bitdi, indi m\u0259s\u0259l\u0259 Z\u0259ng\u0259zurdur"},"content":{"rendered":"\n<p><strong>Erm\u0259nistanda Qaraba\u011f m\u0259s\u0259l\u0259si s\u0259rh\u0259dl\u0259rin demarkasiya v\u0259 delimitasiyas\u0131ndan sonra tamamil\u0259 g\u00fcnd\u0259likd\u0259n \u00e7\u0131xar\u0131lacaq. S\u0259rh\u0259dl\u0259rin delimitasiyas\u0131 v\u0259 demarkasiyas\u0131 il\u0259 ba\u011fl\u0131 s\u0259n\u0259dl\u0259rin imzalanmas\u0131 il\u0259 Erm\u0259nistan d\u00f6vl\u0259ti r\u0259smi \u015f\u0259kild\u0259 Qaraba\u011f\u0131 Az\u0259rbaycan torpa\u011f\u0131 kimi etiraf etmi\u015f olacaq.<\/strong><\/p>\n\n\n\n<p>Bu s\u00f6zl\u0259ri erm\u0259ni siyasi icmal\u00e7\u0131 Qalust Qriqoryan deyib.<\/p>\n\n\n\n<p>\u201cBu yax\u0131nlarda Nikol Pa\u015finyan etiraf etdi ki, Z\u0259ng\u0259zurda m\u00fc\u0259yy\u0259n \u0259razil\u0259ri Az\u0259rbaycan t\u0259r\u0259din\u0259 t\u0259qdim edib. Pa\u015finyan\u0131n s\u00f6zl\u0259rin\u0259 g\u00f6r\u0259, bu q\u0259rar h\u0259rbi \u0259m\u0259liyyatlar\u0131n yenid\u0259n ba\u015flanmamas\u0131 \u00fc\u00e7\u00fcn verilib. Haz\u0131rda Bak\u0131da n\u0259inki Z\u0259ng\u0259zur d\u0259hlizi bar\u0259d\u0259 s\u00f6hb\u0259tl\u0259r dola\u015f\u0131r, h\u0259m d\u0259 Az\u0259rbaycan t\u0259r\u0259fi Z\u0259ng\u0259zur d\u0259hlizinin \u0259m\u0259li sur\u0259td\u0259 h\u0259yata ke\u00e7irilm\u0259si il\u0259 m\u0259\u015f\u011ful olur.<\/p>\n\n\n\n<p>Kec\u0259k, T\u0259hl\u00fck\u0259sizlik \u015euras\u0131n\u0131n katibi Armen Qriqoryan\u0131n bu g\u00fcnl\u0259rd\u0259 b\u0259yan ediyi fikirl\u0259r\u0259: \u201cErm\u0259nistan demarkasiya v\u0259 s\u0259rh\u0259dl\u0259rin delimitasiyas\u0131 prosesin\u0259 ba\u015flama\u011fa haz\u0131rd\u0131r\u201d.<\/p>\n\n\n\n<p>Bu o dem\u0259kdir ki, \u201carsax\u201d m\u0259s\u0259l\u0259si bird\u0259f\u0259lik ba\u011flan\u0131b. Biz erm\u0259nil\u0259r d\u0259 etiraf edirik ki, bu, Az\u0259rbaycan torpa\u011f\u0131d\u0131r!\u201d &#8212; erm\u0259ni ekspert qeyd edib.<\/p>\n\n\n\n<p>M\u0259nb\u0259: Axar.az<\/p>\n","protected":false},"excerpt":{"rendered":"<p>Erm\u0259nistanda Qaraba\u011f m\u0259s\u0259l\u0259si s\u0259rh\u0259dl\u0259rin demarkasiya v\u0259 delimitasiyas\u0131ndan sonra tamamil\u0259 g\u00fcnd\u0259likd\u0259n \u00e7\u0131xar\u0131lacaq. S\u0259rh\u0259dl\u0259rin delimitasiyas\u0131 v\u0259 demarkasiyas\u0131&#8230;<\/p>\n","protected":false},"author":3,"featured_media":13017,"comment_status":"closed","ping_status":"closed","sticky":false,"template":"","format":"standard","meta":{"footnotes":""},"categories":[9],"tags":[],"class_list":["post-13016","post","type-post","status-publish","format-standard","has-post-thumbnail","hentry","category-sq"],"featured_image_urls":{"full":["https:\/\/veteran.az\/wp-content\/uploads\/2021\/11\/1304953.jpg",620,397,false],"thumbnail":["https:\/\/veteran.az\/wp-content\/uploads\/2021\/11\/1304953-150x150.jpg",150,150,true],"medium":["https:\/\/veteran.az\/wp-content\/uploads\/2021\/11\/1304953-300x192.jpg",300,192,true],"medium_large":["https:\/\/veteran.az\/wp-content\/uploads\/2021\/11\/1304953.jpg",620,397,false],"large":["https:\/\/veteran.az\/wp-content\/uploads\/2021\/11\/1304953.jpg",620,397,false],"1536x1536":["https:\/\/veteran.az\/wp-content\/uploads\/2021\/11\/1304953.jpg",620,397,false],"2048x2048":["https:\/\/veteran.az\/wp-content\/uploads\/2021\/11\/1304953.jpg",620,397,false],"covernews-slider-full":["https:\/\/veteran.az\/wp-content\/uploads\/2021\/11\/1304953.jpg",620,397,false],"covernews-slider-center":["https:\/\/veteran.az\/wp-content\/uploads\/2021\/11\/1304953.jpg",620,397,false],"covernews-featured":["https:\/\/veteran.az\/wp-content\/uploads\/2021\/11\/1304953.jpg",620,397,false],"covernews-medium":["https:\/\/veteran.az\/wp-content\/uploads\/2021\/11\/1304953-620x380.jpg",540,331,true],"covernews-medium-square":["https:\/\/veteran.az\/wp-content\/uploads\/2021\/11\/1304953.jpg",390,250,false]},"author_info":{"display_name":"Veteran.az","author_link":"https:\/\/veteran.az\/?author=3"},"category_info":"<a href=\"https:\/\/veteran.az\/?cat=9\" rel=\"category\">Silahl\u0131 Q\u00fcvv\u0259l\u0259r<\/a>","tag_info":"Silahl\u0131 Q\u00fcvv\u0259l\u0259r","comment_count":"0","_links":{"self":[{"href":"https:\/\/veteran.az\/index.php?rest_route=\/wp\/v2\/posts\/13016","targetHints":{"allow":["GET"]}}],"collection":[{"href":"https:\/\/veteran.az\/index.php?rest_route=\/wp\/v2\/posts"}],"about":[{"href":"https:\/\/veteran.az\/index.php?rest_route=\/wp\/v2\/types\/post"}],"author":[{"embeddable":true,"href":"https:\/\/veteran.az\/index.php?rest_route=\/wp\/v2\/users\/3"}],"replies":[{"embeddable":true,"href":"https:\/\/veteran.az\/index.php?rest_route=%2Fwp%2Fv2%2Fcomments&post=13016"}],"version-history":[{"count":1,"href":"https:\/\/veteran.az\/index.php?rest_route=\/wp\/v2\/posts\/13016\/revisions"}],"predecessor-version":[{"id":13018,"href":"https:\/\/veteran.az\/index.php?rest_route=\/wp\/v2\/posts\/13016\/revisions\/13018"}],"wp:featuredmedia":[{"embeddable":true,"href":"https:\/\/veteran.az\/index.php?rest_route=\/wp\/v2\/media\/13017"}],"wp:attachment":[{"href":"https:\/\/veteran.az\/index.php?rest_route=%2Fwp%2Fv2%2Fmedia&parent=13016"}],"wp:term":[{"taxonomy":"category","embeddable":true,"href":"https:\/\/veteran.az\/index.php?rest_route=%2Fwp%2Fv2%2Fcategories&post=13016"},{"taxonomy":"post_tag","embeddable":true,"href":"https:\/\/veteran.az\/index.php?rest_route=%2Fwp%2Fv2%2Ftags&post=13016"}],"curies":[{"name":"wp","href":"https:\/\/api.w.org\/{rel}","templated":true}]}}