{"id":12998,"date":"2021-11-01T10:09:33","date_gmt":"2021-11-01T06:09:33","guid":{"rendered":"http:\/\/veteran.az\/?p=12998"},"modified":"2021-11-01T10:09:35","modified_gmt":"2021-11-01T06:09:35","slug":"isgaldan-azad-olunmus-%c9%99razil%c9%99rin-torpaqlari-bel%c9%99-bolun%c9%99c%c9%99k","status":"publish","type":"post","link":"https:\/\/veteran.az\/?p=12998","title":{"rendered":"\u0130\u015f\u011faldan azad olunmu\u015f \u0259razil\u0259rin torpaqlar\u0131 bel\u0259 b\u00f6l\u00fcn\u0259c\u0259k"},"content":{"rendered":"\n<p>\u0130\u015f\u011faldan azad olunmu\u015f \u0259razil\u0259rd\u0259 sakinl\u0259r aras\u0131nda pay torpaqlar\u0131n\u0131n b\u00f6lg\u00fcs\u00fc apar\u0131lacaq.<\/p>\n\n\n\n<p>Pravda.az-\u0131n m\u0259lumat\u0131na g\u00f6r\u0259, Milli M\u0259clisin Aqrar siyas\u0259t komit\u0259sinin s\u0259dri Tahir Rzayev bildirib ki, Qaraba\u011f b\u00f6lg\u0259si i\u015f\u011fal alt\u0131nda oldu\u011fu \u00fc\u00e7\u00fcn indiy\u0259 kimi h\u0259min \u0259razil\u0259rd\u0259 torpaq islahat\u0131 aparmaq m\u00fcmk\u00fcn olmay\u0131b.<\/p>\n\n\n\n<p>Mill\u0259t v\u0259kilinin s\u00f6zl\u0259rin\u0259 g\u00f6r\u0259, art\u0131q bununla ba\u011fl\u0131 i\u015fl\u0259r\u0259 ba\u015flan\u0131b. \u0130\u015f\u011faldan azad edilmi\u015f k\u0259ndl\u0259r b\u0259rpa olunark\u0259n h\u0259r bir ev\u0259 t\u0259qrib\u0259n 12 sot torpaq ayr\u0131lacaq.<\/p>\n\n\n\n<p>Tahir Rzayev bildirib ki, pay torpaqlar\u0131n\u0131n b\u00f6lg\u00fcs\u00fc il\u0259 ba\u011fl\u0131 qeydiyyat i\u015fl\u0259ri apar\u0131l\u0131r. Haz\u0131rda \u0259kin\u0259 yararl\u0131 torpaqlar ara\u015fd\u0131r\u0131l\u0131r. &#171;A\u011f\u0131ll\u0131 k\u0259nd&#187; v\u0259 &#171;A\u011f\u0131ll\u0131 \u015f\u0259h\u0259r&#187; layih\u0259l\u0259rinin h\u0259yata ke\u00e7irildiyi Z\u0259ngilan rayonunda 600 hektara yax\u0131n torpaq yararl\u0131 hala sal\u0131n\u0131b v\u0259 450 hektara yax\u0131n torpa\u011f\u0131n is\u0259 \u0259kin\u0259 ayr\u0131lmas\u0131 n\u0259z\u0259rd\u0259 tutulur.<\/p>\n\n\n\n<p>Mill\u0259t v\u0259kili \u0259lav\u0259 edib ki, i\u015f\u011faldan azad olunmu\u015f \u0259razil\u0259rd\u0259 b\u0259l\u0259diyy\u0259 torpaqlar\u0131n\u0131n da m\u00fc\u0259yy\u0259nl\u0259\u015fdirilm\u0259si n\u0259z\u0259rd\u0259 tutulub.<\/p>\n\n\n\n<figure class=\"wp-block-embed is-type-video is-provider-youtube wp-block-embed-youtube wp-embed-aspect-16-9 wp-has-aspect-ratio\"><div class=\"wp-block-embed__wrapper\">\n<iframe loading=\"lazy\" title=\"\u0130\u015f\u011faldan azad olunmu\u015f \u0259razil\u0259rin pay torpaqlar\u0131 bel\u0259 b\u00f6l\u00fcn\u0259c\u0259k\" width=\"640\" height=\"360\" src=\"https:\/\/www.youtube.com\/embed\/yByC-B8IuAQ?feature=oembed\" frameborder=\"0\" allow=\"accelerometer; autoplay; clipboard-write; encrypted-media; gyroscope; picture-in-picture; web-share\" referrerpolicy=\"strict-origin-when-cross-origin\" allowfullscreen><\/iframe>\n<\/div><\/figure>\n","protected":false},"excerpt":{"rendered":"<p>\u0130\u015f\u011faldan azad olunmu\u015f \u0259razil\u0259rd\u0259 sakinl\u0259r aras\u0131nda pay torpaqlar\u0131n\u0131n b\u00f6lg\u00fcs\u00fc apar\u0131lacaq. Pravda.az-\u0131n m\u0259lumat\u0131na g\u00f6r\u0259, Milli M\u0259clisin&#8230;<\/p>\n","protected":false},"author":3,"featured_media":12999,"comment_status":"closed","ping_status":"closed","sticky":false,"template":"","format":"standard","meta":{"footnotes":""},"categories":[6],"tags":[],"class_list":["post-12998","post","type-post","status-publish","format-standard","has-post-thumbnail","hentry","category-cmiyyt"],"featured_image_urls":{"full":["https:\/\/veteran.az\/wp-content\/uploads\/2021\/11\/qarabag.jpg",700,400,false],"thumbnail":["https:\/\/veteran.az\/wp-content\/uploads\/2021\/11\/qarabag-150x150.jpg",150,150,true],"medium":["https:\/\/veteran.az\/wp-content\/uploads\/2021\/11\/qarabag-300x171.jpg",300,171,true],"medium_large":["https:\/\/veteran.az\/wp-content\/uploads\/2021\/11\/qarabag.jpg",640,366,false],"large":["https:\/\/veteran.az\/wp-content\/uploads\/2021\/11\/qarabag.jpg",640,366,false],"1536x1536":["https:\/\/veteran.az\/wp-content\/uploads\/2021\/11\/qarabag.jpg",700,400,false],"2048x2048":["https:\/\/veteran.az\/wp-content\/uploads\/2021\/11\/qarabag.jpg",700,400,false],"covernews-slider-full":["https:\/\/veteran.az\/wp-content\/uploads\/2021\/11\/qarabag.jpg",700,400,false],"covernews-slider-center":["https:\/\/veteran.az\/wp-content\/uploads\/2021\/11\/qarabag.jpg",700,400,false],"covernews-featured":["https:\/\/veteran.az\/wp-content\/uploads\/2021\/11\/qarabag.jpg",700,400,false],"covernews-medium":["https:\/\/veteran.az\/wp-content\/uploads\/2021\/11\/qarabag-700x380.jpg",540,293,true],"covernews-medium-square":["https:\/\/veteran.az\/wp-content\/uploads\/2021\/11\/qarabag-675x400.jpg",400,237,true]},"author_info":{"display_name":"Veteran.az","author_link":"https:\/\/veteran.az\/?author=3"},"category_info":"<a href=\"https:\/\/veteran.az\/?cat=6\" rel=\"category\">C\u0259miyy\u0259t<\/a>","tag_info":"C\u0259miyy\u0259t","comment_count":"0","_links":{"self":[{"href":"https:\/\/veteran.az\/index.php?rest_route=\/wp\/v2\/posts\/12998","targetHints":{"allow":["GET"]}}],"collection":[{"href":"https:\/\/veteran.az\/index.php?rest_route=\/wp\/v2\/posts"}],"about":[{"href":"https:\/\/veteran.az\/index.php?rest_route=\/wp\/v2\/types\/post"}],"author":[{"embeddable":true,"href":"https:\/\/veteran.az\/index.php?rest_route=\/wp\/v2\/users\/3"}],"replies":[{"embeddable":true,"href":"https:\/\/veteran.az\/index.php?rest_route=%2Fwp%2Fv2%2Fcomments&post=12998"}],"version-history":[{"count":1,"href":"https:\/\/veteran.az\/index.php?rest_route=\/wp\/v2\/posts\/12998\/revisions"}],"predecessor-version":[{"id":13000,"href":"https:\/\/veteran.az\/index.php?rest_route=\/wp\/v2\/posts\/12998\/revisions\/13000"}],"wp:featuredmedia":[{"embeddable":true,"href":"https:\/\/veteran.az\/index.php?rest_route=\/wp\/v2\/media\/12999"}],"wp:attachment":[{"href":"https:\/\/veteran.az\/index.php?rest_route=%2Fwp%2Fv2%2Fmedia&parent=12998"}],"wp:term":[{"taxonomy":"category","embeddable":true,"href":"https:\/\/veteran.az\/index.php?rest_route=%2Fwp%2Fv2%2Fcategories&post=12998"},{"taxonomy":"post_tag","embeddable":true,"href":"https:\/\/veteran.az\/index.php?rest_route=%2Fwp%2Fv2%2Ftags&post=12998"}],"curies":[{"name":"wp","href":"https:\/\/api.w.org\/{rel}","templated":true}]}}