{"id":12982,"date":"2021-11-01T08:04:09","date_gmt":"2021-11-01T04:04:09","guid":{"rendered":"http:\/\/veteran.az\/?p=12982"},"modified":"2021-11-01T08:04:10","modified_gmt":"2021-11-01T04:04:10","slug":"qarabag-ilm%c9%99l%c9%99rd%c9%99-layih%c9%99si-c%c9%99rciv%c9%99sind%c9%99-toxunan-qarabagin-c%c9%99l%c9%99bi-xalcasi-susa-s%c9%99h%c9%99rind%c9%99dir","status":"publish","type":"post","link":"https:\/\/veteran.az\/?p=12982","title":{"rendered":"\u201cQaraba\u011f \u0130lm\u0259l\u0259rd\u0259\u201d layih\u0259si \u00e7\u0259r\u00e7iv\u0259sind\u0259 toxunan Qaraba\u011f\u0131n \u201c\u00c7\u0259l\u0259bi\u201d xal\u00e7as\u0131 \u015eu\u015fa \u015f\u0259h\u0259rind\u0259dir"},"content":{"rendered":"\n<p><strong>Az\u0259rbaycan\u0131n q\u0131rx d\u00f6rd g\u00fcnl\u00fck V\u0259t\u0259n m\u00fcharib\u0259sind\u0259ki q\u0259l\u0259b\u0259sini simvoliz\u0259 ed\u0259n \u201cQaraba\u011f \u0130lm\u0259l\u0259rd\u0259\u201d layih\u0259si \u00e7\u0259r\u00e7iv\u0259sind\u0259 toxunan Qaraba\u011f\u0131n \u201c\u00c7\u0259l\u0259bi\u201d xal\u00e7as\u0131 \u015eu\u015fa \u015f\u0259h\u0259rind\u0259dir.<\/strong><\/p>\n\n\n\n<p>Layih\u0259 \u00e7\u0259r\u00e7iv\u0259sind\u0259 toxunan xal\u00e7a \u015eu\u015fa i\u015f\u011faldan azad olunandan sonra burada toxunan ilk Qaraba\u011f xal\u00e7as\u0131 olub.<\/p>\n\n\n\n<p>Qeyd ed\u0259k ki, Qaraba\u011f xal\u00e7as\u0131 \u015eu\u015fan\u0131n Xal\u00e7a Muzeyin\u0259 t\u0259hvil veril\u0259c\u0259k. Onun g\u0259l\u0259c\u0259kd\u0259 muzeyd\u0259 eksponat kimi saxlan\u0131laca\u011f\u0131 istisna edilmir.<\/p>\n\n\n\n<p>Qaraba\u011f xal\u00e7as\u0131 Z\u0259f\u0259r g\u00fcn\u00fc \u0259r\u0259f\u0259sind\u0259 \u015eu\u015fada n\u00fcmayi\u015f olunacaq.<\/p>\n\n\n\n<p>Xal\u00e7aya ilk ilm\u0259l\u0259ri &#171;Az\u0259rxal\u00e7a&#187;n\u0131n Qaraba\u011f m\u00fcharib\u0259sind\u0259 i\u015ftirak ed\u0259n \u0259m\u0259kda\u015flar\u0131 vurub. Sumqay\u0131tda olanda \u015f\u0259hid general, Milli Q\u0259hr\u0259man Polad H\u0259\u015fimovun anas\u0131 da xal\u00e7aya ilm\u0259 vurub.<\/p>\n\n\n\n<p>Xal\u00e7a &#171;Az\u0259rxal\u00e7a&#187;n\u0131n dizaynerl\u0259ri t\u0259r\u0259find\u0259n haz\u0131rlan\u0131b v\u0259 q\u0259dim nax\u0131\u015flar\u0131m\u0131z\u0131 \u00f6z\u00fcnd\u0259 \u0259ks etdir\u0259n &#171;\u00c7\u0259l\u0259bi&#187; xal\u00e7as\u0131d\u0131r.<\/p>\n","protected":false},"excerpt":{"rendered":"<p>Az\u0259rbaycan\u0131n q\u0131rx d\u00f6rd g\u00fcnl\u00fck V\u0259t\u0259n m\u00fcharib\u0259sind\u0259ki q\u0259l\u0259b\u0259sini simvoliz\u0259 ed\u0259n \u201cQaraba\u011f \u0130lm\u0259l\u0259rd\u0259\u201d layih\u0259si \u00e7\u0259r\u00e7iv\u0259sind\u0259 toxunan Qaraba\u011f\u0131n&#8230;<\/p>\n","protected":false},"author":3,"featured_media":12983,"comment_status":"closed","ping_status":"closed","sticky":false,"template":"","format":"standard","meta":{"footnotes":""},"categories":[9],"tags":[],"class_list":["post-12982","post","type-post","status-publish","format-standard","has-post-thumbnail","hentry","category-sq"],"featured_image_urls":{"full":["https:\/\/veteran.az\/wp-content\/uploads\/2021\/11\/qarabag-xalca.jpg",450,300,false],"thumbnail":["https:\/\/veteran.az\/wp-content\/uploads\/2021\/11\/qarabag-xalca-150x150.jpg",150,150,true],"medium":["https:\/\/veteran.az\/wp-content\/uploads\/2021\/11\/qarabag-xalca-300x200.jpg",300,200,true],"medium_large":["https:\/\/veteran.az\/wp-content\/uploads\/2021\/11\/qarabag-xalca.jpg",450,300,false],"large":["https:\/\/veteran.az\/wp-content\/uploads\/2021\/11\/qarabag-xalca.jpg",450,300,false],"1536x1536":["https:\/\/veteran.az\/wp-content\/uploads\/2021\/11\/qarabag-xalca.jpg",450,300,false],"2048x2048":["https:\/\/veteran.az\/wp-content\/uploads\/2021\/11\/qarabag-xalca.jpg",450,300,false],"covernews-slider-full":["https:\/\/veteran.az\/wp-content\/uploads\/2021\/11\/qarabag-xalca.jpg",450,300,false],"covernews-slider-center":["https:\/\/veteran.az\/wp-content\/uploads\/2021\/11\/qarabag-xalca.jpg",450,300,false],"covernews-featured":["https:\/\/veteran.az\/wp-content\/uploads\/2021\/11\/qarabag-xalca.jpg",450,300,false],"covernews-medium":["https:\/\/veteran.az\/wp-content\/uploads\/2021\/11\/qarabag-xalca.jpg",450,300,false],"covernews-medium-square":["https:\/\/veteran.az\/wp-content\/uploads\/2021\/11\/qarabag-xalca.jpg",375,250,false]},"author_info":{"display_name":"Veteran.az","author_link":"https:\/\/veteran.az\/?author=3"},"category_info":"<a href=\"https:\/\/veteran.az\/?cat=9\" rel=\"category\">Silahl\u0131 Q\u00fcvv\u0259l\u0259r<\/a>","tag_info":"Silahl\u0131 Q\u00fcvv\u0259l\u0259r","comment_count":"0","_links":{"self":[{"href":"https:\/\/veteran.az\/index.php?rest_route=\/wp\/v2\/posts\/12982","targetHints":{"allow":["GET"]}}],"collection":[{"href":"https:\/\/veteran.az\/index.php?rest_route=\/wp\/v2\/posts"}],"about":[{"href":"https:\/\/veteran.az\/index.php?rest_route=\/wp\/v2\/types\/post"}],"author":[{"embeddable":true,"href":"https:\/\/veteran.az\/index.php?rest_route=\/wp\/v2\/users\/3"}],"replies":[{"embeddable":true,"href":"https:\/\/veteran.az\/index.php?rest_route=%2Fwp%2Fv2%2Fcomments&post=12982"}],"version-history":[{"count":1,"href":"https:\/\/veteran.az\/index.php?rest_route=\/wp\/v2\/posts\/12982\/revisions"}],"predecessor-version":[{"id":12984,"href":"https:\/\/veteran.az\/index.php?rest_route=\/wp\/v2\/posts\/12982\/revisions\/12984"}],"wp:featuredmedia":[{"embeddable":true,"href":"https:\/\/veteran.az\/index.php?rest_route=\/wp\/v2\/media\/12983"}],"wp:attachment":[{"href":"https:\/\/veteran.az\/index.php?rest_route=%2Fwp%2Fv2%2Fmedia&parent=12982"}],"wp:term":[{"taxonomy":"category","embeddable":true,"href":"https:\/\/veteran.az\/index.php?rest_route=%2Fwp%2Fv2%2Fcategories&post=12982"},{"taxonomy":"post_tag","embeddable":true,"href":"https:\/\/veteran.az\/index.php?rest_route=%2Fwp%2Fv2%2Ftags&post=12982"}],"curies":[{"name":"wp","href":"https:\/\/api.w.org\/{rel}","templated":true}]}}