{"id":12979,"date":"2021-11-01T07:58:47","date_gmt":"2021-11-01T03:58:47","guid":{"rendered":"http:\/\/veteran.az\/?p=12979"},"modified":"2021-11-01T07:58:48","modified_gmt":"2021-11-01T03:58:48","slug":"erdogan-v%c9%99-bayden-c%c9%99nubi-qafqazda-diplomatik-s%c9%99yl%c9%99ri-muzakir%c9%99-edibl%c9%99r","status":"publish","type":"post","link":"https:\/\/veteran.az\/?p=12979","title":{"rendered":"Erdo\u011fan v\u0259 Bayden &#171;C\u0259nubi Qafqazda diplomatik s\u0259yl\u0259ri&#187; m\u00fczakir\u0259 edibl\u0259r"},"content":{"rendered":"\n<p><strong>T\u00fcrkiy\u0259 Prezidenti Recep Tayyip Erdo\u011fan v\u0259 AB\u015e Prezidenti Joe Biden &#171;C\u0259nubi Qafqazda diplomatik s\u0259yl\u0259ri&#187; m\u00fczakir\u0259 edibl\u0259r.<\/strong><\/p>\n\n\n\n<p>Erdo\u011fan-Biden g\u00f6r\u00fc\u015f\u00fc Romada G20 sammiti \u00e7\u0259r\u00e7iv\u0259sind\u0259 bazar g\u00fcn\u00fc ke\u00e7irilib.<\/p>\n\n\n\n<p>G\u00f6r\u00fc\u015fd\u0259 xarici i\u015fl\u0259r naziri Mevl\u00fct \u00c7avu\u015fo\u011flu v\u0259 AB\u015e-\u0131n d\u00f6vl\u0259t katibi Antony Blinken d\u0259 i\u015ftirak edibl\u0259r.<\/p>\n\n\n\n<p>&#171;Liderl\u0259r Suriyadak\u0131 siyasi prosesl\u0259ri, ehtiyac\u0131 olan \u0259fqanlara humanitar yard\u0131m\u0131n \u00e7atd\u0131r\u0131lmas\u0131n\u0131, Liviyadak\u0131 se\u00e7kil\u0259ri, \u015e\u0259rqi Aral\u0131q d\u0259nizind\u0259ki v\u0259ziyy\u0259ti v\u0259 C\u0259nubi Qafqazda diplomatik s\u0259yl\u0259ri m\u00fczakir\u0259 edibl\u0259r&#187;, A\u011f Evin a\u00e7\u0131qlamas\u0131nda qeyd olunub.<\/p>\n\n\n\n<p>Prezident Biden T\u00fcrkiy\u0259 il\u0259 &#171;konstruktiv m\u00fcnasib\u0259tl\u0259ri davam etdirm\u0259yi, \u0259m\u0259kda\u015fl\u0131q sah\u0259l\u0259rini geni\u015fl\u0259ndirm\u0259yi v\u0259 fikir ayr\u0131l\u0131qlar\u0131n\u0131 s\u0259m\u0259r\u0259li t\u0259nziml\u0259m\u0259k ist\u0259yini vur\u011fulay\u0131b&#187;, m\u0259lumatda deyilib.<\/p>\n\n\n\n<p>A\u011f Evin a\u00e7\u0131qlamas\u0131na g\u00f6r\u0259, Joe Biden &#171;T\u00fcrkiy\u0259nin NATO-nun \u018ffqan\u0131standak\u0131 missiyas\u0131na iyirmi il\u0259 yax\u0131n m\u00fcdd\u0259t \u0259rzind\u0259 verdiyi t\u00f6hf\u0259l\u0259r\u0259 g\u00f6r\u0259 minn\u0259tdarl\u0131\u011f\u0131n\u0131 bildirib.&#187;<\/p>\n\n\n\n<p>Prezident Biden &#171;NATO m\u00fctt\u0259fiqi kimi T\u00fcrkiy\u0259nin \u0259h\u0259miyy\u0259tini vur\u011fulay\u0131b, lakin T\u00fcrkiy\u0259nin Rusiyan\u0131n S-400 raket sistemin\u0259 malik olmas\u0131ndan narahatl\u0131\u011f\u0131&#187; qeyd edib.<\/p>\n\n\n\n<p>Joe Biden el\u0259c\u0259 d\u0259 &#171;g\u00fccl\u00fc demokratikinstitutlar\u0131n, insan haqlar\u0131na h\u00f6rm\u0259tin v\u0259 qanunun aliliyinin s\u00fclh v\u0259 rifah \u00fc\u00e7\u00fcn \u0259h\u0259miyy\u0259tini vur\u011fulay\u0131b.&#187;<\/p>\n\n\n\n<p>T\u00fcrkiy\u0259 Prezidentinin M\u0259tbuat xidm\u0259tinin yayd\u0131\u011f\u0131 m\u0259lumatda qeyd olunub ki, &#171;m\u00fcsb\u0259t \u015f\u0259raitd\u0259 ke\u00e7\u0259n g\u00f6r\u00fc\u015fd\u0259 ikit\u0259r\u0259fli v\u0259 regional m\u0259s\u0259l\u0259l\u0259r m\u00fczakir\u0259 edilib.&#187;<\/p>\n\n\n\n<p>&#171;G\u00f6r\u00fc\u015f zaman\u0131 iki lider T\u00fcrkiy\u0259 il\u0259 AB\u015e aras\u0131nda m\u00fcnasib\u0259tl\u0259rin daha da m\u00f6hk\u0259ml\u0259ndirilm\u0259si v\u0259 inki\u015faf etdirilm\u0259sin\u0259 dair m\u00fc\u015ft\u0259r\u0259k irad\u0259 n\u00fcmayi\u015f etdirir\u0259r\u0259k bunun \u00fc\u00e7\u00fcn birg\u0259 mexanizmin yarad\u0131lmas\u0131 bar\u0259d\u0259 raz\u0131l\u0131\u011fa g\u0259libl\u0259r.&#187;<\/p>\n\n\n\n<p>Dan\u0131\u015f\u0131qlar zaman\u0131 ikit\u0259r\u0259fli ticar\u0259tin h\u0259cminin art\u0131r\u0131lmas\u0131, NATO Alyans\u0131 v\u0259 strateji partnyorluq kimi m\u0259s\u0259l\u0259l\u0259r \u00fczr\u0259 m\u00fc\u0259yy\u0259n edil\u0259n m\u00fc\u015ft\u0259r\u0259k perspektiv istiqam\u0259tind\u0259 qar\u015f\u0131l\u0131ql\u0131 add\u0131mlar\u0131n at\u0131lmal\u0131 oldu\u011fu vur\u011fulan\u0131b.<\/p>\n\n\n\n<p>Reuters agentliyinin bildirdiyin\u0259 g\u00f6r\u0259, Erdo\u011fan il\u0259 Biden aras\u0131nda dan\u0131\u015f\u0131qlar 70 d\u0259qiq\u0259 \u00e7\u0259kib.<\/p>\n\n\n\n<p>(BBC)<\/p>\n","protected":false},"excerpt":{"rendered":"<p>T\u00fcrkiy\u0259 Prezidenti Recep Tayyip Erdo\u011fan v\u0259 AB\u015e Prezidenti Joe Biden &#171;C\u0259nubi Qafqazda diplomatik s\u0259yl\u0259ri&#187; m\u00fczakir\u0259&#8230;<\/p>\n","protected":false},"author":3,"featured_media":12980,"comment_status":"closed","ping_status":"closed","sticky":false,"template":"","format":"standard","meta":{"footnotes":""},"categories":[6],"tags":[],"class_list":["post-12979","post","type-post","status-publish","format-standard","has-post-thumbnail","hentry","category-cmiyyt"],"featured_image_urls":{"full":["https:\/\/veteran.az\/wp-content\/uploads\/2021\/11\/121293558_2fef18e9-09fe-4f68-ba4d-5cf09725c589.jpg",800,450,false],"thumbnail":["https:\/\/veteran.az\/wp-content\/uploads\/2021\/11\/121293558_2fef18e9-09fe-4f68-ba4d-5cf09725c589-150x150.jpg",150,150,true],"medium":["https:\/\/veteran.az\/wp-content\/uploads\/2021\/11\/121293558_2fef18e9-09fe-4f68-ba4d-5cf09725c589-300x169.jpg",300,169,true],"medium_large":["https:\/\/veteran.az\/wp-content\/uploads\/2021\/11\/121293558_2fef18e9-09fe-4f68-ba4d-5cf09725c589-768x432.jpg",640,360,true],"large":["https:\/\/veteran.az\/wp-content\/uploads\/2021\/11\/121293558_2fef18e9-09fe-4f68-ba4d-5cf09725c589.jpg",640,360,false],"1536x1536":["https:\/\/veteran.az\/wp-content\/uploads\/2021\/11\/121293558_2fef18e9-09fe-4f68-ba4d-5cf09725c589.jpg",800,450,false],"2048x2048":["https:\/\/veteran.az\/wp-content\/uploads\/2021\/11\/121293558_2fef18e9-09fe-4f68-ba4d-5cf09725c589.jpg",800,450,false],"covernews-slider-full":["https:\/\/veteran.az\/wp-content\/uploads\/2021\/11\/121293558_2fef18e9-09fe-4f68-ba4d-5cf09725c589.jpg",800,450,false],"covernews-slider-center":["https:\/\/veteran.az\/wp-content\/uploads\/2021\/11\/121293558_2fef18e9-09fe-4f68-ba4d-5cf09725c589.jpg",800,450,false],"covernews-featured":["https:\/\/veteran.az\/wp-content\/uploads\/2021\/11\/121293558_2fef18e9-09fe-4f68-ba4d-5cf09725c589.jpg",800,450,false],"covernews-medium":["https:\/\/veteran.az\/wp-content\/uploads\/2021\/11\/121293558_2fef18e9-09fe-4f68-ba4d-5cf09725c589-720x380.jpg",540,285,true],"covernews-medium-square":["https:\/\/veteran.az\/wp-content\/uploads\/2021\/11\/121293558_2fef18e9-09fe-4f68-ba4d-5cf09725c589-675x450.jpg",375,250,true]},"author_info":{"display_name":"Veteran.az","author_link":"https:\/\/veteran.az\/?author=3"},"category_info":"<a href=\"https:\/\/veteran.az\/?cat=6\" rel=\"category\">C\u0259miyy\u0259t<\/a>","tag_info":"C\u0259miyy\u0259t","comment_count":"0","_links":{"self":[{"href":"https:\/\/veteran.az\/index.php?rest_route=\/wp\/v2\/posts\/12979","targetHints":{"allow":["GET"]}}],"collection":[{"href":"https:\/\/veteran.az\/index.php?rest_route=\/wp\/v2\/posts"}],"about":[{"href":"https:\/\/veteran.az\/index.php?rest_route=\/wp\/v2\/types\/post"}],"author":[{"embeddable":true,"href":"https:\/\/veteran.az\/index.php?rest_route=\/wp\/v2\/users\/3"}],"replies":[{"embeddable":true,"href":"https:\/\/veteran.az\/index.php?rest_route=%2Fwp%2Fv2%2Fcomments&post=12979"}],"version-history":[{"count":1,"href":"https:\/\/veteran.az\/index.php?rest_route=\/wp\/v2\/posts\/12979\/revisions"}],"predecessor-version":[{"id":12981,"href":"https:\/\/veteran.az\/index.php?rest_route=\/wp\/v2\/posts\/12979\/revisions\/12981"}],"wp:featuredmedia":[{"embeddable":true,"href":"https:\/\/veteran.az\/index.php?rest_route=\/wp\/v2\/media\/12980"}],"wp:attachment":[{"href":"https:\/\/veteran.az\/index.php?rest_route=%2Fwp%2Fv2%2Fmedia&parent=12979"}],"wp:term":[{"taxonomy":"category","embeddable":true,"href":"https:\/\/veteran.az\/index.php?rest_route=%2Fwp%2Fv2%2Fcategories&post=12979"},{"taxonomy":"post_tag","embeddable":true,"href":"https:\/\/veteran.az\/index.php?rest_route=%2Fwp%2Fv2%2Ftags&post=12979"}],"curies":[{"name":"wp","href":"https:\/\/api.w.org\/{rel}","templated":true}]}}