{"id":12387,"date":"2021-09-30T01:04:36","date_gmt":"2021-09-29T21:04:36","guid":{"rendered":"http:\/\/veteran.az\/?p=12387"},"modified":"2021-09-30T01:04:38","modified_gmt":"2021-09-29T21:04:38","slug":"ot%c9%99n-il-bu-gun-erm%c9%99ni-vandalizminin-qurbani-olmus-qurbanovlar-ail%c9%99si","status":"publish","type":"post","link":"https:\/\/veteran.az\/?p=12387","title":{"rendered":"\u00d6t\u0259n il-bu g\u00fcn: Erm\u0259ni vandalizminin qurban\u0131 olmu\u015f Qurbanovlar ail\u0259si\u2026"},"content":{"rendered":"\n<p><strong>Ail\u0259sinin 5 \u00fczv\u00fcn\u00fc itirmi\u015f MAXE Nadir Qurbanov\u2026<\/strong><\/p>\n\n\n\n<p><strong>Goranboyun ilk \u0130kinci V\u0259t\u0259n M\u00fcharib\u0259si \u015e\u0259hidl\u0259ri&#8230;<\/strong><\/p>\n\n\n\n<p><strong>Bu g\u00fcn \u0130kinci V\u0259t\u0259n M\u00fcharib\u0259sinin ba\u015flamas\u0131ndan bir il \u00f6t\u00fcr\u2026<\/strong><\/p>\n\n\n\n<p><strong><em>27 sentyabr 2020-ci il tarixind\u0259 t\u0259cav\u00fczkar v\u0259 i\u015f\u011fal\u00e7\u0131 Erm\u0259nistan\u0131n n\u00f6vb\u0259ti qanl\u0131 t\u0259xribat\u0131 v\u0259 fitn\u0259karl\u0131\u011f\u0131na cavab olaraq, \u00f6lk\u0259 Prezidenti, Ali Ba\u015f Komandan \u0130lham \u018fliyevin \u0259mri il\u0259 Az\u0259rbaycan Silahl\u0131 Q\u00fcvv\u0259l\u0259ri \u0259ks-h\u00fcc\u00fcm \u0259m\u0259liyyat\u0131na, \u0130kinci V\u0259t\u0259n M\u00fcharib\u0259sin\u0259 ba\u015flad\u0131\u2026<\/em><\/strong><\/p>\n\n\n\n<figure class=\"wp-block-image size-large\"><img decoding=\"async\" src=\"http:\/\/veteran.az\/wp-content\/uploads\/2021\/09\/nadir-11.jpg\" alt=\"\" class=\"wp-image-12388\"\/><\/figure>\n\n\n\n<p><strong>M\u00fcharib\u0259nin el\u0259 ilk d\u0259qiq\u0259l\u0259rind\u0259n R\u0259\u015fad\u0259tli Az\u0259rbaycan Ordusu, \u0130gid, Q\u0259hr\u0259man V\u0259t\u0259n sevdal\u0131lar\u0131 d\u00fc\u015fm\u0259n\u0259 b\u00f6y\u00fck z\u0259rb\u0259 vurdular, onlar\u0131 canl\u0131 q\u00fcvv\u0259 v\u0259 h\u0259rbi texnika sar\u0131dan b\u00f6y\u00fck itkil\u0259r\u0259 m\u0259ruz qoydular\u2026<\/strong><\/p>\n\n\n\n<p>Eyni zamanda, m\u00fcharib\u0259nin birinci g\u00fcn\u00fcnd\u0259 \u015e\u0259hidl\u0259r verdik, yaralanan v\u0259 x\u0259sar\u0259t alanlar\u0131mz oldu\u2026<\/p>\n\n\n\n<p><strong>H\u0259m\u00e7inin, m\u00fcharib\u0259nin ilk g\u00fcn\u00fcnd\u0259 n\u00f6vb\u0259ti erm\u0259ni vandalizmi, ermn\u0259ni barbarizmi ya\u015fand\u0131\u2026<\/strong><\/p>\n\n\n\n<p>G\u00f6zl\u0259ri qandan doymayan murdar v\u0259 al\u00e7aq erm\u0259nil\u0259r t\u0259r\u0259find\u0259n n\u00f6vb\u0259ti insanl\u0131q dram\u0131 ya\u015fad\u0131ld\u0131\u2026<\/p>\n\n\n\n<p><strong>Bel\u0259 ki, sentyabr\u0131n 27-d\u0259-ax\u015fama yax\u0131n Naftalan\u0131n Qa\u015falt\u0131-Qaraqoyunlu k\u0259ndind\u0259 ya\u015fayan Qurbanovlar ail\u0259si q\u0259tl\u0259 yetirildil\u0259r\u2026<\/strong><\/p>\n\n\n\n<figure class=\"wp-block-image size-large\"><img loading=\"lazy\" decoding=\"async\" width=\"960\" height=\"720\" src=\"http:\/\/veteran.az\/wp-content\/uploads\/2021\/09\/nadir-4.jpg\" alt=\"\" class=\"wp-image-12389\" srcset=\"https:\/\/veteran.az\/wp-content\/uploads\/2021\/09\/nadir-4.jpg 960w, https:\/\/veteran.az\/wp-content\/uploads\/2021\/09\/nadir-4-300x225.jpg 300w, https:\/\/veteran.az\/wp-content\/uploads\/2021\/09\/nadir-4-768x576.jpg 768w\" sizes=\"auto, (max-width: 960px) 100vw, 960px\" \/><\/figure>\n\n\n\n<p>MAXE, \u0130kinci V\u0259t\u0259n M\u00fcharib\u0259si i\u015ftirak\u00e7\u0131s\u0131&nbsp;<strong>Nadir Qurbanov<\/strong>un ya\u015fad\u0131\u011f\u0131 ev erm\u0259nil\u0259r t\u0259r\u0259find\u0259n vuruldu, ev darmada\u011f\u0131n edildi v\u0259 ail\u0259 \u00fczvl\u0259rind\u0259n 5 n\u0259f\u0259r-<strong>&nbsp;39 ya\u015fl\u0131 h\u0259yat yolda\u015f\u0131 Afaq \u018fmirova, 64 ya\u015fl\u0131 anas\u0131 \u015e\u0259fay\u0259t Qurbanova, 69 ya\u015fl\u0131 atas\u0131 Elbrus Qurbanov, 13 ya\u015fl\u0131, 7-ci sinif\u0259 ged\u0259n o\u011flu \u015e\u0259hiriyar v\u0259 8-ci sinifd\u0259 oxuyan 14 ya\u015fl\u0131 qarda\u015f\u0131 q\u0131z\u0131 Fidan&nbsp;<\/strong>erm\u0259ni vandalizminin qurban\u0131 oldular\u2026<\/p>\n\n\n\n<p><strong>Bu g\u00fcn, 27 sentyabr 2021-ci il tarixind\u0259 is\u0259 h\u0259min d\u0259h\u015f\u0259tli qanl\u0131 olaydan, erm\u0259ni vandalizmind\u0259n, insanl\u0131q dram\u0131ndan d\u00fcz bir il \u00f6t\u00fcr\u2026<\/strong><\/p>\n\n\n\n<p>Odur ki, Goranboylu Qazil\u0259r&nbsp;<strong>Fuad H\u0259s\u0259nov<\/strong>&nbsp;v\u0259&nbsp;<strong>Nail Mirz\u0259yev<\/strong>l\u0259 birlikd\u0259&nbsp;<strong>Nadir Qurbanov<\/strong>a ba\u015f \u00e7\u0259km\u0259y\u0259, ail\u0259 \u00fczvl\u0259rinin, \u015e\u0259hidl\u0259rimizin m\u0259zarlar\u0131n\u0131 ziyar\u0259t etm\u0259y\u0259 getdik\u2026<\/p>\n\n\n\n<figure class=\"wp-block-image size-large\"><img loading=\"lazy\" decoding=\"async\" width=\"960\" height=\"720\" src=\"http:\/\/veteran.az\/wp-content\/uploads\/2021\/09\/nadir-3.jpg\" alt=\"\" class=\"wp-image-12392\" srcset=\"https:\/\/veteran.az\/wp-content\/uploads\/2021\/09\/nadir-3.jpg 960w, https:\/\/veteran.az\/wp-content\/uploads\/2021\/09\/nadir-3-300x225.jpg 300w, https:\/\/veteran.az\/wp-content\/uploads\/2021\/09\/nadir-3-768x576.jpg 768w\" sizes=\"auto, (max-width: 960px) 100vw, 960px\" \/><\/figure>\n\n\n\n<p>Qeyd edim ki,&nbsp;<strong>Fuad H\u0259s\u0259nov h\u0259m d\u0259 Nadir Qurbanovun h\u0259rb\u00e7i v\u0259 d\u00f6y\u00fc\u015f yolda\u015f\u0131 olub\u2026<\/strong><\/p>\n\n\n\n<p><strong>V\u0259 Nadirl\u0259 birlikd\u0259 27 sentyabr qanl\u0131 q\u0259tliam\u0131n\u0131n \u015fahidi olub, ya\u015fanan insanl\u0131q dram\u0131n\u0131 g\u00f6zl\u0259ri il\u0259 g\u00f6r\u00fcb\u2026<\/strong><\/p>\n\n\n\n<p><strong><em>Qazil\u0259rimizl\u0259 birlikd\u0259 \u00f6nc\u0259 Nadir Qurbanovun erm\u0259ni v\u0259h\u015filiyin\u0259 m\u0259ruz qalm\u0131\u015f v\u0259 da\u011f\u0131d\u0131lm\u0131\u015f, yerl\u0259-yeksan edilmi\u015f evind\u0259, h\u0259y\u0259tind\u0259 olduq, sonra is\u0259 Qa\u015falt\u0131-Qaraqoyunlu q\u0259biristanl\u0131\u011f\u0131ndak\u0131 ail\u0259 \u00fczvl\u0259rinin m\u0259zarlar\u0131n\u0131 ziyar\u0259t etdik, ruhlar\u0131na dulalar oxuduq\u2026<\/em><\/strong><\/p>\n\n\n\n<p>V\u0259 \u00e7ox a\u011f\u0131r, \u00e7ox t\u0259sirli, \u00e7ox duy\u011fulu, s\u00f6zl\u0259 ifad\u0259si m\u00fcmk\u00fcn olmayan anlar ya\u015fad\u0131q\u2026<\/p>\n\n\n\n<figure class=\"wp-block-image size-large\"><img loading=\"lazy\" decoding=\"async\" width=\"960\" height=\"720\" src=\"http:\/\/veteran.az\/wp-content\/uploads\/2021\/09\/nadir-14.jpg\" alt=\"\" class=\"wp-image-12391\" srcset=\"https:\/\/veteran.az\/wp-content\/uploads\/2021\/09\/nadir-14.jpg 960w, https:\/\/veteran.az\/wp-content\/uploads\/2021\/09\/nadir-14-300x225.jpg 300w, https:\/\/veteran.az\/wp-content\/uploads\/2021\/09\/nadir-14-768x576.jpg 768w\" sizes=\"auto, (max-width: 960px) 100vw, 960px\" \/><\/figure>\n\n\n\n<p><strong>\u00c7\u00fcnki t\u0259sirl\u0259nm\u0259m\u0259k, duy\u011fulanmamaq, h\u0259y\u0259canlanmamaq m\u00fcmk\u00fcn deyildi\u2026<\/strong><\/p>\n\n\n\n<p><strong><em>S\u00f6z\u00fcn bitdiyi yer idi\u2026<\/em><\/strong><\/p>\n\n\n\n<figure class=\"wp-block-image size-large\"><img loading=\"lazy\" decoding=\"async\" width=\"768\" height=\"576\" src=\"http:\/\/veteran.az\/wp-content\/uploads\/2021\/09\/nadir-5-768x576-1-1-1.jpg\" alt=\"\" class=\"wp-image-12393\" srcset=\"https:\/\/veteran.az\/wp-content\/uploads\/2021\/09\/nadir-5-768x576-1-1-1.jpg 768w, https:\/\/veteran.az\/wp-content\/uploads\/2021\/09\/nadir-5-768x576-1-1-1-300x225.jpg 300w\" sizes=\"auto, (max-width: 768px) 100vw, 768px\" \/><\/figure>\n\n\n\n<p><strong>\u00d6z\u00fcm\u00fcz\u00fc toparlay\u0131b bir an\u0131n i\u00e7ind\u0259 5 \u0259zizini itirmi\u015f Nadir Qurbanova bir daha Allahdan s\u0259br, erm\u0259ni vandalizminin qurban\u0131 olmu\u015f ail\u0259 \u00fczvl\u0259rin\u0259 r\u0259hm\u0259t dil\u0259dik\u2026<\/strong><\/p>\n\n\n\n<p><strong><em>Allah m\u0259kanlar\u0131n\u0131 \u00e7\u0259nn\u0259tlik etsin, Nadir Qurbanova, t\u0259k \u00f6vlad\u0131na v\u0259 qarda\u015f\u0131n\u0131n ail\u0259sin\u0259, s\u0259br, d\u00f6z\u00fcm versin!<\/em><\/strong><\/p>\n\n\n\n<figure class=\"wp-block-image size-large\"><img loading=\"lazy\" decoding=\"async\" width=\"768\" height=\"576\" src=\"http:\/\/veteran.az\/wp-content\/uploads\/2021\/09\/nadir-5-768x576-1-1.jpg\" alt=\"\" class=\"wp-image-12390\" srcset=\"https:\/\/veteran.az\/wp-content\/uploads\/2021\/09\/nadir-5-768x576-1-1.jpg 768w, https:\/\/veteran.az\/wp-content\/uploads\/2021\/09\/nadir-5-768x576-1-1-300x225.jpg 300w\" sizes=\"auto, (max-width: 768px) 100vw, 768px\" \/><\/figure>\n\n\n\n<p><strong>Sonra Qa\u015falt\u0131-Qaraqoyunlu k\u0259ndi il\u0259 qon\u015fu olan Goranboyun Q\u0259hr\u0259man Tap-Qaraqoyunlu k\u0259ndin\u0259 yol ald\u0131q\u2026<\/strong><\/p>\n\n\n\n<p><strong><em>H\u0259m Tap-Qaraqoyunlu, h\u0259m d\u0259 Goranboyun ilk \u0130kinci V\u0259t\u0259n M\u00fcharib\u0259si \u015e\u0259hidl\u0259rind\u0259n olan MAXE Hidi V\u0259liyevin ail\u0259 \u00fczvl\u0259rini-anas\u0131, atas\u0131, bac\u0131s\u0131 v\u0259 qarda\u015f\u0131n\u0131 ziyar\u0259t etdik\u2026<\/em><\/strong><\/p>\n\n\n\n<p>Qeyd edim ki, \u0130kinci V\u0259t\u0259n M\u00fcharib\u0259sinin ilk \u015e\u0259hidl\u0259rind\u0259n olan Hidi V\u0259liyevin n\u0259\u015fi k\u0259ndl\u0259ri m\u00fcharib\u0259 zaman\u0131 m\u00fct\u0259madi at\u0259\u015f alt\u0131nda olmas\u0131na g\u00f6r\u0259, Tap-Qaraqoyunluda deyil, Q\u0131z\u0131lhac\u0131l\u0131 (Balak\u00fcrd) q\u0259biristanl\u0131\u011f\u0131ndak\u0131 \u015e\u0259hidl\u0259r Xiyaban\u0131nda d\u0259fn olunub\u2026<\/p>\n\n\n\n<figure class=\"wp-block-image size-large\"><img loading=\"lazy\" decoding=\"async\" width=\"960\" height=\"720\" src=\"http:\/\/veteran.az\/wp-content\/uploads\/2021\/09\/hidi-2.jpg\" alt=\"\" class=\"wp-image-12394\" srcset=\"https:\/\/veteran.az\/wp-content\/uploads\/2021\/09\/hidi-2.jpg 960w, https:\/\/veteran.az\/wp-content\/uploads\/2021\/09\/hidi-2-300x225.jpg 300w, https:\/\/veteran.az\/wp-content\/uploads\/2021\/09\/hidi-2-768x576.jpg 768w\" sizes=\"auto, (max-width: 960px) 100vw, 960px\" \/><\/figure>\n\n\n\n<p><strong>Sabah, 28 sentyabr tarixind\u0259 h\u0259m m\u0259zar\u0131, \u015e\u0259hidl\u0259r Xiyaban\u0131 ziyar\u0259t olunacaq, h\u0259m d\u0259 \u015e\u0259hidliyinin, torpa\u011fa tap\u015f\u0131r\u0131lmas\u0131n\u0131n biri il\u0259 ba\u011fl\u0131 ya\u015fad\u0131\u011f\u0131 evd\u0259 an\u0131m m\u0259rasimi ke\u00e7iril\u0259c\u0259k, ehsan s\u00fcfr\u0259si a\u00e7\u0131lacaq\u2026<\/strong><\/p>\n\n\n\n<figure class=\"wp-block-image size-large\"><img loading=\"lazy\" decoding=\"async\" width=\"960\" height=\"720\" src=\"http:\/\/veteran.az\/wp-content\/uploads\/2021\/09\/hidi-12.jpg\" alt=\"\" class=\"wp-image-12395\" srcset=\"https:\/\/veteran.az\/wp-content\/uploads\/2021\/09\/hidi-12.jpg 960w, https:\/\/veteran.az\/wp-content\/uploads\/2021\/09\/hidi-12-300x225.jpg 300w, https:\/\/veteran.az\/wp-content\/uploads\/2021\/09\/hidi-12-768x576.jpg 768w\" sizes=\"auto, (max-width: 960px) 100vw, 960px\" \/><\/figure>\n\n\n\n<p><strong><em>T\u0259xmin\u0259n bir saat \u00e7\u0259k\u0259n ziyar\u0259timiz zaman\u0131 \u015e\u0259hidimizin ail\u0259 \u00fczvl\u0259rin\u0259 bir daha ba\u015fsa\u011fl\u0131\u011f\u0131 verdik, Allahdan s\u0259br dil\u0259dik, \u201cHidi d\u0259 daxil olmaqla, c\u0259mi \u015e\u0259hidl\u0259rimizin m\u0259kan\u0131 c\u0259nn\u0259tlik olsun, ruhlar\u0131 qar\u015f\u0131nda ba\u015f \u0259yirik!\u201d-dedik\u2026<\/em><\/strong><\/p>\n\n\n\n<p><strong>Nur i\u00e7ind\u0259 yats\u0131n, m\u0259qam\u0131 ucalardan Uca olsun!<\/strong><\/p>\n\n\n\n<p><strong>Kamil H\u018fMZ\u018fO\u011eLU (H\u018fM\u0130DOV)<\/strong><\/p>\n\n\n\n<p><strong>27.09.2021, Q\u0131z\u0131lhac\u0131l\u0131 \u2013 Qa\u015falt\u0131-Qaraqoyunlu \u2013 Tap-Qaraqoyunlu \u2013 Q\u0131z\u0131lhac\u0131l\u0131<\/strong><\/p>\n\n\n\n<p><strong>Etikxeber.az<\/strong><\/p>\n\n\n\n<figure class=\"wp-block-image size-large\"><img loading=\"lazy\" decoding=\"async\" width=\"960\" height=\"720\" src=\"http:\/\/veteran.az\/wp-content\/uploads\/2021\/09\/hidi-11.jpg\" alt=\"\" class=\"wp-image-12396\" srcset=\"https:\/\/veteran.az\/wp-content\/uploads\/2021\/09\/hidi-11.jpg 960w, https:\/\/veteran.az\/wp-content\/uploads\/2021\/09\/hidi-11-300x225.jpg 300w, https:\/\/veteran.az\/wp-content\/uploads\/2021\/09\/hidi-11-768x576.jpg 768w\" sizes=\"auto, (max-width: 960px) 100vw, 960px\" \/><\/figure>\n","protected":false},"excerpt":{"rendered":"<p>Ail\u0259sinin 5 \u00fczv\u00fcn\u00fc itirmi\u015f MAXE Nadir Qurbanov\u2026 Goranboyun ilk \u0130kinci V\u0259t\u0259n M\u00fcharib\u0259si \u015e\u0259hidl\u0259ri&#8230; Bu g\u00fcn&#8230;<\/p>\n","protected":false},"author":3,"featured_media":12397,"comment_status":"closed","ping_status":"closed","sticky":false,"template":"","format":"standard","meta":{"footnotes":""},"categories":[6],"tags":[],"class_list":["post-12387","post","type-post","status-publish","format-standard","has-post-thumbnail","hentry","category-cmiyyt"],"featured_image_urls":{"full":["https:\/\/veteran.az\/wp-content\/uploads\/2021\/09\/nadir-1-1.jpg",960,720,false],"thumbnail":["https:\/\/veteran.az\/wp-content\/uploads\/2021\/09\/nadir-1-1-150x150.jpg",150,150,true],"medium":["https:\/\/veteran.az\/wp-content\/uploads\/2021\/09\/nadir-1-1-300x225.jpg",300,225,true],"medium_large":["https:\/\/veteran.az\/wp-content\/uploads\/2021\/09\/nadir-1-1-768x576.jpg",640,480,true],"large":["https:\/\/veteran.az\/wp-content\/uploads\/2021\/09\/nadir-1-1.jpg",640,480,false],"1536x1536":["https:\/\/veteran.az\/wp-content\/uploads\/2021\/09\/nadir-1-1.jpg",960,720,false],"2048x2048":["https:\/\/veteran.az\/wp-content\/uploads\/2021\/09\/nadir-1-1.jpg",960,720,false],"covernews-slider-full":["https:\/\/veteran.az\/wp-content\/uploads\/2021\/09\/nadir-1-1.jpg",953,715,false],"covernews-slider-center":["https:\/\/veteran.az\/wp-content\/uploads\/2021\/09\/nadir-1-1-936x720.jpg",650,500,true],"covernews-featured":["https:\/\/veteran.az\/wp-content\/uploads\/2021\/09\/nadir-1-1.jpg",960,720,false],"covernews-medium":["https:\/\/veteran.az\/wp-content\/uploads\/2021\/09\/nadir-1-1-720x380.jpg",540,285,true],"covernews-medium-square":["https:\/\/veteran.az\/wp-content\/uploads\/2021\/09\/nadir-1-1-675x450.jpg",375,250,true]},"author_info":{"display_name":"Veteran.az","author_link":"https:\/\/veteran.az\/?author=3"},"category_info":"<a href=\"https:\/\/veteran.az\/?cat=6\" rel=\"category\">C\u0259miyy\u0259t<\/a>","tag_info":"C\u0259miyy\u0259t","comment_count":"0","_links":{"self":[{"href":"https:\/\/veteran.az\/index.php?rest_route=\/wp\/v2\/posts\/12387","targetHints":{"allow":["GET"]}}],"collection":[{"href":"https:\/\/veteran.az\/index.php?rest_route=\/wp\/v2\/posts"}],"about":[{"href":"https:\/\/veteran.az\/index.php?rest_route=\/wp\/v2\/types\/post"}],"author":[{"embeddable":true,"href":"https:\/\/veteran.az\/index.php?rest_route=\/wp\/v2\/users\/3"}],"replies":[{"embeddable":true,"href":"https:\/\/veteran.az\/index.php?rest_route=%2Fwp%2Fv2%2Fcomments&post=12387"}],"version-history":[{"count":1,"href":"https:\/\/veteran.az\/index.php?rest_route=\/wp\/v2\/posts\/12387\/revisions"}],"predecessor-version":[{"id":12398,"href":"https:\/\/veteran.az\/index.php?rest_route=\/wp\/v2\/posts\/12387\/revisions\/12398"}],"wp:featuredmedia":[{"embeddable":true,"href":"https:\/\/veteran.az\/index.php?rest_route=\/wp\/v2\/media\/12397"}],"wp:attachment":[{"href":"https:\/\/veteran.az\/index.php?rest_route=%2Fwp%2Fv2%2Fmedia&parent=12387"}],"wp:term":[{"taxonomy":"category","embeddable":true,"href":"https:\/\/veteran.az\/index.php?rest_route=%2Fwp%2Fv2%2Fcategories&post=12387"},{"taxonomy":"post_tag","embeddable":true,"href":"https:\/\/veteran.az\/index.php?rest_route=%2Fwp%2Fv2%2Ftags&post=12387"}],"curies":[{"name":"wp","href":"https:\/\/api.w.org\/{rel}","templated":true}]}}