{"id":12378,"date":"2021-09-29T02:18:07","date_gmt":"2021-09-28T22:18:07","guid":{"rendered":"http:\/\/veteran.az\/?p=12378"},"modified":"2021-09-29T02:18:08","modified_gmt":"2021-09-28T22:18:08","slug":"q%c9%99nir%c9%99-pasayeva-tovuzdaki-anim-gunu-m%c9%99rasimin%c9%99-qatildi","status":"publish","type":"post","link":"https:\/\/veteran.az\/?p=12378","title":{"rendered":"Q\u0259nir\u0259 Pa\u015fayeva Tovuzdak\u0131 An\u0131m G\u00fcn\u00fc m\u0259rasimin\u0259 qat\u0131ld\u0131"},"content":{"rendered":"\n<p><strong>Tovuz \u015f\u0259h\u0259r \u015e\u0259hidl\u0259r Xiyaban\u0131nda 27 sentyabr \u2013 An\u0131m G\u00fcn\u00fc il\u0259 \u0259laq\u0259dar t\u0259dbir t\u0259\u015fkil olunub.<\/strong><\/p>\n\n\n\n<p>An\u0131m t\u0259dbirind\u0259 rayon \u0130cra Hakimiyy\u0259tinin ba\u015f\u00e7\u0131s\u0131 M\u0259mm\u0259d M\u0259mm\u0259dov, mill\u0259t v\u0259kill\u0259ri Q\u0259nir\u0259 Pa\u015fayeva v\u0259 Arzu Na\u011f\u0131yev, rayon ictimaiyy\u0259tinin n\u00fcmay\u0259nd\u0259si M\u00fccam\u0259ddin Axundov, \u015f\u0259hid leytenant Vasif Heyd\u0259rovun anas\u0131 \u015e\u00f6vk\u0259t M\u0259mm\u0259dova, \u015f\u0259hid leytenant Aqil M\u0259cidovun atas\u0131 Ayd\u0131n M\u0259cidov, \u015f\u0259hid R\u00f6yal Aslanovun atas\u0131 Elzar Aslanov v\u0259 V\u0259t\u0259n M\u00fcharib\u0259si qazisi \u015eamil M\u0259mm\u0259dov \u00e7\u0131x\u0131\u015f edib.<\/p>\n\n\n\n<figure class=\"wp-block-image size-large\"><img loading=\"lazy\" decoding=\"async\" width=\"1024\" height=\"661\" src=\"http:\/\/veteran.az\/wp-content\/uploads\/2021\/09\/qenire-anim-tovuz1-1024x661.jpg\" alt=\"\" class=\"wp-image-12380\" srcset=\"https:\/\/veteran.az\/wp-content\/uploads\/2021\/09\/qenire-anim-tovuz1-1024x661.jpg 1024w, https:\/\/veteran.az\/wp-content\/uploads\/2021\/09\/qenire-anim-tovuz1-300x194.jpg 300w, https:\/\/veteran.az\/wp-content\/uploads\/2021\/09\/qenire-anim-tovuz1-768x496.jpg 768w, https:\/\/veteran.az\/wp-content\/uploads\/2021\/09\/qenire-anim-tovuz1.jpg 1436w\" sizes=\"auto, (max-width: 1024px) 100vw, 1024px\" \/><\/figure>\n\n\n\n<p>Q.Pa\u015fayeva 44 g\u00fcnl\u00fck m\u00fcharib\u0259nin ba\u015flama s\u0259b\u0259bl\u0259ri, \u00f6z\u0259llikl\u0259, 4 g\u00fcnl\u00fck Tovuz d\u00f6y\u00fc\u015fl\u0259rind\u0259n sonra Erm\u0259nistanla Az\u0259rbaycan aras\u0131nda ba\u015f ver\u0259n hadis\u0259l\u0259r, d\u00fc\u015fm\u0259nin h\u0259rbi-siyasi t\u0259xribatlar\u0131 bar\u0259d\u0259 dan\u0131\u015f\u0131b. Ali Ba\u015f Komandan\u0131n siyasi irad\u0259si, prinsipiall\u0131\u011f\u0131, xalq\u0131m\u0131z\u0131n m\u0259n\u0259vi c\u0259h\u0259td\u0259n s\u0259f\u0259rb\u0259r oldu\u011funu vur\u011fulayan Q.Pa\u015fayeva d\u00f6vl\u0259t-xalq birliyinin tarixi z\u0259f\u0259rin qazan\u0131lmas\u0131nda m\u00fcst\u0259sna yer\u0259 sahib oldu\u011funu bildirib.<\/p>\n\n\n\n<p>G\u0259ncl\u0259r\u0259 \u00e7a\u011f\u0131r\u0131\u015f ed\u0259n Q.Pa\u015fayeva \u0259cdadlar\u0131n h\u0259rb s\u0259n\u0259ti \u0259n\u0259n\u0259l\u0259rini davam v\u0259 inki\u015faf etdir\u0259n \u00e7a\u011fda\u015f Ordumuzun bundan sonrak\u0131 inki\u015faf\u0131nda onlar\u0131n \u00fcz\u0259rin\u0259 d\u00fc\u015f\u0259n v\u0259t\u0259nda\u015f m\u0259suliyy\u0259tin\u0259 vur\u011fu edib.<\/p>\n\n\n\n<figure class=\"wp-block-image size-large\"><img loading=\"lazy\" decoding=\"async\" width=\"1024\" height=\"685\" src=\"http:\/\/veteran.az\/wp-content\/uploads\/2021\/09\/qenire-anim-tovuz-1024x685.jpg\" alt=\"\" class=\"wp-image-12379\" srcset=\"https:\/\/veteran.az\/wp-content\/uploads\/2021\/09\/qenire-anim-tovuz-1024x685.jpg 1024w, https:\/\/veteran.az\/wp-content\/uploads\/2021\/09\/qenire-anim-tovuz-300x201.jpg 300w, https:\/\/veteran.az\/wp-content\/uploads\/2021\/09\/qenire-anim-tovuz-768x514.jpg 768w, https:\/\/veteran.az\/wp-content\/uploads\/2021\/09\/qenire-anim-tovuz.jpg 1478w\" sizes=\"auto, (max-width: 1024px) 100vw, 1024px\" \/><\/figure>\n\n\n\n<p>Q.Pa\u015fayeva c\u0259nab Prezidentin v\u0259 Birinci vitse-prezident Mehriban xan\u0131m \u018fliyevan\u0131n \u015f\u0259hid ail\u0259l\u0259rin\u0259, qazil\u0259r\u0259 diqq\u0259t v\u0259 qay\u011f\u0131s\u0131ndan s\u00f6z a\u00e7araq, bunu h\u0259r bir mill\u0259t v\u0259kili, m\u0259mur, i\u015fadam\u0131, ziyal\u0131 v\u0259 ictimai f\u0259al \u00fc\u00e7\u00fcn y\u00fcks\u0259k \u00f6rn\u0259k adland\u0131r\u0131b.<\/p>\n\n\n\n<p>\u015e\u0259hidl\u0259rin ruhuna dualar oxunduqdan sonra V\u0259t\u0259n M\u00fcharib\u0259si \u015f\u0259hidl\u0259rimizin xatir\u0259sin\u0259 qurulmu\u015f l\u00f6vh\u0259, \u015e\u0259hidl\u0259r Xiyaban\u0131ndak\u0131 \u0259b\u0259di m\u0259\u015f\u0259l abid\u0259si v\u0259 \u015f\u0259hid m\u0259zarlar\u0131 ziyar\u0259t olunub, m\u0259zarlar \u00fcz\u0259rin\u0259 g\u00fcl d\u0259st\u0259l\u0259ri qoyulub, \u015f\u0259hidl\u0259rin \u0259ziz xatir\u0259si b\u00f6y\u00fck ehtiramla yad edilib.<\/p>\n","protected":false},"excerpt":{"rendered":"<p>Tovuz \u015f\u0259h\u0259r \u015e\u0259hidl\u0259r Xiyaban\u0131nda 27 sentyabr \u2013 An\u0131m G\u00fcn\u00fc il\u0259 \u0259laq\u0259dar t\u0259dbir t\u0259\u015fkil olunub. An\u0131m&#8230;<\/p>\n","protected":false},"author":3,"featured_media":12381,"comment_status":"closed","ping_status":"closed","sticky":false,"template":"","format":"standard","meta":{"footnotes":""},"categories":[6],"tags":[],"class_list":["post-12378","post","type-post","status-publish","format-standard","has-post-thumbnail","hentry","category-cmiyyt"],"featured_image_urls":{"full":["https:\/\/veteran.az\/wp-content\/uploads\/2021\/09\/qenire-anim-gunu-tovuz.jpg",1207,785,false],"thumbnail":["https:\/\/veteran.az\/wp-content\/uploads\/2021\/09\/qenire-anim-gunu-tovuz-150x150.jpg",150,150,true],"medium":["https:\/\/veteran.az\/wp-content\/uploads\/2021\/09\/qenire-anim-gunu-tovuz-300x195.jpg",300,195,true],"medium_large":["https:\/\/veteran.az\/wp-content\/uploads\/2021\/09\/qenire-anim-gunu-tovuz-768x499.jpg",640,416,true],"large":["https:\/\/veteran.az\/wp-content\/uploads\/2021\/09\/qenire-anim-gunu-tovuz-1024x666.jpg",640,416,true],"1536x1536":["https:\/\/veteran.az\/wp-content\/uploads\/2021\/09\/qenire-anim-gunu-tovuz.jpg",1207,785,false],"2048x2048":["https:\/\/veteran.az\/wp-content\/uploads\/2021\/09\/qenire-anim-gunu-tovuz.jpg",1207,785,false],"covernews-slider-full":["https:\/\/veteran.az\/wp-content\/uploads\/2021\/09\/qenire-anim-gunu-tovuz.jpg",1099,715,false],"covernews-slider-center":["https:\/\/veteran.az\/wp-content\/uploads\/2021\/09\/qenire-anim-gunu-tovuz-936x785.jpg",596,500,true],"covernews-featured":["https:\/\/veteran.az\/wp-content\/uploads\/2021\/09\/qenire-anim-gunu-tovuz-1024x666.jpg",1024,666,true],"covernews-medium":["https:\/\/veteran.az\/wp-content\/uploads\/2021\/09\/qenire-anim-gunu-tovuz-720x380.jpg",540,285,true],"covernews-medium-square":["https:\/\/veteran.az\/wp-content\/uploads\/2021\/09\/qenire-anim-gunu-tovuz-675x450.jpg",375,250,true]},"author_info":{"display_name":"Veteran.az","author_link":"https:\/\/veteran.az\/?author=3"},"category_info":"<a href=\"https:\/\/veteran.az\/?cat=6\" rel=\"category\">C\u0259miyy\u0259t<\/a>","tag_info":"C\u0259miyy\u0259t","comment_count":"0","_links":{"self":[{"href":"https:\/\/veteran.az\/index.php?rest_route=\/wp\/v2\/posts\/12378","targetHints":{"allow":["GET"]}}],"collection":[{"href":"https:\/\/veteran.az\/index.php?rest_route=\/wp\/v2\/posts"}],"about":[{"href":"https:\/\/veteran.az\/index.php?rest_route=\/wp\/v2\/types\/post"}],"author":[{"embeddable":true,"href":"https:\/\/veteran.az\/index.php?rest_route=\/wp\/v2\/users\/3"}],"replies":[{"embeddable":true,"href":"https:\/\/veteran.az\/index.php?rest_route=%2Fwp%2Fv2%2Fcomments&post=12378"}],"version-history":[{"count":1,"href":"https:\/\/veteran.az\/index.php?rest_route=\/wp\/v2\/posts\/12378\/revisions"}],"predecessor-version":[{"id":12382,"href":"https:\/\/veteran.az\/index.php?rest_route=\/wp\/v2\/posts\/12378\/revisions\/12382"}],"wp:featuredmedia":[{"embeddable":true,"href":"https:\/\/veteran.az\/index.php?rest_route=\/wp\/v2\/media\/12381"}],"wp:attachment":[{"href":"https:\/\/veteran.az\/index.php?rest_route=%2Fwp%2Fv2%2Fmedia&parent=12378"}],"wp:term":[{"taxonomy":"category","embeddable":true,"href":"https:\/\/veteran.az\/index.php?rest_route=%2Fwp%2Fv2%2Fcategories&post=12378"},{"taxonomy":"post_tag","embeddable":true,"href":"https:\/\/veteran.az\/index.php?rest_route=%2Fwp%2Fv2%2Ftags&post=12378"}],"curies":[{"name":"wp","href":"https:\/\/api.w.org\/{rel}","templated":true}]}}