{"id":12272,"date":"2021-09-24T15:59:27","date_gmt":"2021-09-24T11:59:27","guid":{"rendered":"http:\/\/veteran.az\/?p=12272"},"modified":"2021-09-24T15:59:28","modified_gmt":"2021-09-24T11:59:28","slug":"z%c9%99f%c9%99rimizin-%c9%99n-yuks%c9%99k-zirv%c9%99si-susa-%c9%99m%c9%99liyyati-oldu-ali-bas-komandan","status":"publish","type":"post","link":"https:\/\/veteran.az\/?p=12272","title":{"rendered":"&#171;Z\u0259f\u0259rimizin \u0259n y\u00fcks\u0259k zirv\u0259si \u015eu\u015fa \u0259m\u0259liyyat\u0131 oldu&#187; &#8212; Ali Ba\u015f Komandan"},"content":{"rendered":"\n<p><strong>\u201c\u0130lk u\u011furlar\u0131m\u0131z h\u0259m h\u0259rbi \u0259m\u0259liyyatlar\u0131n apar\u0131lmas\u0131, h\u0259m d\u0259 Az\u0259rbaycan Silahl\u0131 Q\u00fcvv\u0259l\u0259rinin m\u0259n\u0259vi ruhu bax\u0131m\u0131ndan \u00e7ox vacib rol oynad\u0131. D\u00fc\u015f\u00fcn\u00fcr\u0259m ki, \u0130kinci Qaraba\u011f m\u00fcharib\u0259si m\u0259hz u\u011fura aparan amill\u0259r bax\u0131m\u0131ndan son d\u0259r\u0259c\u0259 n\u00fcmun\u0259vidir\u201d.<\/strong><br><br>Bunu Az\u0259rbaycan Prezidenti\u00a0\u0130lham \u018fliyev\u00a0\u201cNasionalnaya oborona\u201d jurnal\u0131na ekskl\u00fcziv m\u00fcsahib\u0259sind\u0259 bildirib.<\/p>\n\n\n\n<p>D\u00f6vl\u0259t ba\u015f\u00e7\u0131s\u0131 Hadrut \u0259m\u0259liyyat\u0131n\u0131n vacibliyin\u0259 diqq\u0259ti c\u0259lb edib: \u201cBizi orada g\u00f6zl\u0259mirdil\u0259r, Erm\u0259nistan t\u0259r\u0259fi bizim o istiqam\u0259td\u0259 ir\u0259lil\u0259diyimizi g\u00fcman etmirdi. Bu, d\u00fc\u015fm\u0259n \u00fc\u00e7\u00fcn tam g\u00f6zl\u0259nilm\u0259z oldu. Hadrutu \u0259l\u0259 ke\u00e7irdiyimizd\u0259n bir ne\u00e7\u0259 g\u00fcn sonra bel\u0259 onlar \u015f\u0259h\u0259r\u0259 n\u0259zar\u0259t etdikl\u0259rini iddia edirdil\u0259r. Hadrutun hakim y\u00fcks\u0259klikl\u0259rind\u0259 bizim d\u00f6y\u00fc\u015f\u00e7\u00fcl\u0259rin oldu\u011fu bir zamanda erm\u0259nil\u0259r \u015f\u0259h\u0259rin \u0259l\u0259 ke\u00e7irilib-ke\u00e7irilm\u0259m\u0259si m\u0259s\u0259l\u0259sin\u0259 bir q\u0259d\u0259r diletant yana\u015f\u0131rd\u0131lar. Hadrut \u0259traf\u0131ndak\u0131 b\u00fct\u00fcn hakim y\u00fcks\u0259klikl\u0259ri \u0259l\u0259 ke\u00e7irdikd\u0259n sonra \u015f\u0259h\u0259rin taleyi mahiyy\u0259t etibar\u0131 il\u0259 h\u0259ll edilmi\u015fdi. Bizim m\u00fcmk\u00fcn q\u0259d\u0259r az itkil\u0259rl\u0259 \u015f\u0259h\u0259r\u0259 fiziki daxil olma\u011f\u0131m\u0131z vaxt m\u0259s\u0259l\u0259si idi. H\u0259rb\u00e7imizin \u015f\u0259h\u0259r administrasiyas\u0131n\u0131n binas\u0131 \u00fcz\u0259rin\u0259 Az\u0259rbaycan bayra\u011f\u0131n\u0131 taxmas\u0131 v\u0259 m\u0259n\u0259 m\u0259ruz\u0259 etm\u0259si il\u0259 ba\u011fl\u0131 g\u00f6r\u00fcnt\u00fcl\u0259r televiziyada yay\u0131mland\u0131qdan sonra Erm\u0259nistan t\u0259r\u0259finin na\u011f\u0131l uydurmaq \u00fc\u00e7\u00fcn he\u00e7 bir \u0259sas\u0131 qalmad\u0131&#187;.<\/p>\n\n\n\n<p>Prezident \u0130lham \u018fliyev Hadrutdan \u00f6nc\u0259 &#8212; oktyabr ay\u0131n\u0131n \u0259vv\u0259ll\u0259rind\u0259 C\u0259bray\u0131l \u015f\u0259h\u0259rinin azad edildiyini deyib: \u201cBu, simvolik bax\u0131mdan \u0259h\u0259miyy\u0259tli idi. \u00c7\u00fcnki C\u0259bray\u0131l azad etdiyimiz ilk \u015f\u0259h\u0259r oldu \u2013 bundan \u0259vv\u0259l yaln\u0131z k\u0259ndl\u0259ri v\u0259 ya\u015fay\u0131\u015f m\u0259nt\u0259q\u0259l\u0259rini azad etmi\u015fdik. \u015e\u00fcbh\u0259siz ki, 2020-ci il oktyabr\u0131n 17-d\u0259 F\u00fczuli \u015f\u0259h\u0259rinin azad edilm\u0259si vacib m\u0259rh\u0259l\u0259 oldu. Bel\u0259 ki, bu b\u00f6y\u00fck \u015f\u0259h\u0259r \u0259hali say\u0131na g\u00f6r\u0259 Qaraba\u011f b\u00f6lg\u0259sinin A\u011fdamdan sonra ikinci \u015f\u0259h\u0259ri idi&#187;.<\/p>\n\n\n\n<p>\u201cZ\u0259f\u0259rimizin \u0259n y\u00fcks\u0259k zirv\u0259si \u015eu\u015fa \u0259m\u0259liyyat\u0131 oldu. Z\u0259f\u0259r yolu il\u0259 \u015eu\u015faya g\u0259l\u0259n h\u0259r k\u0259s bizim ora haradan getdiyimizi g\u00f6r\u0259 bil\u0259r. Bu, fiziki v\u0259 m\u0259n\u0259vi s\u0259yl\u0259rin inan\u0131lmaz s\u0259f\u0259rb\u0259rliyi idi. G\u00fcnl\u0259rl\u0259 me\u015f\u0259d\u0259, yolsuzluq \u015f\u0259raitind\u0259, y\u00fcng\u00fcl silahlarla, yorulmadan ir\u0259lil\u0259m\u0259k v\u0259 sonra \u015eu\u015fa \u015f\u0259h\u0259rini azad etm\u0259k misilsiz r\u0259\u015fad\u0259t, \u0259sl q\u0259hr\u0259manl\u0131q n\u00fcmun\u0259sidir.&nbsp;T\u0259bii ki, \u015eu\u015fan\u0131n azad edilm\u0259si d\u00fc\u015fm\u0259nin belini q\u0131rd\u0131, onlar dem\u0259k olar, bundan sonra&nbsp;t\u0259slim oldular!\u201d, &#8212; Prezident deyib.<\/p>\n","protected":false},"excerpt":{"rendered":"<p>\u201c\u0130lk u\u011furlar\u0131m\u0131z h\u0259m h\u0259rbi \u0259m\u0259liyyatlar\u0131n apar\u0131lmas\u0131, h\u0259m d\u0259 Az\u0259rbaycan Silahl\u0131 Q\u00fcvv\u0259l\u0259rinin m\u0259n\u0259vi ruhu bax\u0131m\u0131ndan \u00e7ox&#8230;<\/p>\n","protected":false},"author":3,"featured_media":0,"comment_status":"closed","ping_status":"closed","sticky":false,"template":"","format":"standard","meta":{"footnotes":""},"categories":[6],"tags":[],"class_list":["post-12272","post","type-post","status-publish","format-standard","hentry","category-cmiyyt"],"featured_image_urls":{"full":"","thumbnail":"","medium":"","medium_large":"","large":"","1536x1536":"","2048x2048":"","covernews-slider-full":"","covernews-slider-center":"","covernews-featured":"","covernews-medium":"","covernews-medium-square":""},"author_info":{"display_name":"Veteran.az","author_link":"https:\/\/veteran.az\/?author=3"},"category_info":"<a href=\"https:\/\/veteran.az\/?cat=6\" rel=\"category\">C\u0259miyy\u0259t<\/a>","tag_info":"C\u0259miyy\u0259t","comment_count":"0","_links":{"self":[{"href":"https:\/\/veteran.az\/index.php?rest_route=\/wp\/v2\/posts\/12272","targetHints":{"allow":["GET"]}}],"collection":[{"href":"https:\/\/veteran.az\/index.php?rest_route=\/wp\/v2\/posts"}],"about":[{"href":"https:\/\/veteran.az\/index.php?rest_route=\/wp\/v2\/types\/post"}],"author":[{"embeddable":true,"href":"https:\/\/veteran.az\/index.php?rest_route=\/wp\/v2\/users\/3"}],"replies":[{"embeddable":true,"href":"https:\/\/veteran.az\/index.php?rest_route=%2Fwp%2Fv2%2Fcomments&post=12272"}],"version-history":[{"count":1,"href":"https:\/\/veteran.az\/index.php?rest_route=\/wp\/v2\/posts\/12272\/revisions"}],"predecessor-version":[{"id":12274,"href":"https:\/\/veteran.az\/index.php?rest_route=\/wp\/v2\/posts\/12272\/revisions\/12274"}],"wp:attachment":[{"href":"https:\/\/veteran.az\/index.php?rest_route=%2Fwp%2Fv2%2Fmedia&parent=12272"}],"wp:term":[{"taxonomy":"category","embeddable":true,"href":"https:\/\/veteran.az\/index.php?rest_route=%2Fwp%2Fv2%2Fcategories&post=12272"},{"taxonomy":"post_tag","embeddable":true,"href":"https:\/\/veteran.az\/index.php?rest_route=%2Fwp%2Fv2%2Ftags&post=12272"}],"curies":[{"name":"wp","href":"https:\/\/api.w.org\/{rel}","templated":true}]}}