{"id":12170,"date":"2021-09-19T00:19:09","date_gmt":"2021-09-18T20:19:09","guid":{"rendered":"http:\/\/veteran.az\/?p=12170"},"modified":"2021-09-19T00:22:20","modified_gmt":"2021-09-18T20:22:20","slug":"s%c9%99hid-zabitin-xatir%c9%99sin%c9%99-tikil%c9%99n-bulagin-acilisi-oldu","status":"publish","type":"post","link":"https:\/\/veteran.az\/?p=12170","title":{"rendered":"\u015e\u0259hid zabitin xatir\u0259sin\u0259 tikil\u0259n bula\u011f\u0131n a\u00e7\u0131l\u0131\u015f\u0131 oldu"},"content":{"rendered":"\n<p><strong>X\u0259z\u0259r rayonunun Bin\u0259 q\u0259s\u0259b\u0259sind\u0259 \u015f\u0259hid leytenant M\u0259h\u0259mm\u0259d Zamanl\u0131n\u0131n xatir\u0259sin\u0259 tikil\u0259n bula\u011f\u0131n a\u00e7\u0131l\u0131\u015f\u0131 olub.<\/strong><\/p>\n\n\n\n<p>M\u00fcdafi\u0259 Nazirliyinin m\u0259tbuat xidm\u0259tind\u0259n veril\u0259n m\u0259lumata g\u00f6r\u0259, nazirliyin r\u0259smil\u0259rinin, X\u0259z\u0259r Rayon \u0130cra Hakimiyy\u0259tinin, \u015f\u0259hidin ail\u0259 \u00fczvl\u0259rinin, d\u00f6y\u00fc\u015f\u00e7\u00fc yolda\u015flar\u0131n\u0131n v\u0259 ictimaiyy\u0259t n\u00fcmay\u0259nd\u0259l\u0259rinin i\u015ftirak etdiyi m\u0259rasimd\u0259 \u0259vv\u0259lc\u0259 xalq\u0131m\u0131z\u0131n \u00fcmummilli lideri Heyd\u0259r \u018fliyevin v\u0259 respublikam\u0131z\u0131n \u0259razi b\u00fct\u00f6vl\u00fcy\u00fcn\u00fcn qorunmas\u0131, b\u0259rpas\u0131, el\u0259c\u0259 d\u0259 i\u015f\u011fal alt\u0131nda olan tarixi torpaqlar\u0131m\u0131z\u0131n azad edilm\u0259si u\u011frunda \u015f\u0259hidlik zir\u0259sin\u0259 ucalan V\u0259t\u0259n \u00f6vladlar\u0131n\u0131n xatir\u0259si bir d\u0259qiq\u0259lik s\u00fckutla an\u0131l\u0131b, d\u00f6vl\u0259t himni ifa olunub.<\/p>\n\n\n\n<p>H\u0259zi Aslanov ad\u0131na Ordu \u0130deoloji v\u0259 M\u0259d\u0259niyy\u0259t M\u0259rk\u0259zinin r\u0259isi polkovnik-leytenant \u0130lkin Qay\u0131bov \u015f\u0259hidin q\u0131sa, lakin h\u0259r bir g\u0259nc \u00fc\u00e7\u00fcn \u00f6rn\u0259k olan h\u0259yat v\u0259 d\u00f6y\u00fc\u015f yolu bar\u0259d\u0259 \u0259trafl\u0131 m\u0259lumat verib.<\/p>\n\n\n\n<p>Dig\u0259r \u00e7\u0131x\u0131\u015f ed\u0259nl\u0259r M\u0259h\u0259mm\u0259din V\u0259t\u0259n m\u00fcharib\u0259sinin ba\u015flad\u0131\u011f\u0131 ilk g\u00fcnd\u0259n komandiri oldu\u011fu taq\u0131m\u0131n \u015f\u0259xsi hey\u0259ti il\u0259 birlikd\u0259 h\u0259rbi \u0259m\u0259liyyatlarda f\u0259al i\u015ftirak etdiyini, \u015f\u0259xsi m\u0259rdlik v\u0259 igidlik n\u00fcmun\u0259l\u0259ri g\u00f6st\u0259rdiyini qeyd edibl\u0259r. \u015e\u0259hidin yax\u0131nlar\u0131na bir daha ba\u015fsa\u011fl\u0131\u011f\u0131 verib, s\u0259bir dil\u0259yibl\u0259r.<\/p>\n\n\n\n<p>H\u0259zi Aslanov ad\u0131na Ordu \u0130deoloji v\u0259 M\u0259d\u0259niyy\u0259t M\u0259rk\u0259zinin solistl\u0259rinin v\u0259t\u0259np\u0259rv\u0259rlik m\u00f6vzusunda ifalar\u0131 t\u0259dbir i\u015ftirak\u00e7\u0131lar\u0131na duy\u011fulu anlar ya\u015fad\u0131b.<\/p>\n","protected":false},"excerpt":{"rendered":"<p>X\u0259z\u0259r rayonunun Bin\u0259 q\u0259s\u0259b\u0259sind\u0259 \u015f\u0259hid leytenant M\u0259h\u0259mm\u0259d Zamanl\u0131n\u0131n xatir\u0259sin\u0259 tikil\u0259n bula\u011f\u0131n a\u00e7\u0131l\u0131\u015f\u0131 olub. M\u00fcdafi\u0259 Nazirliyinin&#8230;<\/p>\n","protected":false},"author":3,"featured_media":12171,"comment_status":"closed","ping_status":"closed","sticky":false,"template":"","format":"standard","meta":{"footnotes":""},"categories":[6],"tags":[],"class_list":["post-12170","post","type-post","status-publish","format-standard","has-post-thumbnail","hentry","category-cmiyyt"],"featured_image_urls":{"full":["https:\/\/veteran.az\/wp-content\/uploads\/2021\/09\/mehemmed-sehid.jpg",640,390,false],"thumbnail":["https:\/\/veteran.az\/wp-content\/uploads\/2021\/09\/mehemmed-sehid-150x150.jpg",150,150,true],"medium":["https:\/\/veteran.az\/wp-content\/uploads\/2021\/09\/mehemmed-sehid-300x183.jpg",300,183,true],"medium_large":["https:\/\/veteran.az\/wp-content\/uploads\/2021\/09\/mehemmed-sehid.jpg",640,390,false],"large":["https:\/\/veteran.az\/wp-content\/uploads\/2021\/09\/mehemmed-sehid.jpg",640,390,false],"1536x1536":["https:\/\/veteran.az\/wp-content\/uploads\/2021\/09\/mehemmed-sehid.jpg",640,390,false],"2048x2048":["https:\/\/veteran.az\/wp-content\/uploads\/2021\/09\/mehemmed-sehid.jpg",640,390,false],"covernews-slider-full":["https:\/\/veteran.az\/wp-content\/uploads\/2021\/09\/mehemmed-sehid.jpg",640,390,false],"covernews-slider-center":["https:\/\/veteran.az\/wp-content\/uploads\/2021\/09\/mehemmed-sehid.jpg",640,390,false],"covernews-featured":["https:\/\/veteran.az\/wp-content\/uploads\/2021\/09\/mehemmed-sehid.jpg",640,390,false],"covernews-medium":["https:\/\/veteran.az\/wp-content\/uploads\/2021\/09\/mehemmed-sehid-640x380.jpg",540,321,true],"covernews-medium-square":["https:\/\/veteran.az\/wp-content\/uploads\/2021\/09\/mehemmed-sehid.jpg",400,244,false]},"author_info":{"display_name":"Veteran.az","author_link":"https:\/\/veteran.az\/?author=3"},"category_info":"<a href=\"https:\/\/veteran.az\/?cat=6\" rel=\"category\">C\u0259miyy\u0259t<\/a>","tag_info":"C\u0259miyy\u0259t","comment_count":"0","_links":{"self":[{"href":"https:\/\/veteran.az\/index.php?rest_route=\/wp\/v2\/posts\/12170","targetHints":{"allow":["GET"]}}],"collection":[{"href":"https:\/\/veteran.az\/index.php?rest_route=\/wp\/v2\/posts"}],"about":[{"href":"https:\/\/veteran.az\/index.php?rest_route=\/wp\/v2\/types\/post"}],"author":[{"embeddable":true,"href":"https:\/\/veteran.az\/index.php?rest_route=\/wp\/v2\/users\/3"}],"replies":[{"embeddable":true,"href":"https:\/\/veteran.az\/index.php?rest_route=%2Fwp%2Fv2%2Fcomments&post=12170"}],"version-history":[{"count":1,"href":"https:\/\/veteran.az\/index.php?rest_route=\/wp\/v2\/posts\/12170\/revisions"}],"predecessor-version":[{"id":12172,"href":"https:\/\/veteran.az\/index.php?rest_route=\/wp\/v2\/posts\/12170\/revisions\/12172"}],"wp:featuredmedia":[{"embeddable":true,"href":"https:\/\/veteran.az\/index.php?rest_route=\/wp\/v2\/media\/12171"}],"wp:attachment":[{"href":"https:\/\/veteran.az\/index.php?rest_route=%2Fwp%2Fv2%2Fmedia&parent=12170"}],"wp:term":[{"taxonomy":"category","embeddable":true,"href":"https:\/\/veteran.az\/index.php?rest_route=%2Fwp%2Fv2%2Fcategories&post=12170"},{"taxonomy":"post_tag","embeddable":true,"href":"https:\/\/veteran.az\/index.php?rest_route=%2Fwp%2Fv2%2Ftags&post=12170"}],"curies":[{"name":"wp","href":"https:\/\/api.w.org\/{rel}","templated":true}]}}