{"id":12071,"date":"2021-09-12T01:38:00","date_gmt":"2021-09-11T21:38:00","guid":{"rendered":"http:\/\/veteran.az\/?p=12071"},"modified":"2021-09-12T01:38:01","modified_gmt":"2021-09-11T21:38:01","slug":"caliber-iran-qacaqmalciliq-yolu-il%c9%99-qarabaga-daxil-olur","status":"publish","type":"post","link":"https:\/\/veteran.az\/?p=12071","title":{"rendered":"\u201cCaliber\u201d: \u0130ran qa\u00e7aqmal\u00e7\u0131l\u0131q yolu il\u0259 Qaraba\u011fa daxil olur"},"content":{"rendered":"\n<p>Az\u0259rbaycan t\u0259r\u0259fi bu ilin avqustunda \u00e7oxlu sayda \u0130ran y\u00fck ma\u015f\u0131nlar\u0131n\u0131n Rusiya s\u00fclhm\u0259raml\u0131 q\u00fcvv\u0259l\u0259rinin m\u00fcv\u0259qq\u0259ti m\u0259suliyy\u0259t zonas\u0131na r\u0259smi Bak\u0131n\u0131n icaz\u0259si olmadan qanunsuz ke\u00e7diyi bar\u0259d\u0259 m\u0259lumat \u0259ld\u0259 edib.<\/p>\n\n\n\n<p>Bundan sonra, bu il avqustun 11-d\u0259 \u0130ran \u0130slam Respublikas\u0131n\u0131n \u00f6lk\u0259mizd\u0259ki s\u0259firi Seyid Abbas Mus\u0259vi Az\u0259rbaycan Xarici \u0130\u015fl\u0259r Nazirliyin\u0259&nbsp;d\u0259v\u0259t edilib. S\u0259fir\u0259 nota verilib v\u0259 \u0130ran t\u0259r\u0259finin Az\u0259rbaycanla ba\u011fl\u0131 atd\u0131\u011f\u0131 qanunsuz add\u0131mlardan ciddi narahatl\u0131q ifad\u0259 edilib.<\/p>\n\n\n\n<p>D\u00fcz bir ay ke\u00e7di. \u0130ran t\u0259r\u0259fi bu kimi hadis\u0259l\u0259rin qar\u015f\u0131s\u0131n\u0131 almaq \u00fc\u00e7\u00fcn t\u0259sirli t\u0259dbirl\u0259r g\u00f6r\u00fcbm\u00fc? R\u0259smi Bak\u0131n\u0131n etirazlar\u0131n\u0131 n\u0259z\u0259r\u0259 al\u0131bm\u0131? Laz\u0131mi yoxlamalar\u0131 h\u0259yata ke\u00e7iribmi? Q\u0259tiyy\u0259n!<\/p>\n\n\n\n<p><strong>Caliber.Az<\/strong>&nbsp;\u0130rana m\u0259xsus y\u00fck ma\u015f\u0131nlar\u0131n\u0131n Bak\u0131n\u0131n k\u0259skin etiraz\u0131na baxmayaraq Az\u0259rbaycan\u0131n Qaraba\u011f b\u00f6lg\u0259sin\u0259 qanunsuz daxil olma\u011fa nec\u0259 davam etdiyini g\u00f6st\u0259r\u0259n ekskl\u00fcziv video g\u00f6r\u00fcnt\u00fcl\u0259r \u0259ld\u0259 edib.<\/p>\n\n\n\n<p>Faktlar t\u0259kzibedilm\u0259zdir. B\u0259s \u0130ran mollalar\u0131 indi n\u0259 cavab ver\u0259c\u0259kl\u0259r? Yen\u0259 dostluq bar\u0259d\u0259 dan\u0131\u015f\u0131b, amma \u0259sla dost kimi davranmayacaqlar?<\/p>\n\n\n\n<p>\u018ftrafl\u0131 videoda:<\/p>\n\n\n\n<figure class=\"wp-block-embed is-type-video is-provider-youtube wp-block-embed-youtube wp-embed-aspect-16-9 wp-has-aspect-ratio\"><div class=\"wp-block-embed__wrapper\">\n<iframe loading=\"lazy\" title=\"\u0418\u0440\u0430\u043d \u0437\u0430\u0445\u043e\u0434\u0438\u0442 \u0432 \u041a\u0430\u0440\u0430\u0431\u0430\u0445 \u043a\u043e\u043d\u0442\u0440\u0430\u0431\u0430\u043d\u0434\u043e\u0439\" width=\"640\" height=\"360\" src=\"https:\/\/www.youtube.com\/embed\/e_O3m-_i6j8?feature=oembed\" frameborder=\"0\" allow=\"accelerometer; autoplay; clipboard-write; encrypted-media; gyroscope; picture-in-picture; web-share\" referrerpolicy=\"strict-origin-when-cross-origin\" allowfullscreen><\/iframe>\n<\/div><\/figure>\n","protected":false},"excerpt":{"rendered":"<p>Az\u0259rbaycan t\u0259r\u0259fi bu ilin avqustunda \u00e7oxlu sayda \u0130ran y\u00fck ma\u015f\u0131nlar\u0131n\u0131n Rusiya s\u00fclhm\u0259raml\u0131 q\u00fcvv\u0259l\u0259rinin m\u00fcv\u0259qq\u0259ti m\u0259suliyy\u0259t&#8230;<\/p>\n","protected":false},"author":3,"featured_media":12072,"comment_status":"closed","ping_status":"closed","sticky":false,"template":"","format":"standard","meta":{"footnotes":""},"categories":[6],"tags":[],"class_list":["post-12071","post","type-post","status-publish","format-standard","has-post-thumbnail","hentry","category-cmiyyt"],"featured_image_urls":{"full":["https:\/\/veteran.az\/wp-content\/uploads\/2021\/09\/caliber2.jpg",620,413,false],"thumbnail":["https:\/\/veteran.az\/wp-content\/uploads\/2021\/09\/caliber2-150x150.jpg",150,150,true],"medium":["https:\/\/veteran.az\/wp-content\/uploads\/2021\/09\/caliber2-300x200.jpg",300,200,true],"medium_large":["https:\/\/veteran.az\/wp-content\/uploads\/2021\/09\/caliber2.jpg",620,413,false],"large":["https:\/\/veteran.az\/wp-content\/uploads\/2021\/09\/caliber2.jpg",620,413,false],"1536x1536":["https:\/\/veteran.az\/wp-content\/uploads\/2021\/09\/caliber2.jpg",620,413,false],"2048x2048":["https:\/\/veteran.az\/wp-content\/uploads\/2021\/09\/caliber2.jpg",620,413,false],"covernews-slider-full":["https:\/\/veteran.az\/wp-content\/uploads\/2021\/09\/caliber2.jpg",620,413,false],"covernews-slider-center":["https:\/\/veteran.az\/wp-content\/uploads\/2021\/09\/caliber2.jpg",620,413,false],"covernews-featured":["https:\/\/veteran.az\/wp-content\/uploads\/2021\/09\/caliber2.jpg",620,413,false],"covernews-medium":["https:\/\/veteran.az\/wp-content\/uploads\/2021\/09\/caliber2-620x380.jpg",540,331,true],"covernews-medium-square":["https:\/\/veteran.az\/wp-content\/uploads\/2021\/09\/caliber2.jpg",375,250,false]},"author_info":{"display_name":"Veteran.az","author_link":"https:\/\/veteran.az\/?author=3"},"category_info":"<a href=\"https:\/\/veteran.az\/?cat=6\" rel=\"category\">C\u0259miyy\u0259t<\/a>","tag_info":"C\u0259miyy\u0259t","comment_count":"0","_links":{"self":[{"href":"https:\/\/veteran.az\/index.php?rest_route=\/wp\/v2\/posts\/12071","targetHints":{"allow":["GET"]}}],"collection":[{"href":"https:\/\/veteran.az\/index.php?rest_route=\/wp\/v2\/posts"}],"about":[{"href":"https:\/\/veteran.az\/index.php?rest_route=\/wp\/v2\/types\/post"}],"author":[{"embeddable":true,"href":"https:\/\/veteran.az\/index.php?rest_route=\/wp\/v2\/users\/3"}],"replies":[{"embeddable":true,"href":"https:\/\/veteran.az\/index.php?rest_route=%2Fwp%2Fv2%2Fcomments&post=12071"}],"version-history":[{"count":1,"href":"https:\/\/veteran.az\/index.php?rest_route=\/wp\/v2\/posts\/12071\/revisions"}],"predecessor-version":[{"id":12073,"href":"https:\/\/veteran.az\/index.php?rest_route=\/wp\/v2\/posts\/12071\/revisions\/12073"}],"wp:featuredmedia":[{"embeddable":true,"href":"https:\/\/veteran.az\/index.php?rest_route=\/wp\/v2\/media\/12072"}],"wp:attachment":[{"href":"https:\/\/veteran.az\/index.php?rest_route=%2Fwp%2Fv2%2Fmedia&parent=12071"}],"wp:term":[{"taxonomy":"category","embeddable":true,"href":"https:\/\/veteran.az\/index.php?rest_route=%2Fwp%2Fv2%2Fcategories&post=12071"},{"taxonomy":"post_tag","embeddable":true,"href":"https:\/\/veteran.az\/index.php?rest_route=%2Fwp%2Fv2%2Ftags&post=12071"}],"curies":[{"name":"wp","href":"https:\/\/api.w.org\/{rel}","templated":true}]}}