{"id":12043,"date":"2021-09-10T04:19:24","date_gmt":"2021-09-10T00:19:24","guid":{"rendered":"http:\/\/veteran.az\/?p=12043"},"modified":"2021-09-10T04:19:25","modified_gmt":"2021-09-10T00:19:25","slug":"turkiy%c9%99-silahli-quvv%c9%99l%c9%99rini-az%c9%99rbaycanda-t%c9%99msil-ed%c9%99n-xususi-komandanliq-qrupu-n%c9%99-vaxtdan-f%c9%99aliyy%c9%99t-gost%c9%99rir","status":"publish","type":"post","link":"https:\/\/veteran.az\/?p=12043","title":{"rendered":"T\u00fcrkiy\u0259 Silahl\u0131 Q\u00fcvv\u0259l\u0259rini Az\u0259rbaycanda t\u0259msil ed\u0259n X\u00fcsusi Komandanl\u0131q Qrupu n\u0259 vaxtdan f\u0259aliyy\u0259t g\u00f6st\u0259rir?"},"content":{"rendered":"\n<p><strong>Son g\u00fcnl\u0259rd\u0259 yerli v\u0259 erm\u0259ni K\u0130V-d\u0259 T\u00fcrkiy\u0259 Silahl\u0131 Q\u00fcvv\u0259l\u0259rini Az\u0259rbaycanda t\u0259msil ed\u0259n X\u00fcsusi Komandanl\u0131q Qrupuna d\u00f6rd t\u00fcrk general\u0131n\u0131n daxil olaca\u011f\u0131 bar\u0259d\u0259 x\u0259b\u0259rl\u0259r yay\u0131l\u0131b.<\/strong><\/p>\n\n\n\n<p><br>Oxu.Az x\u0259b\u0259r verir ki, ad\u0131 \u00e7\u0259kil\u0259n generallardan biri art\u0131q ilin \u0259vv\u0259lind\u0259n b\u0259ri A\u011fdamdak\u0131 birg\u0259 monitorinq m\u0259rk\u0259zind\u0259 T\u00fcrkiy\u0259 missiyas\u0131na r\u0259h\u0259rlik ed\u0259n Abdullah Qat\u0131rc\u0131d\u0131r.<\/p>\n\n\n\n<p><br>Bununla yana\u015f\u0131, X\u00fcsusi Komandanl\u0131q Qrupu \u00f6lk\u0259mizd\u0259 yeni qurum deyil v\u0259 1992-cil ild\u0259n f\u0259aliyy\u0259t g\u00f6st\u0259rir. Sad\u0259c\u0259, bu vaxtad\u0259k onun t\u0259rkibin\u0259 daha a\u015fa\u011f\u0131 r\u00fctb\u0259li zabitl\u0259r daxil olub.<\/p>\n\n\n\n<p>Yeniliy\u0259 ehtiyac is\u0259 Az\u0259rbaycan v\u0259 T\u00fcrkiy\u0259 Ordular\u0131n\u0131n artan birg\u0259 t\u0259liml\u0259ri v\u0259 iki \u00f6lk\u0259nin Silahl\u0131 Q\u00fcvv\u0259l\u0259ri aras\u0131ndak\u0131 \u0259laq\u0259l\u0259rin geni\u015fl\u0259nm\u0259sind\u0259n do\u011fur ki, bu da t\u0259biidir. Burada hans\u0131sa siyasi \u00e7alar axtarmaq \u0259lb\u0259tt\u0259 ki, m\u0259nas\u0131zd\u0131r.<\/p>\n\n\n\n<p><br>\u0130st\u0259nil\u0259n halda ordumuzun daha yax\u015f\u0131 t\u0259lim ke\u00e7m\u0259si sevindirici hald\u0131r. Bel\u0259 ki, s\u00fclh\u00fcn \u0259n etibarl\u0131 t\u0259minat\u00e7\u0131s\u0131 m\u0259hz g\u00fccl\u00fc ordudur.<\/p>\n","protected":false},"excerpt":{"rendered":"<p>Son g\u00fcnl\u0259rd\u0259 yerli v\u0259 erm\u0259ni K\u0130V-d\u0259 T\u00fcrkiy\u0259 Silahl\u0131 Q\u00fcvv\u0259l\u0259rini Az\u0259rbaycanda t\u0259msil ed\u0259n X\u00fcsusi Komandanl\u0131q Qrupuna&#8230;<\/p>\n","protected":false},"author":3,"featured_media":12007,"comment_status":"closed","ping_status":"closed","sticky":false,"template":"","format":"standard","meta":{"footnotes":""},"categories":[6],"tags":[],"class_list":["post-12043","post","type-post","status-publish","format-standard","has-post-thumbnail","hentry","category-cmiyyt"],"featured_image_urls":{"full":["https:\/\/veteran.az\/wp-content\/uploads\/2021\/09\/photo_33122962.jpeg",850,530,false],"thumbnail":["https:\/\/veteran.az\/wp-content\/uploads\/2021\/09\/photo_33122962-150x150.jpeg",150,150,true],"medium":["https:\/\/veteran.az\/wp-content\/uploads\/2021\/09\/photo_33122962-300x187.jpeg",300,187,true],"medium_large":["https:\/\/veteran.az\/wp-content\/uploads\/2021\/09\/photo_33122962-768x479.jpeg",640,399,true],"large":["https:\/\/veteran.az\/wp-content\/uploads\/2021\/09\/photo_33122962.jpeg",640,399,false],"1536x1536":["https:\/\/veteran.az\/wp-content\/uploads\/2021\/09\/photo_33122962.jpeg",850,530,false],"2048x2048":["https:\/\/veteran.az\/wp-content\/uploads\/2021\/09\/photo_33122962.jpeg",850,530,false],"covernews-slider-full":["https:\/\/veteran.az\/wp-content\/uploads\/2021\/09\/photo_33122962.jpeg",850,530,false],"covernews-slider-center":["https:\/\/veteran.az\/wp-content\/uploads\/2021\/09\/photo_33122962.jpeg",800,500,false],"covernews-featured":["https:\/\/veteran.az\/wp-content\/uploads\/2021\/09\/photo_33122962.jpeg",850,530,false],"covernews-medium":["https:\/\/veteran.az\/wp-content\/uploads\/2021\/09\/photo_33122962-720x380.jpeg",540,285,true],"covernews-medium-square":["https:\/\/veteran.az\/wp-content\/uploads\/2021\/09\/photo_33122962-675x450.jpeg",375,250,true]},"author_info":{"display_name":"Veteran.az","author_link":"https:\/\/veteran.az\/?author=3"},"category_info":"<a href=\"https:\/\/veteran.az\/?cat=6\" rel=\"category\">C\u0259miyy\u0259t<\/a>","tag_info":"C\u0259miyy\u0259t","comment_count":"0","_links":{"self":[{"href":"https:\/\/veteran.az\/index.php?rest_route=\/wp\/v2\/posts\/12043","targetHints":{"allow":["GET"]}}],"collection":[{"href":"https:\/\/veteran.az\/index.php?rest_route=\/wp\/v2\/posts"}],"about":[{"href":"https:\/\/veteran.az\/index.php?rest_route=\/wp\/v2\/types\/post"}],"author":[{"embeddable":true,"href":"https:\/\/veteran.az\/index.php?rest_route=\/wp\/v2\/users\/3"}],"replies":[{"embeddable":true,"href":"https:\/\/veteran.az\/index.php?rest_route=%2Fwp%2Fv2%2Fcomments&post=12043"}],"version-history":[{"count":1,"href":"https:\/\/veteran.az\/index.php?rest_route=\/wp\/v2\/posts\/12043\/revisions"}],"predecessor-version":[{"id":12044,"href":"https:\/\/veteran.az\/index.php?rest_route=\/wp\/v2\/posts\/12043\/revisions\/12044"}],"wp:featuredmedia":[{"embeddable":true,"href":"https:\/\/veteran.az\/index.php?rest_route=\/wp\/v2\/media\/12007"}],"wp:attachment":[{"href":"https:\/\/veteran.az\/index.php?rest_route=%2Fwp%2Fv2%2Fmedia&parent=12043"}],"wp:term":[{"taxonomy":"category","embeddable":true,"href":"https:\/\/veteran.az\/index.php?rest_route=%2Fwp%2Fv2%2Fcategories&post=12043"},{"taxonomy":"post_tag","embeddable":true,"href":"https:\/\/veteran.az\/index.php?rest_route=%2Fwp%2Fv2%2Ftags&post=12043"}],"curies":[{"name":"wp","href":"https:\/\/api.w.org\/{rel}","templated":true}]}}