{"id":11954,"date":"2021-09-02T23:59:41","date_gmt":"2021-09-02T19:59:41","guid":{"rendered":"http:\/\/veteran.az\/?p=11954"},"modified":"2021-09-02T23:59:43","modified_gmt":"2021-09-02T19:59:43","slug":"turkiy%c9%99-mudafi%c9%99-nazirliyi-qardaslarimiza-xos-g%c9%99ldiniz-deyirik","status":"publish","type":"post","link":"https:\/\/veteran.az\/?p=11954","title":{"rendered":"T\u00fcrkiy\u0259 M\u00fcdafi\u0259 Nazirliyi: \u201cQarda\u015flar\u0131m\u0131za xo\u015f g\u0259ldiniz deyirik\u201d"},"content":{"rendered":"\n<p><strong>Sentyabr\u0131n 6-7-d\u0259 T\u00fcrkiy\u0259nin Konya \u015f\u0259h\u0259rind\u0259 \u0259n\u0259nvi &#171;Turaz \u015eahini\u201d h\u0259rbi t\u0259liml\u0259ri ke\u00e7iril\u0259c\u0259k.<\/strong><\/p>\n\n\n\n<p><br>Bu bar\u0259d\u0259 T\u00fcrkiy\u0259 M\u00fcdafi\u0259 Nazirlilyind\u0259n m\u0259lumat verilib.<\/p>\n\n\n\n<p><br>T\u0259liml\u0259rd\u0259 i\u015ftirak etm\u0259k m\u0259qs\u0259dil\u0259 Az\u0259rbaycan H\u0259rbi Hava Q\u00fcvv\u0259l\u0259rn\u0259 aid iki \u0259d\u0259d Miq-29 v\u0259 iki \u0259d\u0259d Su-25 t\u0259yyar\u0259l\u0259ri, h\u0259m\u00e7inin 78 n\u0259f\u0259rlik \u015f\u0259xsi hey\u0259t art\u0131q Konyaya g\u0259lib.<\/p>\n\n\n\n<p><br>Nazirliyin sosial \u015f\u0259b\u0259k\u0259 s\u0259hif\u0259sind\u0259n bu bar\u0259d\u0259 m\u0259lumat payla\u015f\u0131l\u0131b v\u0259 &#171;Qarda\u015flar\u0131m\u0131za xo\u015f g\u0259ldiniz deyirik\u201d, &#8212; yaz\u0131laraq qeyd edilib.<\/p>\n\n\n\n<p><br>Bununla yana\u015f\u0131, s\u0259hif\u0259d\u0259 Az\u0259rbaycan v\u0259 T\u00fcrkiy\u0259 aras\u0131nda ba\u011flanm\u0131\u015f h\u0259rbi \u0259m\u0259kda\u015fl\u0131q haqq\u0131nda sazi\u015f\u0259 \u0259sas\u0259n h\u0259r iki qarda\u015f \u00f6lk\u0259 h\u0259rb\u00e7il\u0259rinin Az\u0259rbaycanda ke\u00e7iril\u0259n birg\u0259 t\u0259lim-m\u0259\u015fql\u0259rind\u0259n d\u0259 g\u00f6r\u00fcnt\u00fcl\u0259r d\u0259rc edilib.<\/p>\n\n\n\n<figure class=\"wp-block-embed is-type-rich is-provider-twitter wp-block-embed-twitter\"><div class=\"wp-block-embed__wrapper\">\n<blockquote class=\"twitter-tweet\" data-width=\"550\" data-dnt=\"true\"><p lang=\"tr\" dir=\"ltr\">Konya&#39;da 06-17 Eyl\u00fcl 2021 tarihleri aras\u0131nda icra edilecek olan Turaz \u015eahini Tatbikat\u0131&#39;na kat\u0131lacak olan Azerbaycan Hava Kuvvetlerinden 2 adet Mig-29 ve 2 adet Su-25 u\u00e7aklar\u0131 ile 78 personel \u00fclkemize geldi. Karde\u015flerimize ho\u015f geldiniz diyoruz. <a href=\"https:\/\/twitter.com\/hashtag\/MSB?src=hash&amp;ref_src=twsrc%5Etfw\">#MSB<\/a> <a href=\"https:\/\/twitter.com\/hashtag\/TSK?src=hash&amp;ref_src=twsrc%5Etfw\">#TSK<\/a> <a href=\"https:\/\/twitter.com\/hashtag\/Turaz%C5%9Eahini?src=hash&amp;ref_src=twsrc%5Etfw\">#Turaz\u015eahini<\/a> \ud83c\uddf9\ud83c\uddf7 \ud83c\udde6\ud83c\uddff <a href=\"https:\/\/t.co\/QGeJlRcM5J\">pic.twitter.com\/QGeJlRcM5J<\/a><\/p>&mdash; T.C. Mill\u00ee Savunma Bakanl\u0131\u011f\u0131 (@tcsavunma) <a href=\"https:\/\/twitter.com\/tcsavunma\/status\/1433422126703206400?ref_src=twsrc%5Etfw\">September 2, 2021<\/a><\/blockquote><script async src=\"https:\/\/platform.twitter.com\/widgets.js\" charset=\"utf-8\"><\/script>\n<\/div><\/figure>\n\n\n\n<figure class=\"wp-block-embed is-type-rich is-provider-twitter wp-block-embed-twitter\"><div class=\"wp-block-embed__wrapper\">\n<blockquote class=\"twitter-tweet\" data-width=\"550\" data-dnt=\"true\"><p lang=\"tr\" dir=\"ltr\">1\u20e3 T\u00fcrkiye ve Azerbaycan Ordusuna mensup SAT Timlerinin kat\u0131l\u0131m\u0131yla ikili SAT e\u011fitimleri ger\u00e7ekle\u015ftiriliyor. Azerbaycan\u2019da devam eden e\u011fitimler kapsam\u0131nda; tabanca ve piyade t\u00fcfe\u011fi at\u0131\u015f e\u011fitimleri, mesk\u00fbn mahallerde muharebe ve yak\u0131n muharebe e\u011fitimleri icra edildi.<a href=\"https:\/\/twitter.com\/hashtag\/MSB?src=hash&amp;ref_src=twsrc%5Etfw\">#MSB<\/a> <a href=\"https:\/\/twitter.com\/hashtag\/TSK?src=hash&amp;ref_src=twsrc%5Etfw\">#TSK<\/a> <a href=\"https:\/\/t.co\/DVhcLuzPWf\">pic.twitter.com\/DVhcLuzPWf<\/a><\/p>&mdash; T.C. Mill\u00ee Savunma Bakanl\u0131\u011f\u0131 (@tcsavunma) <a href=\"https:\/\/twitter.com\/tcsavunma\/status\/1433427027109941251?ref_src=twsrc%5Etfw\">September 2, 2021<\/a><\/blockquote><script async src=\"https:\/\/platform.twitter.com\/widgets.js\" charset=\"utf-8\"><\/script>\n<\/div><\/figure>\n","protected":false},"excerpt":{"rendered":"<p>Sentyabr\u0131n 6-7-d\u0259 T\u00fcrkiy\u0259nin Konya \u015f\u0259h\u0259rind\u0259 \u0259n\u0259nvi &#171;Turaz \u015eahini\u201d h\u0259rbi t\u0259liml\u0259ri ke\u00e7iril\u0259c\u0259k. Bu bar\u0259d\u0259 T\u00fcrkiy\u0259 M\u00fcdafi\u0259&#8230;<\/p>\n","protected":false},"author":3,"featured_media":11955,"comment_status":"closed","ping_status":"closed","sticky":false,"template":"","format":"standard","meta":{"footnotes":""},"categories":[6],"tags":[],"class_list":["post-11954","post","type-post","status-publish","format-standard","has-post-thumbnail","hentry","category-cmiyyt"],"featured_image_urls":{"full":["https:\/\/veteran.az\/wp-content\/uploads\/2021\/09\/1630597441_untitled-1.jpg",800,450,false],"thumbnail":["https:\/\/veteran.az\/wp-content\/uploads\/2021\/09\/1630597441_untitled-1-150x150.jpg",150,150,true],"medium":["https:\/\/veteran.az\/wp-content\/uploads\/2021\/09\/1630597441_untitled-1-300x169.jpg",300,169,true],"medium_large":["https:\/\/veteran.az\/wp-content\/uploads\/2021\/09\/1630597441_untitled-1-768x432.jpg",640,360,true],"large":["https:\/\/veteran.az\/wp-content\/uploads\/2021\/09\/1630597441_untitled-1.jpg",640,360,false],"1536x1536":["https:\/\/veteran.az\/wp-content\/uploads\/2021\/09\/1630597441_untitled-1.jpg",800,450,false],"2048x2048":["https:\/\/veteran.az\/wp-content\/uploads\/2021\/09\/1630597441_untitled-1.jpg",800,450,false],"covernews-slider-full":["https:\/\/veteran.az\/wp-content\/uploads\/2021\/09\/1630597441_untitled-1.jpg",800,450,false],"covernews-slider-center":["https:\/\/veteran.az\/wp-content\/uploads\/2021\/09\/1630597441_untitled-1.jpg",800,450,false],"covernews-featured":["https:\/\/veteran.az\/wp-content\/uploads\/2021\/09\/1630597441_untitled-1.jpg",800,450,false],"covernews-medium":["https:\/\/veteran.az\/wp-content\/uploads\/2021\/09\/1630597441_untitled-1-720x380.jpg",540,285,true],"covernews-medium-square":["https:\/\/veteran.az\/wp-content\/uploads\/2021\/09\/1630597441_untitled-1-675x450.jpg",375,250,true]},"author_info":{"display_name":"Veteran.az","author_link":"https:\/\/veteran.az\/?author=3"},"category_info":"<a href=\"https:\/\/veteran.az\/?cat=6\" rel=\"category\">C\u0259miyy\u0259t<\/a>","tag_info":"C\u0259miyy\u0259t","comment_count":"0","_links":{"self":[{"href":"https:\/\/veteran.az\/index.php?rest_route=\/wp\/v2\/posts\/11954","targetHints":{"allow":["GET"]}}],"collection":[{"href":"https:\/\/veteran.az\/index.php?rest_route=\/wp\/v2\/posts"}],"about":[{"href":"https:\/\/veteran.az\/index.php?rest_route=\/wp\/v2\/types\/post"}],"author":[{"embeddable":true,"href":"https:\/\/veteran.az\/index.php?rest_route=\/wp\/v2\/users\/3"}],"replies":[{"embeddable":true,"href":"https:\/\/veteran.az\/index.php?rest_route=%2Fwp%2Fv2%2Fcomments&post=11954"}],"version-history":[{"count":1,"href":"https:\/\/veteran.az\/index.php?rest_route=\/wp\/v2\/posts\/11954\/revisions"}],"predecessor-version":[{"id":11956,"href":"https:\/\/veteran.az\/index.php?rest_route=\/wp\/v2\/posts\/11954\/revisions\/11956"}],"wp:featuredmedia":[{"embeddable":true,"href":"https:\/\/veteran.az\/index.php?rest_route=\/wp\/v2\/media\/11955"}],"wp:attachment":[{"href":"https:\/\/veteran.az\/index.php?rest_route=%2Fwp%2Fv2%2Fmedia&parent=11954"}],"wp:term":[{"taxonomy":"category","embeddable":true,"href":"https:\/\/veteran.az\/index.php?rest_route=%2Fwp%2Fv2%2Fcategories&post=11954"},{"taxonomy":"post_tag","embeddable":true,"href":"https:\/\/veteran.az\/index.php?rest_route=%2Fwp%2Fv2%2Ftags&post=11954"}],"curies":[{"name":"wp","href":"https:\/\/api.w.org\/{rel}","templated":true}]}}