{"id":11933,"date":"2021-09-02T02:06:57","date_gmt":"2021-09-01T22:06:57","guid":{"rendered":"http:\/\/veteran.az\/?p=11933"},"modified":"2021-09-02T02:11:02","modified_gmt":"2021-09-01T22:11:02","slug":"sahil-babayev-qazil%c9%99r%c9%99-veril%c9%99n-protezl%c9%99rin-qiym%c9%99tini-aciqladi","status":"publish","type":"post","link":"https:\/\/veteran.az\/?p=11933","title":{"rendered":"Sahil Babayev qazil\u0259r\u0259 veril\u0259n protezl\u0259rin qiym\u0259tini A\u00c7IQLADI"},"content":{"rendered":"\n<p><strong>\u201cBu g\u00fcn\u0259d\u0259k 7 mind\u0259n \u00e7ox \u015f\u0259xs sosial-psixoloji, reabilitasiya xidm\u0259tl\u0259ri il\u0259 t\u0259min olunub\u201d.<\/strong><\/p>\n\n\n\n<p>Bunu \u0259m\u0259k v\u0259 \u0259halinin sosial m\u00fcdafi\u0259si naziri Sahil Babayev AZTV-nin \u201cH\u0259d\u0259f\u201d verili\u015find\u0259 deyib.<\/p>\n\n\n\n<p>\u201c\u018fn \u00f6n\u0259mli istiqam\u0259tl\u0259rd\u0259n biri odur ki, \u0259zalar\u0131n\u0131 itirmi\u015f qazil\u0259rimiz \u00fc\u00e7\u00fcn d\u00fcnyada m\u00f6vcud olan \u0259n m\u00fcasir d\u00f6rd\u00fcnc\u00fc n\u0259sil elektron protezl\u0259r t\u0259min edilib. R\u0259q\u0259m olaraq qeyd edim ki, \u00f6z \u0259zalar\u0131n\u0131 itir\u0259n 182 qazimiz var. Art\u0131q onlardan 140-\u0131 protezl\u0259rl\u0259 t\u0259min olunub. Bu protezl\u0259rin d\u0259y\u0259ri bel\u0259dir: itiril\u0259n \u0259zan\u0131n oynaqlar\u0131n\u0131n say\u0131na g\u00f6r\u0259 30-100 min manat aras\u0131nda a\u015fa\u011f\u0131 \u0259zalar \u00fc\u00e7\u00fcn, 100-250 min manat aras\u0131nda yuxar\u0131 \u0259zalar \u00fc\u00e7\u00fcn s\u0259rf olunur. Bunu tam \u015f\u0259kild\u0259 d\u00f6vl\u0259t \u0259v\u0259zsiz olaraq \u00f6d\u0259yir. Onlar\u0131n t\u0259krar h\u0259yata inteqrasiyas\u0131, c\u0259miyy\u0259td\u0259 \u00f6z yerl\u0259rini tam tapmalar\u0131, eyni zamanda, onlar\u0131n sosial v\u0259 pe\u015f\u0259 reabilitasiyalar\u0131 \u00fc\u00e7\u00fcn \u0259h\u0259miyy\u0259t k\u0259sb ed\u0259n proqram u\u011furla icra olunur\u201d, &#8212; nazir \u00e7\u0131x\u0131\u015f\u0131nda qeyd edib.<\/p>\n\n\n\n<p>H\u0259m\u00e7inin nazir bildirib: \u201cAz\u0259rbaycan nadir \u00f6lk\u0259l\u0259rd\u0259ndir ki, \u015f\u0259hid ail\u0259l\u0259rin\u0259, m\u00fcharib\u0259 \u0259lill\u0259rin\u0259 bu s\u0259pkid\u0259 geni\u015f proqram icra edir. \u015e\u0259hid ail\u0259l\u0259rin\u0259, m\u00fcharib\u0259 \u0259lill\u0259rin\u0259 bu g\u00fcn\u0259 kimi 11 000 m\u0259nzil t\u0259qdim edilib. Onlar\u0131n da 1 600-\u00fc bu il t\u0259qdim olunub. H\u0259d\u0259fimiz 3 000-dir. Proses davam ed\u0259c\u0259k\u201d.<\/p>\n\n\n\n<p>Nazir qeyd edib ki, 11 000 m\u0259nzil y\u00fcz milyonlarla manat v\u0259sait dem\u0259kdir. Bu, kifay\u0259t q\u0259d\u0259r geni\u015f, maliyy\u0259 tutumlu, b\u00f6y\u00fck r\u0259q\u0259mdir.<\/p>\n\n\n\n<p>\u201cM\u00fcharib\u0259 \u0259lill\u0259rin\u0259 t\u0259qdim edil\u0259n avtomobill\u0259rin say\u0131 art\u0131q 7 200-\u00fc \u00f6t\u00fcb. Bu ill\u0259r \u0259rzind\u0259 m\u00fcharib\u0259 \u0259lill\u0259rin\u0259 7 200 avtomobil \u0259v\u0259zsiz olaraq t\u0259qdim edilib. Art\u0131q bu il d\u0259 100 avtomobil t\u0259qdim olunub v\u0259 proses ilin sonuna kimi davam ed\u0259c\u0259k. Bunlar postm\u00fcharib\u0259 paketinin sad\u0259c\u0259 bir hiss\u0259si idi. Postm\u00fcharib\u0259 paketi daha geni\u015f idi v\u0259 bu paketin anonsunu da c\u0259nab Prezident \u00f6t\u0259n ilin son g\u00fcnl\u0259rind\u0259 imzalad\u0131\u011f\u0131 s\u0259r\u0259ncam v\u0259 f\u0259rmanlarla verdi\u201d, &#8212; nazir bildirib.<\/p>\n\n\n\n<p>&#171;D\u00fc\u015f\u00fcn\u00fcr\u00fck ki, cari ay \u0259rzind\u0259 d\u0259 V\u0259t\u0259n m\u00fcharib\u0259si q\u0259hr\u0259manlar\u0131 ail\u0259l\u0259rinin h\u0259r biri m\u0259nzill\u0259rl\u0259 t\u0259min olunacaq. Bu, geni\u015f paketin t\u0259rkib hiss\u0259sidir. \u018flb\u0259tt\u0259 bu paketin icras\u0131 d\u00f6vl\u0259tin \u015f\u0259hid ail\u0259l\u0259rin\u0259, m\u00fcharib\u0259 \u0259lill\u0259rin\u0259 verdiyi \u00f6n\u0259min, diqq\u0259tin bariz t\u0259zah\u00fcr\u00fcd\u00fcr\u201d, &#8212; Sahil Babayev \u0259lav\u0259 edib.<\/p>\n","protected":false},"excerpt":{"rendered":"<p>\u201cBu g\u00fcn\u0259d\u0259k 7 mind\u0259n \u00e7ox \u015f\u0259xs sosial-psixoloji, reabilitasiya xidm\u0259tl\u0259ri il\u0259 t\u0259min olunub\u201d. Bunu \u0259m\u0259k v\u0259&#8230;<\/p>\n","protected":false},"author":3,"featured_media":0,"comment_status":"closed","ping_status":"closed","sticky":false,"template":"","format":"standard","meta":{"footnotes":""},"categories":[5],"tags":[],"class_list":["post-11933","post","type-post","status-publish","format-standard","hentry","category-sosial"],"featured_image_urls":{"full":"","thumbnail":"","medium":"","medium_large":"","large":"","1536x1536":"","2048x2048":"","covernews-slider-full":"","covernews-slider-center":"","covernews-featured":"","covernews-medium":"","covernews-medium-square":""},"author_info":{"display_name":"Veteran.az","author_link":"https:\/\/veteran.az\/?author=3"},"category_info":"<a href=\"https:\/\/veteran.az\/?cat=5\" rel=\"category\">Sosial<\/a>","tag_info":"Sosial","comment_count":"0","_links":{"self":[{"href":"https:\/\/veteran.az\/index.php?rest_route=\/wp\/v2\/posts\/11933","targetHints":{"allow":["GET"]}}],"collection":[{"href":"https:\/\/veteran.az\/index.php?rest_route=\/wp\/v2\/posts"}],"about":[{"href":"https:\/\/veteran.az\/index.php?rest_route=\/wp\/v2\/types\/post"}],"author":[{"embeddable":true,"href":"https:\/\/veteran.az\/index.php?rest_route=\/wp\/v2\/users\/3"}],"replies":[{"embeddable":true,"href":"https:\/\/veteran.az\/index.php?rest_route=%2Fwp%2Fv2%2Fcomments&post=11933"}],"version-history":[{"count":2,"href":"https:\/\/veteran.az\/index.php?rest_route=\/wp\/v2\/posts\/11933\/revisions"}],"predecessor-version":[{"id":11936,"href":"https:\/\/veteran.az\/index.php?rest_route=\/wp\/v2\/posts\/11933\/revisions\/11936"}],"wp:attachment":[{"href":"https:\/\/veteran.az\/index.php?rest_route=%2Fwp%2Fv2%2Fmedia&parent=11933"}],"wp:term":[{"taxonomy":"category","embeddable":true,"href":"https:\/\/veteran.az\/index.php?rest_route=%2Fwp%2Fv2%2Fcategories&post=11933"},{"taxonomy":"post_tag","embeddable":true,"href":"https:\/\/veteran.az\/index.php?rest_route=%2Fwp%2Fv2%2Ftags&post=11933"}],"curies":[{"name":"wp","href":"https:\/\/api.w.org\/{rel}","templated":true}]}}