{"id":11923,"date":"2021-09-01T14:38:34","date_gmt":"2021-09-01T10:38:34","guid":{"rendered":"http:\/\/veteran.az\/?p=11923"},"modified":"2021-09-01T14:38:36","modified_gmt":"2021-09-01T10:38:36","slug":"daha-uc-qazimiz-mualic%c9%99-ucun-turkiy%c9%99y%c9%99-gond%c9%99rilib","status":"publish","type":"post","link":"https:\/\/veteran.az\/?p=11923","title":{"rendered":"Daha \u00fc\u00e7 qazimiz m\u00fcalic\u0259 \u00fc\u00e7\u00fcn T\u00fcrkiy\u0259y\u0259 g\u00f6nd\u0259rilib"},"content":{"rendered":"\n<p><strong>A\u011f\u0131r yaralanan daha 3 qazimiz &#171;YA\u015eAT&#187; Fondu t\u0259r\u0259find\u0259n T\u00fcrkiy\u0259y\u0259 g\u00f6nd\u0259rilib.<\/strong><\/p>\n\n\n\n<p>Fonddan Milli.Az-a veril\u0259n m\u0259lumata g\u00f6r\u0259, S\u00fcleymanl\u0131 Aqil Akif o\u011flu, \u018fliyev \u00c7ingiz Yaquf o\u011flu, S\u0259limzad\u0259 Tural Vasif o\u011flu T\u00fcrkiy\u0259d\u0259 m\u00fcalic\u0259 olunacaqlar.<\/p>\n\n\n\n<p>&#171;YA\u015eAT&#187; Fondu t\u0259r\u0259find\u0259n T\u00fcrkiy\u0259d\u0259n \u00f6lk\u0259miz\u0259 g\u0259tiril\u0259n, h\u0259m\u00e7inin yerli h\u0259kiml\u0259rin r\u0259yi n\u0259z\u0259r\u0259 al\u0131naraq qazil\u0259rimizin m\u00fcvafiq m\u00fcayin\u0259, m\u00fcalic\u0259 v\u0259 reabilitasiya prosesi T\u00fcrkiy\u0259d\u0259 davam etdiril\u0259c\u0259k.<\/p>\n\n\n\n<p>&#171;YA\u015eAT&#187; Fondu qazil\u0259rimizin m\u00fcalic\u0259sini tam yekunla\u015fana q\u0259d\u0259r n\u0259zar\u0259td\u0259 saxlayacaq. Fond t\u0259r\u0259find\u0259n h\u0259kim r\u0259yi \u0259sas\u0131nda a\u011f\u0131r yaral\u0131 olan qazil\u0259rimizin m\u00fcalic\u0259 \u00fc\u00e7\u00fcn xaric\u0259 davaml\u0131 \u015f\u0259kild\u0259 g\u00f6nd\u0259rilm\u0259si t\u0259min edilir.<\/p>\n\n\n\n<p>Xat\u0131rladaq ki, Fond t\u0259r\u0259find\u0259n bu g\u00fcn\u0259 q\u0259d\u0259r 126 qazimiz m\u00fcalic\u0259 \u00fc\u00e7\u00fcn T\u00fcrkiy\u0259y\u0259 g\u00f6nd\u0259rilib. Onlardan 73-n\u00fcn m\u00fcalic\u0259 proseduru art\u0131q u\u011furla yekunla\u015f\u0131b v\u0259 V\u0259t\u0259n\u0259 qay\u0131d\u0131blar. Qazil\u0259rimizin qar\u015f\u0131dak\u0131 aylarda m\u00fcalic\u0259si \u00fc\u00e7\u00fcn n\u0259z\u0259rd\u0259 tutulan d\u0259rman vasit\u0259l\u0259ri d\u0259 Fond t\u0259r\u0259find\u0259n t\u0259min edilib.<\/p>\n\n\n\n<p>&#171;YA\u015eAT&#187; Fonduna m\u00fcraci\u0259t etm\u0259k v\u0259 Fondun f\u0259aliyy\u0259ti il\u0259 tan\u0131\u015f olmaq \u00fc\u00e7\u00fcn yashat.gov.az portal\u0131 istifad\u0259dir.<\/p>\n\n\n\n<p>Fondun hesabatl\u0131l\u0131\u011f\u0131 il\u0259 tan\u0131\u015f olmaq \u00fc\u00e7\u00fcn ke\u00e7id: \/\/yashat.gov.az\/report\/tableau<\/p>\n\n\n\n<p>H\u0259m\u00e7inin Fondun 8110 &#171;\u00c7a\u011fr\u0131&#187; M\u0259rk\u0259zi f\u0259aliyy\u0259t g\u00f6st\u0259rir.<\/p>\n","protected":false},"excerpt":{"rendered":"<p>A\u011f\u0131r yaralanan daha 3 qazimiz &#171;YA\u015eAT&#187; Fondu t\u0259r\u0259find\u0259n T\u00fcrkiy\u0259y\u0259 g\u00f6nd\u0259rilib. Fonddan Milli.Az-a veril\u0259n m\u0259lumata g\u00f6r\u0259,&#8230;<\/p>\n","protected":false},"author":3,"featured_media":0,"comment_status":"closed","ping_status":"closed","sticky":false,"template":"","format":"standard","meta":{"footnotes":""},"categories":[5],"tags":[],"class_list":["post-11923","post","type-post","status-publish","format-standard","hentry","category-sosial"],"featured_image_urls":{"full":"","thumbnail":"","medium":"","medium_large":"","large":"","1536x1536":"","2048x2048":"","covernews-slider-full":"","covernews-slider-center":"","covernews-featured":"","covernews-medium":"","covernews-medium-square":""},"author_info":{"display_name":"Veteran.az","author_link":"https:\/\/veteran.az\/?author=3"},"category_info":"<a href=\"https:\/\/veteran.az\/?cat=5\" rel=\"category\">Sosial<\/a>","tag_info":"Sosial","comment_count":"0","_links":{"self":[{"href":"https:\/\/veteran.az\/index.php?rest_route=\/wp\/v2\/posts\/11923","targetHints":{"allow":["GET"]}}],"collection":[{"href":"https:\/\/veteran.az\/index.php?rest_route=\/wp\/v2\/posts"}],"about":[{"href":"https:\/\/veteran.az\/index.php?rest_route=\/wp\/v2\/types\/post"}],"author":[{"embeddable":true,"href":"https:\/\/veteran.az\/index.php?rest_route=\/wp\/v2\/users\/3"}],"replies":[{"embeddable":true,"href":"https:\/\/veteran.az\/index.php?rest_route=%2Fwp%2Fv2%2Fcomments&post=11923"}],"version-history":[{"count":1,"href":"https:\/\/veteran.az\/index.php?rest_route=\/wp\/v2\/posts\/11923\/revisions"}],"predecessor-version":[{"id":11925,"href":"https:\/\/veteran.az\/index.php?rest_route=\/wp\/v2\/posts\/11923\/revisions\/11925"}],"wp:attachment":[{"href":"https:\/\/veteran.az\/index.php?rest_route=%2Fwp%2Fv2%2Fmedia&parent=11923"}],"wp:term":[{"taxonomy":"category","embeddable":true,"href":"https:\/\/veteran.az\/index.php?rest_route=%2Fwp%2Fv2%2Fcategories&post=11923"},{"taxonomy":"post_tag","embeddable":true,"href":"https:\/\/veteran.az\/index.php?rest_route=%2Fwp%2Fv2%2Ftags&post=11923"}],"curies":[{"name":"wp","href":"https:\/\/api.w.org\/{rel}","templated":true}]}}