{"id":1181,"date":"2019-08-28T02:06:01","date_gmt":"2019-08-27T22:06:01","guid":{"rendered":"http:\/\/veteran.az\/?p=1181"},"modified":"2019-08-28T02:06:03","modified_gmt":"2019-08-27T22:06:03","slug":"turkiy%c9%99y%c9%99-qarsi-gizli-ittifaq","status":"publish","type":"post","link":"https:\/\/veteran.az\/?p=1181","title":{"rendered":"T\u00fcrkiy\u0259y\u0259 qar\u015f\u0131 gizli ittifaq"},"content":{"rendered":"\n<p>M\u0130LL\u0130YET. T\u00fcrkiy\u0259 Silahl\u0131 Q\u00fcvv\u0259l\u0259ri \u201cP\u0259nc\u0259\u201d adl\u0131 \u0259m\u0259liyyatlar silsil\u0259si (\u0130raq\u0131n \u015fimal\u0131nda PKK t\u0259\u015fkilat\u0131na qar\u015f\u0131 ke\u00e7iril\u0259n h\u0259rbi \u0259m\u0259liyyatlar \u2013 red.) vasit\u0259sil\u0259 faktiki olaraq \u015eimali \u0130raq\u0131n b\u0259zi rayonlarda d\u0259rinliyi 30 kilometrd\u0259n \u00e7ox olan t\u0259hl\u00fck\u0259sizlik zonalar\u0131 yarad\u0131b. Bu bar\u0259d\u0259 \u201cMilliyet\u201d q\u0259zetinin k\u00f6\u015f\u0259 yazar\u0131 Tunca Bengin m\u0259lumat verir.<\/p>\n\n\n\n<p>Suriyada F\u0259rat \u00e7ay\u0131n\u0131n \u015f\u0259rqind\u0259 \u201ct\u0259hl\u00fck\u0259sizlik zonas\u0131n\u0131n\u201d yarad\u0131lmas\u0131 \u00fczr\u0259 praktik t\u0259dbirl\u0259rin birinci m\u0259rh\u0259l\u0259sind\u0259 t\u00fcrk v\u0259 amerikal\u0131 komandirl\u0259rin i\u015ftirak\u0131 il\u0259 birg\u0259 helikopterl\u0259r patrul \u0259m\u0259liyyat\u0131 h\u0259yata ke\u00e7irib. Bu o dem\u0259k deyil ki, YPG\/PKK problemi h\u0259ll edilib. \u00c7\u00fcnki h\u0259min zonan\u0131n d\u0259rinliyi, ona n\u0259zar\u0259t ed\u0259n t\u0259r\u0259fin kimliyi h\u0259l\u0259 d\u0259 b\u0259lli deyil. Ona g\u00f6r\u0259 T\u00fcrkiy\u0259 Silahl\u0131 Q\u00fcvv\u0259l\u0259rinin bu regionda m\u00fcst\u0259qil \u015f\u0259kild\u0259 \u0259m\u0259liyyat ke\u00e7irm\u0259si m\u00fcmk\u00fcnd\u00fcr v\u0259 bu, ist\u0259nil\u0259n an ba\u015f ver\u0259 bil\u0259r. Bu arada F\u0259rat \u00e7ay\u0131n\u0131n q\u0259rb sahilind\u0259 g\u0259rginlik \u0130dlibd\u0259ki hadis\u0259l\u0259r\u0259 g\u00f6r\u0259 \u0259n pik h\u0259dd\u0259 \u00e7at\u0131b.<\/p>\n\n\n\n<p>B\u00fct\u00fcn diqq\u0259tl\u0259r avqustun 27-d\u0259 ke\u00e7iril\u0259c\u0259k \u018frdo\u011fan-Putin g\u00f6r\u00fc\u015f\u00fcn\u0259 y\u00f6n\u0259lib. Ba\u015fqa s\u00f6zl\u0259, T\u00fcrkiy\u0259 h\u0259m d\u00f6y\u00fc\u015f meydan\u0131nda, h\u0259m dan\u0131\u015f\u0131qlar masas\u0131nda tamamil\u0259 d\u0259qiq \u015f\u0259kild\u0259 bildirib v\u0259 bildirm\u0259y\u0259 davam edir ki, AB\u015e v\u0259 Rusiyaya baxmayaraq, t\u0259hl\u00fck\u0259l\u0259rin b\u00fct\u00fcn istiqam\u0259td\u0259 m\u0259hv edilm\u0259si m\u0259s\u0259l\u0259sind\u0259 q\u0259ti q\u0259rarl\u0131d\u0131r. \u00c7\u00fcnki h\u0259r iki \u00f6lk\u0259 bir t\u0259r\u0259fd\u0259n T\u00fcrkiy\u0259 il\u0259 m\u00fctt\u0259fiqlik edir, dig\u0259r t\u0259r\u0259fd\u0259n \u00f6z maraqlar\u0131 daxilind\u0259 f\u0259aliyy\u0259t g\u00f6st\u0259rir. Bu zaman onlardan biri YPG\/PKK terror t\u0259\u015fkilat\u0131ndan, dig\u0259ri Suriya rejimind\u0259n istifad\u0259 edir.&nbsp;<br>H\u0259qiq\u0259t\u0259nmi AB\u015e v\u0259 Rusiya aras\u0131nda gizli konsensus m\u00f6vcuddur? T\u00fcrkiy\u0259 Ba\u015f Q\u0259rargah\u0131n\u0131n K\u0259\u015ffiyyat \u0130dar\u0259sinin sabiq ba\u015f\u00e7\u0131s\u0131, istefada olan general polkovnik \u0130smail Hakk\u0131 Pekin m\u0259s\u0259l\u0259 il\u0259 ba\u011fl\u0131 n\u0259\u015fr\u0259 a\u00e7\u0131qlama verib: \u201cBir anlay\u0131\u015f birliyi ola bil\u0259r. Bir-birl\u0259rin\u0259 d\u0259ym\u0259m\u0259k kimi&#8230;Soyuq m\u00fcharib\u0259 d\u00f6vr\u00fcnd\u0259 d\u0259 bel\u0259 idi, m\u00fcmk\u00fcn oldu\u011fu q\u0259d\u0259r r\u0259qib meydan\u0131na girm\u0259m\u0259y\u0259 \u00e7al\u0131\u015f\u0131rd\u0131lar. Kims\u0259 onlar\u0131n sah\u0259l\u0259rin\u0259 girs\u0259, onu bu v\u0259 ya ba\u015fqa \u015f\u0259kild\u0259 aradan g\u00f6t\u00fcr\u00fcrd\u00fcl\u0259r. M\u0259s\u0259l\u0259n, n\u0259 Rusiya, n\u0259 d\u0259 AB\u015e T\u00fcrkiy\u0259nin dan\u0131\u015f\u0131qlar masas\u0131nda b\u00f6y\u00fck t\u0259sir\u0259 malik olmas\u0131n\u0131 ist\u0259mir. F\u0259rat \u00e7ay\u0131n\u0131n q\u0259rbi Rusiyan\u0131n, \u015f\u0259rqi is\u0259 AB\u015e-\u0131n t\u0259sir zonas\u0131d\u0131r. Bu \u0259razil\u0259r\u0259 \u00fc\u00e7\u00fcnc\u00fc t\u0259r\u0259f gir\u0259nd\u0259, iki \u00f6lk\u0259 buna qar\u015f\u0131 \u00e7\u0131x\u0131r, bu v\u0259 ya ba\u015fqa \u015f\u0259kild\u0259 m\u00fcdaxil\u0259y\u0259 mane olur\u201d.<\/p>\n\n\n\n<p>F\u0259rat \u00e7ay\u0131n\u0131\u0131n \u015f\u0259rqind\u0259 t\u0259hl\u00fck\u0259sizlik zonas\u0131n\u0131n yarad\u0131lmas\u0131 m\u0259s\u0259l\u0259sinin \u0259traf\u0131nda meydana \u00e7\u0131xan hadis\u0259l\u0259rl\u0259 \u0130dlibd\u0259ki g\u0259rginliyin bir-biri il\u0259 \u0259laq\u0259li oldu\u011funu d\u00fc\u015f\u00fcn\u0259n \u0130smail Hakk\u0131 Pekin a\u00e7\u0131qlamas\u0131na davam edir: \u201cT\u00fcrkiy\u0259 bu b\u00f6lg\u0259d\u0259 g\u00fccl\u0259ns\u0259, y\u0259ni, t\u0259hl\u00fck\u0259sizlik zonas\u0131 m\u0259s\u0259l\u0259sind\u0259 h\u0259qiq\u0259t\u0259n ist\u0259diyini \u0259ld\u0259 ets\u0259, regionda PYD\/YPG-ni durdursa v\u0259 F\u0259rat \u00e7ay\u0131n\u0131n \u015f\u0259rq sahilind\u0259 s\u00f6z sahibi olsa &#8212; onsuz da Afrin, Cerablus, \u018fl-Bab\u0131 al\u0131b &#8212; Rusiya il\u0259 birg\u0259 \u0130dlibd\u0259 at\u0259\u015fk\u0259s rejimi v\u0259 ya deskalasiya zonas\u0131 elan ets\u0259 v\u0259 \u00fcst\u0259lik, \u201cH\u0259yat T\u0259hrir \u0259\u015f-\u015eam\u201d t\u0259\u015fkilat\u0131n\u0131 n\u0259zar\u0259t\u0259 g\u00f6t\u00fcrs\u0259, dan\u0131\u015f\u0131qlar masas\u0131 arxas\u0131nda kifay\u0259t q\u0259d\u0259r g\u00fcc\u0259 sahib olacaq. Onlar bunu ist\u0259m\u0259dil\u0259r, buna mane oldular\u201d.<\/p>\n\n\n\n<p>\u201cBu, o dem\u0259kdir ki, onlar aras\u0131nda raz\u0131l\u0131q ola bil\u0259r?\u201d sual\u0131na ekspertin cavab\u0131 bel\u0259 olub: \u201cT\u0259bii, ola bil\u0259r. Bu, yaz\u0131l\u0131 sazi\u015f olmaya bil\u0259r. Lakin Tramp (Donald Trump) v\u0259 ya ba\u015fqa r\u0259smi \u015f\u0259xsl\u0259r v\u0259ziyy\u0259ti \u015f\u0259rh edib, \u201cD\u0259ym\u0259yin\u201d dey\u0259 bil\u0259rl\u0259r. Eyni \u015fey Putin\u0259 d\u0259 aiddir. Rusiya dey\u0259 bil\u0259r ki, \u201cqoy h\u0259r \u015fey oldu\u011fu kimi qals\u0131n\u201d. Yeri g\u0259lmi\u015fk\u0259n, onlar vaxta\u015f\u0131r\u0131 bir-birl\u0259ri il\u0259 g\u00f6r\u00fc\u015f\u00fcrl\u0259r&#8230;\u201d.<\/p>\n\n\n\n<p>Ekspert hesab edir ki, d\u00f6y\u00fc\u015f meydan\u0131nda \u00e7ox g\u00fccl\u00fc olan T\u00fcrkiy\u0259 dan\u0131\u015f\u0131qlar masas\u0131nda da ist\u0259diyini ala bil\u0259r: \u201cOnlar bundan qorxurlar. V\u0259 m\u00fcmk\u00fcn olduqca T\u00fcrkiy\u0259ni dan\u0131\u015f\u0131qlar masas\u0131na buraxmaq ist\u0259mirl\u0259r. Ancaq dan\u0131\u015f\u0131qlar masas\u0131nda T\u00fcrkiy\u0259 olmazsa, olmaz\u201d. \/X.Pressa\/<\/p>\n","protected":false},"excerpt":{"rendered":"<p>M\u0130LL\u0130YET. T\u00fcrkiy\u0259 Silahl\u0131 Q\u00fcvv\u0259l\u0259ri \u201cP\u0259nc\u0259\u201d adl\u0131 \u0259m\u0259liyyatlar silsil\u0259si (\u0130raq\u0131n \u015fimal\u0131nda PKK t\u0259\u015fkilat\u0131na qar\u015f\u0131 ke\u00e7iril\u0259n h\u0259rbi&#8230;<\/p>\n","protected":false},"author":3,"featured_media":1182,"comment_status":"closed","ping_status":"closed","sticky":false,"template":"","format":"standard","meta":{"footnotes":""},"categories":[7],"tags":[],"class_list":["post-1181","post","type-post","status-publish","format-standard","has-post-thumbnail","hentry","category-dunya"],"featured_image_urls":{"full":["https:\/\/veteran.az\/wp-content\/uploads\/2019\/08\/hjkkjh.png",960,540,false],"thumbnail":["https:\/\/veteran.az\/wp-content\/uploads\/2019\/08\/hjkkjh-150x150.png",150,150,true],"medium":["https:\/\/veteran.az\/wp-content\/uploads\/2019\/08\/hjkkjh-300x169.png",300,169,true],"medium_large":["https:\/\/veteran.az\/wp-content\/uploads\/2019\/08\/hjkkjh-768x432.png",640,360,true],"large":["https:\/\/veteran.az\/wp-content\/uploads\/2019\/08\/hjkkjh.png",640,360,false],"1536x1536":["https:\/\/veteran.az\/wp-content\/uploads\/2019\/08\/hjkkjh.png",960,540,false],"2048x2048":["https:\/\/veteran.az\/wp-content\/uploads\/2019\/08\/hjkkjh.png",960,540,false],"covernews-slider-full":["https:\/\/veteran.az\/wp-content\/uploads\/2019\/08\/hjkkjh.png",960,540,false],"covernews-slider-center":["https:\/\/veteran.az\/wp-content\/uploads\/2019\/08\/hjkkjh-936x540.png",800,462,true],"covernews-featured":["https:\/\/veteran.az\/wp-content\/uploads\/2019\/08\/hjkkjh.png",960,540,false],"covernews-medium":["https:\/\/veteran.az\/wp-content\/uploads\/2019\/08\/hjkkjh-720x380.png",540,285,true],"covernews-medium-square":["https:\/\/veteran.az\/wp-content\/uploads\/2019\/08\/hjkkjh-675x450.png",375,250,true]},"author_info":{"display_name":"Veteran.az","author_link":"https:\/\/veteran.az\/?author=3"},"category_info":"<a href=\"https:\/\/veteran.az\/?cat=7\" rel=\"category\">D\u00fcnya<\/a>","tag_info":"D\u00fcnya","comment_count":"0","_links":{"self":[{"href":"https:\/\/veteran.az\/index.php?rest_route=\/wp\/v2\/posts\/1181","targetHints":{"allow":["GET"]}}],"collection":[{"href":"https:\/\/veteran.az\/index.php?rest_route=\/wp\/v2\/posts"}],"about":[{"href":"https:\/\/veteran.az\/index.php?rest_route=\/wp\/v2\/types\/post"}],"author":[{"embeddable":true,"href":"https:\/\/veteran.az\/index.php?rest_route=\/wp\/v2\/users\/3"}],"replies":[{"embeddable":true,"href":"https:\/\/veteran.az\/index.php?rest_route=%2Fwp%2Fv2%2Fcomments&post=1181"}],"version-history":[{"count":1,"href":"https:\/\/veteran.az\/index.php?rest_route=\/wp\/v2\/posts\/1181\/revisions"}],"predecessor-version":[{"id":1183,"href":"https:\/\/veteran.az\/index.php?rest_route=\/wp\/v2\/posts\/1181\/revisions\/1183"}],"wp:featuredmedia":[{"embeddable":true,"href":"https:\/\/veteran.az\/index.php?rest_route=\/wp\/v2\/media\/1182"}],"wp:attachment":[{"href":"https:\/\/veteran.az\/index.php?rest_route=%2Fwp%2Fv2%2Fmedia&parent=1181"}],"wp:term":[{"taxonomy":"category","embeddable":true,"href":"https:\/\/veteran.az\/index.php?rest_route=%2Fwp%2Fv2%2Fcategories&post=1181"},{"taxonomy":"post_tag","embeddable":true,"href":"https:\/\/veteran.az\/index.php?rest_route=%2Fwp%2Fv2%2Ftags&post=1181"}],"curies":[{"name":"wp","href":"https:\/\/api.w.org\/{rel}","templated":true}]}}