{"id":11764,"date":"2021-08-25T00:50:35","date_gmt":"2021-08-24T20:50:35","guid":{"rendered":"http:\/\/veteran.az\/?p=11764"},"modified":"2021-08-25T01:22:13","modified_gmt":"2021-08-24T21:22:13","slug":"ilham-%c9%99liyev-belcikanin-az%c9%99rbaycanda-yeni-t%c9%99yin-olunmus-s%c9%99firinin-etimadnam%c9%99sini-q%c9%99bul-edib","status":"publish","type":"post","link":"https:\/\/veteran.az\/?p=11764","title":{"rendered":"\u0130lham \u018fliyev Bel\u00e7ikan\u0131n Az\u0259rbaycanda yeni t\u0259yin olunmu\u015f s\u0259firinin etimadnam\u0259sini q\u0259bul edib"},"content":{"rendered":"\n<p>Az\u0259rbaycan Respublikas\u0131n\u0131n Prezidenti \u0130lham \u018fliyev avqustun 24-d\u0259 Bel\u00e7ika Krall\u0131\u011f\u0131n\u0131n \u00f6lk\u0259mizd\u0259 yeni t\u0259yin olunmu\u015f f\u00f6vq\u0259lad\u0259 v\u0259 s\u0259lahiyy\u0259tli s\u0259firi Mi\u015fel Pitermans\u0131n etimadnam\u0259sini q\u0259bul edib.<\/p>\n\n\n\n<p>Bel\u00e7ika Krall\u0131\u011f\u0131n\u0131n \u00f6lk\u0259mizd\u0259 yeni t\u0259yin olunmu\u015f f\u00f6vq\u0259lad\u0259 v\u0259 s\u0259lahiyy\u0259tli s\u0259firi Mi\u015fel Pitermans etimadnam\u0259sini Az\u0259rbaycan Respublikas\u0131n\u0131n Prezidenti \u0130lham \u018fliyev\u0259 t\u0259qdim etdi.<\/p>\n\n\n\n<p>S\u00f6hb\u0259t zaman\u0131 Az\u0259rbaycan Prezidenti \u0130lham \u018fliyevin Bel\u00e7ika Krall\u0131\u011f\u0131na s\u0259f\u0259rl\u0259ri v\u0259 bu s\u0259f\u0259rl\u0259r zaman\u0131 Bel\u00e7ikal\u0131lar\u0131n Kral\u0131 \u018flah\u0259zr\u0259t Filipl\u0259 g\u00f6r\u00fc\u015fl\u0259ri xat\u0131rlanaraq, bu g\u00f6r\u00fc\u015fl\u0259rd\u0259 \u00f6lk\u0259l\u0259rimiz aras\u0131nda \u0259m\u0259kda\u015fl\u0131\u011fa dair \u00e7ox s\u0259m\u0259r\u0259li m\u00fczakir\u0259l\u0259rin apar\u0131ld\u0131\u011f\u0131 bildirildi.<\/p>\n\n\n\n<p>G\u00f6r\u00fc\u015fd\u0259 Az\u0259rbaycan Respublikas\u0131 il\u0259 Bel\u00e7ika Krall\u0131\u011f\u0131 aras\u0131nda \u0259laq\u0259l\u0259rin geni\u015fl\u0259ndirilm\u0259sinin \u00f6n\u0259min\u0259 toxunularaq, \u0259m\u0259kda\u015fl\u0131\u011f\u0131n konkret sah\u0259l\u0259rinin m\u00fc\u0259yy\u0259nl\u0259\u015fdirilm\u0259si, o c\u00fcml\u0259d\u0259n ticar\u0259t d\u00f6vriyy\u0259sinin art\u0131r\u0131lmas\u0131 istiqam\u0259tind\u0259 praktiki add\u0131mlar\u0131n at\u0131lmas\u0131n\u0131n vacibliyi qeyd edildi.<\/p>\n\n\n\n<p>S\u0259fir Mi\u015fel Pitermans\u0131n \u00f6lk\u0259mizd\u0259 diplomatik f\u0259aliyy\u0259ti d\u00f6vr\u00fcnd\u0259 ikit\u0259r\u0259fli m\u00fcnasib\u0259tl\u0259rin inki\u015faf\u0131na t\u00f6hf\u0259 ver\u0259c\u0259yin\u0259 \u00fcmidvarl\u0131q ifad\u0259 olundu.<\/p>\n","protected":false},"excerpt":{"rendered":"<p>Az\u0259rbaycan Respublikas\u0131n\u0131n Prezidenti \u0130lham \u018fliyev avqustun 24-d\u0259 Bel\u00e7ika Krall\u0131\u011f\u0131n\u0131n \u00f6lk\u0259mizd\u0259 yeni t\u0259yin olunmu\u015f f\u00f6vq\u0259lad\u0259 v\u0259&#8230;<\/p>\n","protected":false},"author":3,"featured_media":11767,"comment_status":"closed","ping_status":"closed","sticky":false,"template":"","format":"standard","meta":{"footnotes":""},"categories":[6],"tags":[],"class_list":["post-11764","post","type-post","status-publish","format-standard","has-post-thumbnail","hentry","category-cmiyyt"],"featured_image_urls":{"full":["https:\/\/veteran.az\/wp-content\/uploads\/2021\/08\/239326514_4507784072631316_8023565802584044723_n.jpg",838,540,false],"thumbnail":["https:\/\/veteran.az\/wp-content\/uploads\/2021\/08\/239326514_4507784072631316_8023565802584044723_n-150x150.jpg",150,150,true],"medium":["https:\/\/veteran.az\/wp-content\/uploads\/2021\/08\/239326514_4507784072631316_8023565802584044723_n-300x193.jpg",300,193,true],"medium_large":["https:\/\/veteran.az\/wp-content\/uploads\/2021\/08\/239326514_4507784072631316_8023565802584044723_n-768x495.jpg",640,413,true],"large":["https:\/\/veteran.az\/wp-content\/uploads\/2021\/08\/239326514_4507784072631316_8023565802584044723_n.jpg",640,412,false],"1536x1536":["https:\/\/veteran.az\/wp-content\/uploads\/2021\/08\/239326514_4507784072631316_8023565802584044723_n.jpg",838,540,false],"2048x2048":["https:\/\/veteran.az\/wp-content\/uploads\/2021\/08\/239326514_4507784072631316_8023565802584044723_n.jpg",838,540,false],"covernews-slider-full":["https:\/\/veteran.az\/wp-content\/uploads\/2021\/08\/239326514_4507784072631316_8023565802584044723_n.jpg",838,540,false],"covernews-slider-center":["https:\/\/veteran.az\/wp-content\/uploads\/2021\/08\/239326514_4507784072631316_8023565802584044723_n.jpg",776,500,false],"covernews-featured":["https:\/\/veteran.az\/wp-content\/uploads\/2021\/08\/239326514_4507784072631316_8023565802584044723_n.jpg",838,540,false],"covernews-medium":["https:\/\/veteran.az\/wp-content\/uploads\/2021\/08\/239326514_4507784072631316_8023565802584044723_n-720x380.jpg",540,285,true],"covernews-medium-square":["https:\/\/veteran.az\/wp-content\/uploads\/2021\/08\/239326514_4507784072631316_8023565802584044723_n-675x450.jpg",375,250,true]},"author_info":{"display_name":"Veteran.az","author_link":"https:\/\/veteran.az\/?author=3"},"category_info":"<a href=\"https:\/\/veteran.az\/?cat=6\" rel=\"category\">C\u0259miyy\u0259t<\/a>","tag_info":"C\u0259miyy\u0259t","comment_count":"0","_links":{"self":[{"href":"https:\/\/veteran.az\/index.php?rest_route=\/wp\/v2\/posts\/11764","targetHints":{"allow":["GET"]}}],"collection":[{"href":"https:\/\/veteran.az\/index.php?rest_route=\/wp\/v2\/posts"}],"about":[{"href":"https:\/\/veteran.az\/index.php?rest_route=\/wp\/v2\/types\/post"}],"author":[{"embeddable":true,"href":"https:\/\/veteran.az\/index.php?rest_route=\/wp\/v2\/users\/3"}],"replies":[{"embeddable":true,"href":"https:\/\/veteran.az\/index.php?rest_route=%2Fwp%2Fv2%2Fcomments&post=11764"}],"version-history":[{"count":2,"href":"https:\/\/veteran.az\/index.php?rest_route=\/wp\/v2\/posts\/11764\/revisions"}],"predecessor-version":[{"id":11768,"href":"https:\/\/veteran.az\/index.php?rest_route=\/wp\/v2\/posts\/11764\/revisions\/11768"}],"wp:featuredmedia":[{"embeddable":true,"href":"https:\/\/veteran.az\/index.php?rest_route=\/wp\/v2\/media\/11767"}],"wp:attachment":[{"href":"https:\/\/veteran.az\/index.php?rest_route=%2Fwp%2Fv2%2Fmedia&parent=11764"}],"wp:term":[{"taxonomy":"category","embeddable":true,"href":"https:\/\/veteran.az\/index.php?rest_route=%2Fwp%2Fv2%2Fcategories&post=11764"},{"taxonomy":"post_tag","embeddable":true,"href":"https:\/\/veteran.az\/index.php?rest_route=%2Fwp%2Fv2%2Ftags&post=11764"}],"curies":[{"name":"wp","href":"https:\/\/api.w.org\/{rel}","templated":true}]}}