{"id":11744,"date":"2021-08-23T01:26:13","date_gmt":"2021-08-22T21:26:13","guid":{"rendered":"http:\/\/veteran.az\/?p=11744"},"modified":"2021-08-23T01:26:19","modified_gmt":"2021-08-22T21:26:19","slug":"v%c9%99t%c9%99n-muharib%c9%99si-s%c9%99hidinin-dogum-gunudur","status":"publish","type":"post","link":"https:\/\/veteran.az\/?p=11744","title":{"rendered":"V\u0259t\u0259n m\u00fcharib\u0259si \u015f\u0259hidinin do\u011fum g\u00fcn\u00fcd\u00fcr"},"content":{"rendered":"\n<p><strong>Da\u015fq\u0131n \u015e\u0259fiyev Hiday\u0259t o\u011flu 22 Avqust 1989-cu il Rusiyan\u0131n Krasnodar \u015f\u0259h\u0259rind\u0259 do\u011fulub .1995-2006-c\u0131 ill\u0259rd\u0259 Samux rayonunda Seyidl\u0259r k\u0259nd tam orta m\u0259kt\u0259bind\u0259 t\u0259hsil al\u0131b.<\/strong><\/p>\n\n\n\n<p>Az\u0259rbaycan Ordusunun \u0259sg\u0259ri olan Da\u015fq\u0131n \u015e\u0259fiyev 2020-ci il sentyabr\u0131n 27-d\u0259 Az\u0259rbaycan Silahl\u0131 Q\u00fcvv\u0259l\u0259ri t\u0259r\u0259find\u0259n Erm\u0259nistan i\u015f\u011fal\u0131 alt\u0131nda olan \u0259razil\u0259rin azad edilm\u0259si v\u0259 Az\u0259rbaycan\u0131n \u0259razi b\u00fct\u00f6vl\u00fcy\u00fcn\u00fcn b\u0259rpa olunmas\u0131 \u00fc\u00e7\u00fcn ba\u015flanan V\u0259t\u0259n m\u00fcharib\u0259si zaman\u0131 Qubadl\u0131n\u0131n v\u0259 La\u00e7\u0131n\u0131n azadl\u0131\u011f\u0131 u\u011frunda ged\u0259n d\u00f6y\u00fc\u015fl\u0259rd\u0259 sava\u015f\u0131b. Da\u015fq\u0131n \u015e\u0259fiyev noyabr\u0131n 5-d\u0259 La\u00e7\u0131n d\u00f6y\u00fc\u015fl\u0259ri zaman\u0131 \u015f\u0259hid olub.<\/p>\n\n\n\n<p>Da\u015fq\u0131n \u015e\u0259fiyev t\u0259kc\u0259 \u015f\u0259hidliyi il\u0259 deyil, a\u011f\u0131r d\u00f6y\u00fc\u015fl\u0259rd\u0259\u00a0bel\u0259 xalqda, yax\u0131nlar\u0131nda pozitivlik yaratmaq \u00fc\u00e7\u00fcn etdiyi \u015f\u0259n zarafatla da \u00fcr\u0259kl\u0259r\u0259 k\u00f6\u00e7d\u00fc: \u201cBir q\u0131z status payla\u015f\u0131b ki, 30 il al\u0131nmayan Qaraba\u011f\u0131 ald\u0131lar, birc\u0259 m\u0259ni alan olmad\u0131. G\u00f6z\u0259l insan, g\u00f6z\u0259l xan\u0131m, s\u0259n gec\u0259-g\u00fcnd\u00fcz \u0259sg\u0259rl\u0259rimiz \u00fc\u00e7\u00fcn dua et, biz Qaraba\u011f\u0131 alaq, yerin dibind\u0259 d\u0259 olsan, s\u0259ni tap\u0131b m\u0259n \u00f6z\u00fcm alacam.\u201d<\/p>\n\n\n\n<p><br>\u00a0Az\u0259rbaycan Prezidenti\u00a0\u0130lham \u018fliyevin S\u0259r\u0259ncamlar\u0131na \u0259sas\u0259n Da\u015fq\u0131n \u015e\u0259fiyev \u00f6l\u00fcm\u00fcnd\u0259n sonra\u00a0&#171;V\u0259t\u0259n u\u011frunda&#187; v\u0259 &#171;Qubadl\u0131n\u0131n azad olunmas\u0131na g\u00f6r\u0259&#187; medallar\u0131 il\u0259 t\u0259ltif edilib.<\/p>\n","protected":false},"excerpt":{"rendered":"<p>Da\u015fq\u0131n \u015e\u0259fiyev Hiday\u0259t o\u011flu 22 Avqust 1989-cu il Rusiyan\u0131n Krasnodar \u015f\u0259h\u0259rind\u0259 do\u011fulub .1995-2006-c\u0131 ill\u0259rd\u0259 Samux&#8230;<\/p>\n","protected":false},"author":3,"featured_media":11745,"comment_status":"closed","ping_status":"closed","sticky":false,"template":"","format":"standard","meta":{"footnotes":""},"categories":[6],"tags":[],"class_list":["post-11744","post","type-post","status-publish","format-standard","has-post-thumbnail","hentry","category-cmiyyt"],"featured_image_urls":{"full":["https:\/\/veteran.az\/wp-content\/uploads\/2021\/08\/dasqinsefiyev1.jpg",700,461,false],"thumbnail":["https:\/\/veteran.az\/wp-content\/uploads\/2021\/08\/dasqinsefiyev1-150x150.jpg",150,150,true],"medium":["https:\/\/veteran.az\/wp-content\/uploads\/2021\/08\/dasqinsefiyev1-300x198.jpg",300,198,true],"medium_large":["https:\/\/veteran.az\/wp-content\/uploads\/2021\/08\/dasqinsefiyev1.jpg",640,421,false],"large":["https:\/\/veteran.az\/wp-content\/uploads\/2021\/08\/dasqinsefiyev1.jpg",640,421,false],"1536x1536":["https:\/\/veteran.az\/wp-content\/uploads\/2021\/08\/dasqinsefiyev1.jpg",700,461,false],"2048x2048":["https:\/\/veteran.az\/wp-content\/uploads\/2021\/08\/dasqinsefiyev1.jpg",700,461,false],"covernews-slider-full":["https:\/\/veteran.az\/wp-content\/uploads\/2021\/08\/dasqinsefiyev1.jpg",700,461,false],"covernews-slider-center":["https:\/\/veteran.az\/wp-content\/uploads\/2021\/08\/dasqinsefiyev1.jpg",700,461,false],"covernews-featured":["https:\/\/veteran.az\/wp-content\/uploads\/2021\/08\/dasqinsefiyev1.jpg",700,461,false],"covernews-medium":["https:\/\/veteran.az\/wp-content\/uploads\/2021\/08\/dasqinsefiyev1-700x380.jpg",540,293,true],"covernews-medium-square":["https:\/\/veteran.az\/wp-content\/uploads\/2021\/08\/dasqinsefiyev1-675x450.jpg",375,250,true]},"author_info":{"display_name":"Veteran.az","author_link":"https:\/\/veteran.az\/?author=3"},"category_info":"<a href=\"https:\/\/veteran.az\/?cat=6\" rel=\"category\">C\u0259miyy\u0259t<\/a>","tag_info":"C\u0259miyy\u0259t","comment_count":"0","_links":{"self":[{"href":"https:\/\/veteran.az\/index.php?rest_route=\/wp\/v2\/posts\/11744","targetHints":{"allow":["GET"]}}],"collection":[{"href":"https:\/\/veteran.az\/index.php?rest_route=\/wp\/v2\/posts"}],"about":[{"href":"https:\/\/veteran.az\/index.php?rest_route=\/wp\/v2\/types\/post"}],"author":[{"embeddable":true,"href":"https:\/\/veteran.az\/index.php?rest_route=\/wp\/v2\/users\/3"}],"replies":[{"embeddable":true,"href":"https:\/\/veteran.az\/index.php?rest_route=%2Fwp%2Fv2%2Fcomments&post=11744"}],"version-history":[{"count":1,"href":"https:\/\/veteran.az\/index.php?rest_route=\/wp\/v2\/posts\/11744\/revisions"}],"predecessor-version":[{"id":11746,"href":"https:\/\/veteran.az\/index.php?rest_route=\/wp\/v2\/posts\/11744\/revisions\/11746"}],"wp:featuredmedia":[{"embeddable":true,"href":"https:\/\/veteran.az\/index.php?rest_route=\/wp\/v2\/media\/11745"}],"wp:attachment":[{"href":"https:\/\/veteran.az\/index.php?rest_route=%2Fwp%2Fv2%2Fmedia&parent=11744"}],"wp:term":[{"taxonomy":"category","embeddable":true,"href":"https:\/\/veteran.az\/index.php?rest_route=%2Fwp%2Fv2%2Fcategories&post=11744"},{"taxonomy":"post_tag","embeddable":true,"href":"https:\/\/veteran.az\/index.php?rest_route=%2Fwp%2Fv2%2Ftags&post=11744"}],"curies":[{"name":"wp","href":"https:\/\/api.w.org\/{rel}","templated":true}]}}