{"id":11653,"date":"2021-08-19T00:23:58","date_gmt":"2021-08-18T20:23:58","guid":{"rendered":"http:\/\/veteran.az\/?p=11653"},"modified":"2021-08-19T00:23:58","modified_gmt":"2021-08-18T20:23:58","slug":"v%c9%99t%c9%99n-muharib%c9%99si-q%c9%99hr%c9%99maninin-qizi-susada","status":"publish","type":"post","link":"https:\/\/veteran.az\/?p=11653","title":{"rendered":"V\u0259t\u0259n M\u00fcharib\u0259si Q\u0259hr\u0259man\u0131n\u0131n q\u0131z\u0131 \u015eu\u015fada"},"content":{"rendered":"\n<p>Diasporla \u0130\u015f \u00fczr\u0259 D\u00f6vl\u0259t Komit\u0259sinin t\u0259\u015fkilat\u00e7\u0131l\u0131\u011f\u0131 il\u0259 avqusun 17-d\u0259 \u015eu\u015fan\u0131 ziyar\u0259t ed\u0259n diaspor n\u00fcmay\u0259nd\u0259l\u0259ri aras\u0131nda V\u0259t\u0259n M\u00fcharib\u0259si Q\u0259hr\u0259man\u0131, X\u00fcsusi T\u0259yinatl\u0131 Q\u00fcvv\u0259l\u0259rin polkovnik-leytenant\u0131, \u015f\u0259hid Ramiz C\u0259f\u0259rovun q\u0131z\u0131, haz\u0131rda Pol\u015fada t\u0259hsil alan Nigar C\u0259f\u0259rova da olub.<br>Komit\u0259d\u0259n\u00a0 Anews.az-a veril\u0259n m\u0259lumata g\u00f6r\u0259, Ramiz C\u0259f\u0259rov \u00f6z\u00fc d\u0259 xaricd\u0259, 1974-c\u00fc ild\u0259 Ukraynan\u0131n Donetsk vilay\u0259tinin Makeevka \u015f\u0259h\u0259rind\u0259 d\u00fcnyaya g\u00f6z a\u00e7\u0131b. Orta m\u0259kt\u0259bi is\u0259 Sumqay\u0131tda bitir\u0259r\u0259k, daha sonra C\u0259m\u015fid Nax\u00e7\u0131vanski ad\u0131na H\u0259rbi Liseyd\u0259 v\u0259 1992-1996-c\u0131 ill\u0259rd\u0259 V.F.Marqelov ad\u0131na &#171;Suvorov&#187; ordenli Ryazan Qvardiya Ali Hava-Desant Komandanl\u0131\u011f\u0131 M\u0259kt\u0259bind\u0259 ali h\u0259rbi t\u0259hsil al\u0131b.<\/p>\n\n\n\n<figure class=\"wp-block-image size-large\"><img loading=\"lazy\" decoding=\"async\" width=\"637\" height=\"400\" src=\"http:\/\/veteran.az\/wp-content\/uploads\/2021\/08\/1629303751_ramiz_3_.jpg\" alt=\"\" class=\"wp-image-11654\" srcset=\"https:\/\/veteran.az\/wp-content\/uploads\/2021\/08\/1629303751_ramiz_3_.jpg 637w, https:\/\/veteran.az\/wp-content\/uploads\/2021\/08\/1629303751_ramiz_3_-300x188.jpg 300w\" sizes=\"auto, (max-width: 637px) 100vw, 637px\" \/><\/figure>\n\n\n\n<p><br>40 g\u00fcn \u0259rzind\u0259 bir s\u0131ra ya\u015fay\u0131\u015f m\u0259nt\u0259q\u0259l\u0259rinin, h\u0259m\u00e7inin \u0259lveri\u015fli m\u00f6vqel\u0259rin v\u0259 strateji n\u00f6qt\u0259l\u0259rin azad edilm\u0259si u\u011frunda ged\u0259n d\u00f6y\u00fc\u015fl\u0259rd\u0259 q\u0259hr\u0259manl\u0131qla vuru\u015fan Ramiz C\u0259f\u0259rov noyabr\u0131n 6-da \u015eu\u015fa istiqam\u0259tind\u0259 \u015f\u0259hid olub.<\/p>\n\n\n\n<p>Ramiz C\u0259f\u0259rovun R\u0259biq\u0259, Nigar, N\u0259rgiz, Nurlana ad\u0131nda d\u00f6rd q\u0131z\u0131 v\u0259 Nurlan ad\u0131nda o\u011flu yadigar qal\u0131b. Atas\u0131n\u0131n azadl\u0131\u011f\u0131 u\u011frunda \u015f\u0259hid oldu\u011fu torpaqlar\u0131 ziyar\u0259t etm\u0259k Nigar\u0131n \u0259n b\u00f6y\u00fck arzusu olub.<\/p>\n\n\n\n<p><br>M\u0259hz Diasporla \u0130\u015f \u00fczr\u0259 D\u00f6vl\u0259t Komit\u0259si \u015f\u0259hid \u00f6vlad\u0131n\u0131n bu arzusunu ger\u00e7\u0259kl\u0259\u015fdirib. O, \u015eu\u015fada &#8212; C\u0131d\u0131r d\u00fcz\u00fcnd\u0259 Az\u0259rbaycan bayra\u011f\u0131na sar\u0131laraq, \u0259lind\u0259 atas\u0131n\u0131n portreti il\u0259 \u015f\u0259hid Ramiz C\u0259f\u0259rovun v\u0259 b\u00fct\u00fcn \u015f\u0259hidl\u0259rimizin xatir\u0259sini an\u0131b.<\/p>\n\n\n\n<p><br>Qeyd ed\u0259k ki, xaricd\u0259 ya\u015fayan az\u0259rbaycanl\u0131lar\u0131n erm\u0259ni mill\u0259t\u00e7il\u0259ri t\u0259r\u0259find\u0259n Qaraba\u011fda t\u00f6r\u0259dil\u0259n v\u0259h\u015filikl\u0259ri g\u00f6zl\u0259ri il\u0259 g\u00f6rm\u0259si v\u0259 ya\u015fad\u0131qlar\u0131 \u00f6lk\u0259l\u0259rin c\u0259miyy\u0259tin\u0259 \u00e7atd\u0131rmas\u0131 m\u0259qs\u0259di il\u0259 Diasporla \u0130\u015f \u00fczr\u0259 D\u00f6vl\u0259t Komit\u0259si Bak\u0131da olan diaspor n\u00fcmay\u0259nd\u0259l\u0259rinin ikinci qrupunun i\u015f\u011faldan azad olunmu\u015f \u015eu\u015fa \u015f\u0259h\u0259rin\u0259 s\u0259f\u0259rini t\u0259\u015fkil edib.\u00a0<\/p>\n","protected":false},"excerpt":{"rendered":"<p>Diasporla \u0130\u015f \u00fczr\u0259 D\u00f6vl\u0259t Komit\u0259sinin t\u0259\u015fkilat\u00e7\u0131l\u0131\u011f\u0131 il\u0259 avqusun 17-d\u0259 \u015eu\u015fan\u0131 ziyar\u0259t ed\u0259n diaspor n\u00fcmay\u0259nd\u0259l\u0259ri aras\u0131nda&#8230;<\/p>\n","protected":false},"author":3,"featured_media":11655,"comment_status":"closed","ping_status":"closed","sticky":false,"template":"","format":"standard","meta":{"footnotes":""},"categories":[6],"tags":[],"class_list":["post-11653","post","type-post","status-publish","format-standard","has-post-thumbnail","hentry","category-cmiyyt"],"featured_image_urls":{"full":["https:\/\/veteran.az\/wp-content\/uploads\/2021\/08\/1629303687_pol.jpg",637,400,false],"thumbnail":["https:\/\/veteran.az\/wp-content\/uploads\/2021\/08\/1629303687_pol-150x150.jpg",150,150,true],"medium":["https:\/\/veteran.az\/wp-content\/uploads\/2021\/08\/1629303687_pol-300x188.jpg",300,188,true],"medium_large":["https:\/\/veteran.az\/wp-content\/uploads\/2021\/08\/1629303687_pol.jpg",637,400,false],"large":["https:\/\/veteran.az\/wp-content\/uploads\/2021\/08\/1629303687_pol.jpg",637,400,false],"1536x1536":["https:\/\/veteran.az\/wp-content\/uploads\/2021\/08\/1629303687_pol.jpg",637,400,false],"2048x2048":["https:\/\/veteran.az\/wp-content\/uploads\/2021\/08\/1629303687_pol.jpg",637,400,false],"covernews-slider-full":["https:\/\/veteran.az\/wp-content\/uploads\/2021\/08\/1629303687_pol.jpg",637,400,false],"covernews-slider-center":["https:\/\/veteran.az\/wp-content\/uploads\/2021\/08\/1629303687_pol.jpg",637,400,false],"covernews-featured":["https:\/\/veteran.az\/wp-content\/uploads\/2021\/08\/1629303687_pol.jpg",637,400,false],"covernews-medium":["https:\/\/veteran.az\/wp-content\/uploads\/2021\/08\/1629303687_pol-637x380.jpg",540,322,true],"covernews-medium-square":["https:\/\/veteran.az\/wp-content\/uploads\/2021\/08\/1629303687_pol.jpg",398,250,false]},"author_info":{"display_name":"Veteran.az","author_link":"https:\/\/veteran.az\/?author=3"},"category_info":"<a href=\"https:\/\/veteran.az\/?cat=6\" rel=\"category\">C\u0259miyy\u0259t<\/a>","tag_info":"C\u0259miyy\u0259t","comment_count":"0","_links":{"self":[{"href":"https:\/\/veteran.az\/index.php?rest_route=\/wp\/v2\/posts\/11653","targetHints":{"allow":["GET"]}}],"collection":[{"href":"https:\/\/veteran.az\/index.php?rest_route=\/wp\/v2\/posts"}],"about":[{"href":"https:\/\/veteran.az\/index.php?rest_route=\/wp\/v2\/types\/post"}],"author":[{"embeddable":true,"href":"https:\/\/veteran.az\/index.php?rest_route=\/wp\/v2\/users\/3"}],"replies":[{"embeddable":true,"href":"https:\/\/veteran.az\/index.php?rest_route=%2Fwp%2Fv2%2Fcomments&post=11653"}],"version-history":[{"count":1,"href":"https:\/\/veteran.az\/index.php?rest_route=\/wp\/v2\/posts\/11653\/revisions"}],"predecessor-version":[{"id":11656,"href":"https:\/\/veteran.az\/index.php?rest_route=\/wp\/v2\/posts\/11653\/revisions\/11656"}],"wp:featuredmedia":[{"embeddable":true,"href":"https:\/\/veteran.az\/index.php?rest_route=\/wp\/v2\/media\/11655"}],"wp:attachment":[{"href":"https:\/\/veteran.az\/index.php?rest_route=%2Fwp%2Fv2%2Fmedia&parent=11653"}],"wp:term":[{"taxonomy":"category","embeddable":true,"href":"https:\/\/veteran.az\/index.php?rest_route=%2Fwp%2Fv2%2Fcategories&post=11653"},{"taxonomy":"post_tag","embeddable":true,"href":"https:\/\/veteran.az\/index.php?rest_route=%2Fwp%2Fv2%2Ftags&post=11653"}],"curies":[{"name":"wp","href":"https:\/\/api.w.org\/{rel}","templated":true}]}}