{"id":11650,"date":"2021-08-19T00:05:49","date_gmt":"2021-08-18T20:05:49","guid":{"rendered":"http:\/\/veteran.az\/?p=11650"},"modified":"2021-08-19T00:05:50","modified_gmt":"2021-08-18T20:05:50","slug":"ilham-%c9%99liyevin-musahib%c9%99si-italiya-mediasinda","status":"publish","type":"post","link":"https:\/\/veteran.az\/?p=11650","title":{"rendered":"\u0130lham \u018fliyevin m\u00fcsahib\u0259si \u0130taliya medias\u0131nda"},"content":{"rendered":"\n<p><strong>Az\u0259rbaycan Respublikas\u0131 Prezidenti \u0130lham \u018fliyevin \u201cCNN T\u00fcrk\u201d televiziya kanal\u0131na m\u00fcsahib\u0259si \u0130taliyan\u0131n \u201cKmetro0\u201d, \u201cEurasianews\u201d v\u0259 \u201cAgenzia Nova\u201d kimi k\u00fctl\u0259vi informasiya vasit\u0259l\u0259ri t\u0259r\u0259find\u0259n geni\u015f \u015f\u0259kild\u0259 i\u015f\u0131qland\u0131r\u0131l\u0131b.<\/strong><\/p>\n\n\n\n<p>Az\u0259rbaycan\u0131n \u0130taliya Respublikas\u0131ndak\u0131 S\u0259firliyind\u0259n&nbsp;<strong>Modern.az<\/strong>-a veril\u0259n m\u0259lumata g\u00f6r\u0259, \u201cPrezident \u0130lham \u018fliyev: Erm\u0259nistan Az\u0259rbaycan\u0131n \u0259razi b\u00fct\u00f6vl\u00fcy\u00fcn\u00fc tan\u0131ma\u011fa haz\u0131rd\u0131rsa, b\u00f6lg\u0259y\u0259 s\u00fclh g\u0259l\u0259c\u0259k\u201d s\u0259rl\u00f6vh\u0259li yaz\u0131larda qeyd olunur ki, \u201cCNN T\u00fcrk\u201d-\u0259 m\u00fcsahib\u0259sind\u0259 Prezident \u0130lham \u018fliyev Az\u0259rbaycan\u0131n \u0259razi b\u00fct\u00f6vl\u00fcy\u00fcn\u00fcn b\u0259rpas\u0131 v\u0259 Erm\u0259nistan\u0131n h\u0259rbi i\u015f\u011fal\u0131na son qoyulmas\u0131 \u00fc\u00e7\u00fcn g\u00f6r\u00fclm\u00fc\u015f t\u0259dbirl\u0259rd\u0259n, \u0130kinci Qaraba\u011f m\u00fcharib\u0259si v\u0259 onun n\u0259tic\u0259l\u0259rind\u0259n, m\u00fcharib\u0259d\u0259n sonra b\u00f6lg\u0259d\u0259ki v\u0259ziyy\u0259td\u0259n, b\u00f6lg\u0259d\u0259 uzunm\u00fcdd\u0259tli s\u00fclh\u00fcn t\u0259min edilm\u0259si v\u0259 buna nail olmaq \u00fc\u00e7\u00fcn at\u0131lacaq add\u0131mlardan b\u0259hs edib.<\/p>\n\n\n\n<p>Yaz\u0131larda Prezident \u0130lham \u018fliyevin m\u00fcsahib\u0259d\u0259ki fikirl\u0259rin\u0259 geni\u015f \u015f\u0259kild\u0259 istinadlar edilib.<\/p>\n","protected":false},"excerpt":{"rendered":"<p>Az\u0259rbaycan Respublikas\u0131 Prezidenti \u0130lham \u018fliyevin \u201cCNN T\u00fcrk\u201d televiziya kanal\u0131na m\u00fcsahib\u0259si \u0130taliyan\u0131n \u201cKmetro0\u201d, \u201cEurasianews\u201d v\u0259 \u201cAgenzia&#8230;<\/p>\n","protected":false},"author":3,"featured_media":0,"comment_status":"closed","ping_status":"closed","sticky":false,"template":"","format":"standard","meta":{"footnotes":""},"categories":[6],"tags":[],"class_list":["post-11650","post","type-post","status-publish","format-standard","hentry","category-cmiyyt"],"featured_image_urls":{"full":"","thumbnail":"","medium":"","medium_large":"","large":"","1536x1536":"","2048x2048":"","covernews-slider-full":"","covernews-slider-center":"","covernews-featured":"","covernews-medium":"","covernews-medium-square":""},"author_info":{"display_name":"Veteran.az","author_link":"https:\/\/veteran.az\/?author=3"},"category_info":"<a href=\"https:\/\/veteran.az\/?cat=6\" rel=\"category\">C\u0259miyy\u0259t<\/a>","tag_info":"C\u0259miyy\u0259t","comment_count":"0","_links":{"self":[{"href":"https:\/\/veteran.az\/index.php?rest_route=\/wp\/v2\/posts\/11650","targetHints":{"allow":["GET"]}}],"collection":[{"href":"https:\/\/veteran.az\/index.php?rest_route=\/wp\/v2\/posts"}],"about":[{"href":"https:\/\/veteran.az\/index.php?rest_route=\/wp\/v2\/types\/post"}],"author":[{"embeddable":true,"href":"https:\/\/veteran.az\/index.php?rest_route=\/wp\/v2\/users\/3"}],"replies":[{"embeddable":true,"href":"https:\/\/veteran.az\/index.php?rest_route=%2Fwp%2Fv2%2Fcomments&post=11650"}],"version-history":[{"count":1,"href":"https:\/\/veteran.az\/index.php?rest_route=\/wp\/v2\/posts\/11650\/revisions"}],"predecessor-version":[{"id":11652,"href":"https:\/\/veteran.az\/index.php?rest_route=\/wp\/v2\/posts\/11650\/revisions\/11652"}],"wp:attachment":[{"href":"https:\/\/veteran.az\/index.php?rest_route=%2Fwp%2Fv2%2Fmedia&parent=11650"}],"wp:term":[{"taxonomy":"category","embeddable":true,"href":"https:\/\/veteran.az\/index.php?rest_route=%2Fwp%2Fv2%2Fcategories&post=11650"},{"taxonomy":"post_tag","embeddable":true,"href":"https:\/\/veteran.az\/index.php?rest_route=%2Fwp%2Fv2%2Ftags&post=11650"}],"curies":[{"name":"wp","href":"https:\/\/api.w.org\/{rel}","templated":true}]}}