{"id":11621,"date":"2021-08-16T03:09:39","date_gmt":"2021-08-15T23:09:39","guid":{"rendered":"http:\/\/veteran.az\/?p=11621"},"modified":"2021-08-16T03:09:40","modified_gmt":"2021-08-15T23:09:40","slug":"s%c9%99hid-anasi-v%c9%99fat-etdi","status":"publish","type":"post","link":"https:\/\/veteran.az\/?p=11621","title":{"rendered":"\u015e\u0259hid anas\u0131 v\u0259fat etdi"},"content":{"rendered":"\n<p><strong>Balak\u0259n rayonunun Katex k\u0259ndind\u0259n olan V\u0259t\u0259n m\u00fcharib\u0259si \u015f\u0259hidi Yusif T\u0259mirovun anas\u0131 M\u0259kk\u0259 T\u0259mirova d\u00fcnyas\u0131n\u0131 d\u0259yi\u015fib.<\/strong><\/p>\n\n\n\n<figure class=\"wp-block-image size-large is-resized\"><img loading=\"lazy\" decoding=\"async\" src=\"http:\/\/veteran.az\/wp-content\/uploads\/2021\/08\/1629023672_yusif654.jpeg\" alt=\"\" class=\"wp-image-11622\" width=\"573\" height=\"777\" srcset=\"https:\/\/veteran.az\/wp-content\/uploads\/2021\/08\/1629023672_yusif654.jpeg 250w, https:\/\/veteran.az\/wp-content\/uploads\/2021\/08\/1629023672_yusif654-221x300.jpeg 221w\" sizes=\"auto, (max-width: 573px) 100vw, 573px\" \/><\/figure>\n\n\n\n<p><br>Bu bar\u0259d\u0259 &#171;Qafqazinfo\u201dya m\u0259rhumun yax\u0131nlar\u0131 m\u0259lumat verib.<\/p>\n\n\n\n<p><br>Onlar\u0131n s\u00f6zl\u0259rin\u0259 g\u00f6r\u0259, \u015f\u0259hid anas\u0131 o\u011flunun v\u0259fat\u0131ndan sonra psixoloji\u00a0sars\u0131nt\u0131 ke\u00e7irib, v\u0259ziyy\u0259ti getdikc\u0259 pisl\u0259\u015fib v\u0259 v\u0259fat edib.<\/p>\n\n\n\n<p>Qeyd ed\u0259k ki, 25 ya\u015fl\u0131 Y. T\u0259mirov II Qaraba\u011f m\u00fcharib\u0259sinin i\u015ftirak\u00e7\u0131s\u0131 olub. O, Suqovu\u015fan\u0131n azad olunmas\u0131 u\u011frunda ged\u0259n d\u00f6y\u00fc\u015fl\u0259r zaman\u0131 \u015f\u0259hidlik zirv\u0259sin\u0259 ucal\u0131b. Y. T\u0259mirov Prezident \u0130lham \u018fliyevin m\u00fcvafiq s\u0259r\u0259ncamlar\u0131 il\u0259 &#171;V\u0259t\u0259n u\u011frunda\u201d, &#171;Suqovu\u015fan\u0131n azad olunmas\u0131na g\u00f6r\u0259\u201d v\u0259 &#171;C\u0259sur d\u00f6y\u00fc\u015f\u00e7\u00fc\u201d&nbsp;medallar\u0131 il\u0259 t\u0259ltif olunub.<\/p>\n","protected":false},"excerpt":{"rendered":"<p>Balak\u0259n rayonunun Katex k\u0259ndind\u0259n olan V\u0259t\u0259n m\u00fcharib\u0259si \u015f\u0259hidi Yusif T\u0259mirovun anas\u0131 M\u0259kk\u0259 T\u0259mirova d\u00fcnyas\u0131n\u0131 d\u0259yi\u015fib&#8230;.<\/p>\n","protected":false},"author":3,"featured_media":11623,"comment_status":"closed","ping_status":"closed","sticky":false,"template":"","format":"standard","meta":{"footnotes":""},"categories":[6],"tags":[],"class_list":["post-11621","post","type-post","status-publish","format-standard","has-post-thumbnail","hentry","category-cmiyyt"],"featured_image_urls":{"full":["https:\/\/veteran.az\/wp-content\/uploads\/2021\/08\/1629023695_20210815_143434.jpg",561,400,false],"thumbnail":["https:\/\/veteran.az\/wp-content\/uploads\/2021\/08\/1629023695_20210815_143434-150x150.jpg",150,150,true],"medium":["https:\/\/veteran.az\/wp-content\/uploads\/2021\/08\/1629023695_20210815_143434-300x214.jpg",300,214,true],"medium_large":["https:\/\/veteran.az\/wp-content\/uploads\/2021\/08\/1629023695_20210815_143434.jpg",561,400,false],"large":["https:\/\/veteran.az\/wp-content\/uploads\/2021\/08\/1629023695_20210815_143434.jpg",561,400,false],"1536x1536":["https:\/\/veteran.az\/wp-content\/uploads\/2021\/08\/1629023695_20210815_143434.jpg",561,400,false],"2048x2048":["https:\/\/veteran.az\/wp-content\/uploads\/2021\/08\/1629023695_20210815_143434.jpg",561,400,false],"covernews-slider-full":["https:\/\/veteran.az\/wp-content\/uploads\/2021\/08\/1629023695_20210815_143434.jpg",561,400,false],"covernews-slider-center":["https:\/\/veteran.az\/wp-content\/uploads\/2021\/08\/1629023695_20210815_143434.jpg",561,400,false],"covernews-featured":["https:\/\/veteran.az\/wp-content\/uploads\/2021\/08\/1629023695_20210815_143434.jpg",561,400,false],"covernews-medium":["https:\/\/veteran.az\/wp-content\/uploads\/2021\/08\/1629023695_20210815_143434-561x380.jpg",502,340,true],"covernews-medium-square":["https:\/\/veteran.az\/wp-content\/uploads\/2021\/08\/1629023695_20210815_143434.jpg",351,250,false]},"author_info":{"display_name":"Veteran.az","author_link":"https:\/\/veteran.az\/?author=3"},"category_info":"<a href=\"https:\/\/veteran.az\/?cat=6\" rel=\"category\">C\u0259miyy\u0259t<\/a>","tag_info":"C\u0259miyy\u0259t","comment_count":"0","_links":{"self":[{"href":"https:\/\/veteran.az\/index.php?rest_route=\/wp\/v2\/posts\/11621","targetHints":{"allow":["GET"]}}],"collection":[{"href":"https:\/\/veteran.az\/index.php?rest_route=\/wp\/v2\/posts"}],"about":[{"href":"https:\/\/veteran.az\/index.php?rest_route=\/wp\/v2\/types\/post"}],"author":[{"embeddable":true,"href":"https:\/\/veteran.az\/index.php?rest_route=\/wp\/v2\/users\/3"}],"replies":[{"embeddable":true,"href":"https:\/\/veteran.az\/index.php?rest_route=%2Fwp%2Fv2%2Fcomments&post=11621"}],"version-history":[{"count":1,"href":"https:\/\/veteran.az\/index.php?rest_route=\/wp\/v2\/posts\/11621\/revisions"}],"predecessor-version":[{"id":11624,"href":"https:\/\/veteran.az\/index.php?rest_route=\/wp\/v2\/posts\/11621\/revisions\/11624"}],"wp:featuredmedia":[{"embeddable":true,"href":"https:\/\/veteran.az\/index.php?rest_route=\/wp\/v2\/media\/11623"}],"wp:attachment":[{"href":"https:\/\/veteran.az\/index.php?rest_route=%2Fwp%2Fv2%2Fmedia&parent=11621"}],"wp:term":[{"taxonomy":"category","embeddable":true,"href":"https:\/\/veteran.az\/index.php?rest_route=%2Fwp%2Fv2%2Fcategories&post=11621"},{"taxonomy":"post_tag","embeddable":true,"href":"https:\/\/veteran.az\/index.php?rest_route=%2Fwp%2Fv2%2Ftags&post=11621"}],"curies":[{"name":"wp","href":"https:\/\/api.w.org\/{rel}","templated":true}]}}