{"id":1157,"date":"2024-09-09T23:11:15","date_gmt":"2024-09-09T19:11:15","guid":{"rendered":"http:\/\/veteran.az\/?p=1157"},"modified":"2024-09-09T23:13:57","modified_gmt":"2024-09-09T19:13:57","slug":"dunyada-pislikl%c9%99r-ucun-yaradilmis-erm%c9%99niy%c9%99-masa-olanlarin-adi-n%c9%99dir","status":"publish","type":"post","link":"https:\/\/veteran.az\/?p=1157","title":{"rendered":"D\u00fcnyada pislikl\u0259r \u00fc\u00e7\u00fcn yarad\u0131lm\u0131\u015f erm\u0259niy\u0259 &#171;ma\u015fa&#187; olanlar\u0131n ad\u0131 n\u0259dir?"},"content":{"rendered":"\n<div class=\"wp-block-media-text is-stacked-on-mobile\" style=\"grid-template-columns:15% auto\"><figure class=\"wp-block-media-text__media\"><img loading=\"lazy\" decoding=\"async\" width=\"130\" height=\"130\" src=\"https:\/\/veteran.az\/wp-content\/uploads\/2024\/05\/Xaqani.png\" alt=\"\" class=\"wp-image-22483 size-full\"\/><\/figure><div class=\"wp-block-media-text__content\">\n<p><strong>Xaqani \u018fd\u0259bo\u011flu<em>,<\/em><\/strong><br>Az\u0259rbaycan\u0131n ilk d\u00f6y\u00fc\u015f\u00e7\u00fc-jurnalisti<\/p>\n<\/div><\/div>\n\n\n\n<p>\n\nBu xalqa n\u0259 olub? Tanr\u0131 bu zavall\u0131 mill\u0259ti buncam\u0131 qar\u011fay\u0131b?<\/p>\n\n\n\n<p>Biril\u0259ri erm\u0259ni terrorizminin m\u0259rk\u0259zi olan kils\u0259l\u0259r\u0259 pulsuz qaz verir, biril\u0259ri Az\u0259rbaycana qar\u015f\u0131 vuru\u015fan yezidil\u0259r\u0259 yard\u0131m edir, biril\u0259ri buradan o\u011furlad\u0131\u011f\u0131 milyonlar\u0131 PKK-l\u0131lara yem edir, biril\u0259ri erm\u0259nil\u0259rl\u0259 \u0259l-\u0259l\u0259 verib \u00f6lk\u0259 boyu \u015firk\u0259tl\u0259r, marketl\u0259r a\u00e7\u0131r, biril\u0259ri erm\u0259ni m\u0259xfi xidm\u0259t orqanlar\u0131n\u0131n k\u00f6p\u0259yi kimi \u00fcst\u00fcm\u00fcz\u0259 h\u00fcr\u0259n media resurslar\u0131 yarad\u0131r, biril\u0259ri erm\u0259ni al\u0131r, biril\u0259ri q\u0131zlar\u0131n\u0131n ba\u015f\u0131n\u0131 tutub erm\u0259niy\u0259 verir, biril\u0259ri V\u0259t\u0259n qorumaq ad\u0131na z\u0259if yerini erm\u0259niy\u0259 t\u0259slim edir&#8230; Yetdimi? Allah b\u0259lan\u0131z\u0131 versin. D\u00fcnyada i\u015f g\u00f6rm\u0259y\u0259 mill\u0259tmi yoxdu? Yoxsa sizl\u0259rin g\u00f6rd\u00fcy\u00fc iyr\u0259nc i\u015fl\u0259rl\u0259-o\u011furluq, r\u00fc\u015fv\u0259t, \u015fantaj, yalan v\u0259 bu kimi iyr\u0259nclikl\u0259rl\u0259 yaln\u0131z erm\u0259nil\u0259rin m\u0259\u015f\u011ful oldu\u011funu sizl\u0259r\u0259 s\u00fcd yadda\u015f\u0131n\u0131z deyir?<\/p>\n\n\n\n<p>Ya g\u0259lin d\u00fc\u015fm\u0259nl\u0259 d\u00fc\u015fm\u0259n olaq, ya da binamuslu\u011fu, peys\u0259rliyi boynumaza g\u00f6t\u00fcr\u00fcb Ana Tarixin s\u0259hn\u0259sind\u0259n r\u0259dd olub ged\u0259k!<\/p>\n\n\n\n<p>D\u00fcn\u0259n erm\u0259nini Milli komandada q\u0131l\u0131nc oynadanlar\u0131n namussuzlu\u011funu &#171;Ayna&#187;ya istinad\u0259n vermi\u015fdik. Bu g\u00fcn erm\u0259ni sayt\u0131 &#171;Na\u015fa Armeniya&#187; \u00f6z informasiya h\u00fccumu kimi t\u0259qdim edib. Qand\u0131n\u0131zm\u0131, h\u0259r erm\u0259niyl\u0259 t\u0259mas bu mill\u0259t\u0259, bu V\u0259t\u0259n\u0259 x\u0259yan\u0259tdir. Erm\u0259ni xalq\u0131 v\u0259 mill\u0259ti tarixin relikt \u015f\u00fcuruna malik iyr\u0259nc bir y\u0131\u011fnaqd\u0131r v\u0259 Roma imperiyas\u0131 bu y\u0131\u011fna\u011f\u0131 iki qovulmu\u015f tayfadan bu i\u015fl\u0259r \u00fc\u00e7\u00fcn yarad\u0131b. Y\u0259hudil\u0259rin qovdu\u011fu zokkil\u0259rl\u0259 qara\u00e7\u0131 hay-bo\u015flar\u0131n qar\u0131\u015f\u0131\u011f\u0131ndan Afrodita m\u0259b\u0259di xarabalar\u0131nda t\u00f6r\u0259dilmi\u015f bir y\u0131\u011fnaqd\u0131 v\u0259 b\u00fct\u00fcn imperiyalar \u00fc\u00e7\u00fcn \u0259n iyr\u0259nc i\u015fl\u0259rin g\u00f6r\u00fclm\u0259si onlar\u0131n boynuna \u00f6l\u00e7\u00fcl\u00fcr.<\/p>\n\n\n\n<p>Biz dem\u0259kd\u0259n v\u0259 yazmaqdan yorulsaq da, sizl\u0259r n\u0259 oxuyur, n\u0259 d\u0259 deyil\u0259nl\u0259r\u0259 \u0259m\u0259l edirsiniz&#8230;<\/p>\n\n\n\n<p>Az\u0259rbaycan \u0259leyhin\u0259 yaz\u0131larla v\u0259 saxta tarix yarad\u0131c\u0131l\u0131\u011f\u0131 il\u0259 tan\u0131nan &#171;Na\u015fa Armeniya&#187; bu hadis\u0259ni bel\u0259 t\u0259qdim edir:<\/p>\n\n\n\n<p>&#171;Az\u0259rbaycan K\u0130V-l\u0259rind\u0259n m\u0259lum oldu\u011fu kimi, \u015eimali Osetiyan\u0131n n\u00fcmay\u0259nd\u0259si, etnik m\u0259nsubiy\u0259tc\u0259 erm\u0259ni olan Robert Axverdov milli komandada \u00e7\u0131x\u0131\u015f edib.<\/p>\n\n\n\n<p>Zerkalo.az yaz\u0131r: &#171;Biz Az\u0259rbaycan Q\u0131l\u0131ncoynatma Federasiyas\u0131na erm\u0259ni xalq\u0131n\u0131n n\u00fcmay\u0259nd\u0259sinin komandam\u0131za nec\u0259 d\u00fc\u015fm\u0259sini \u00f6yr\u0259nm\u0259k \u00fc\u00e7\u00fcn m\u00fcraci\u0259t etdik.&#187;<\/p>\n\n\n\n<p>Az\u0259rbaycan Q\u0131l\u0131ncoynatma Federasiyas\u0131 cavab m\u0259ktubunda bildirib ki, 2002-ci il t\u0259v\u0259ll\u00fcdl\u00fc Robert Sergeyevi\u00e7 Axverdov yar\u0131\u015fa m\u0259\u015fq\u00e7i olmadan g\u0259lmi\u015f v\u0259 az\u0259rbaycanl\u0131 q\u0131l\u0131ncoynadanlarla birg\u0259 yar\u0131\u015fmaq ist\u0259yini bildirmi\u015fdir.<\/p>\n\n\n\n<p>Axverdovun pasportunu yoxlad\u0131qdan sonra az\u0259rbaycanl\u0131 m\u0259\u015fq\u00e7i Sudef Quliyev \u015eimali Osetiyadan olan Rusiya v\u0259t\u0259nda\u015f\u0131 oldu\u011funa \u0259min olduqdan sonra komandaya qo\u015fulmas\u0131na icaz\u0259 verdi.<\/p>\n\n\n\n<p>Bundan \u0259vv\u0259l RUSARMINFO, Rusiya Xarici \u0130\u015fl\u0259r Nazirliyinin, Az\u0259rbaycanda erm\u0259ni k\u00f6kl\u0259ri olan Rusiya v\u0259t\u0259nda\u015flar\u0131n\u0131n q\u0259bul edilm\u0259m\u0259si il\u0259 \u0259laq\u0259dar veb sayt\u0131nda bir \u015f\u0259rh yayd\u0131\u011f\u0131n\u0131 bildirib&#187;.<\/p>\n\n\n\n<p>\u018fn x\u0131rda detaldan da \u0259leyhimiz\u0259 nec\u0259 istifad\u0259 edildiyini g\u00f6r\u00fcrs\u00fcn\u00fczm\u00fc?<\/p>\n\n\n\n<p><strong>Qeyd.<\/strong> <em>Yaz\u0131n\u0131 ilk d\u00f6y\u00fc\u015f\u00e7\u00fc jurnalist,I Qaraba\u011f m\u00fcharib\u0259sinin qazisi, istedadl\u0131 q\u0259l\u0259m sahibi, t\u00fcrkoloq Turan sevdal\u0131 sava\u015f adam\u0131 m\u0259rhum Xaqani \u018fd\u0259bo\u011flu (Rzaquliyev) 2020-ci ild\u0259 q\u0259l\u0259m\u0259 al\u0131b. (M\u018fKANIN C\u018fNN\u018fT OLSUN, USTAD!)<\/em><\/p>\n\n\n\n<p><br><\/p>\n","protected":false},"excerpt":{"rendered":"<p>Xaqani \u018fd\u0259bo\u011flu,Az\u0259rbaycan\u0131n ilk d\u00f6y\u00fc\u015f\u00e7\u00fc-jurnalisti Bu xalqa n\u0259 olub? Tanr\u0131 bu zavall\u0131 mill\u0259ti buncam\u0131 qar\u011fay\u0131b? Biril\u0259ri&#8230;<\/p>\n","protected":false},"author":3,"featured_media":1158,"comment_status":"closed","ping_status":"closed","sticky":false,"template":"","format":"standard","meta":{"footnotes":""},"categories":[4],"tags":[],"class_list":["post-1157","post","type-post","status-publish","format-standard","has-post-thumbnail","hentry","category-tarix"],"featured_image_urls":{"full":["https:\/\/veteran.az\/wp-content\/uploads\/2019\/08\/yhtgrfe.png",780,405,false],"thumbnail":["https:\/\/veteran.az\/wp-content\/uploads\/2019\/08\/yhtgrfe-150x150.png",150,150,true],"medium":["https:\/\/veteran.az\/wp-content\/uploads\/2019\/08\/yhtgrfe-300x156.png",300,156,true],"medium_large":["https:\/\/veteran.az\/wp-content\/uploads\/2019\/08\/yhtgrfe-768x399.png",640,333,true],"large":["https:\/\/veteran.az\/wp-content\/uploads\/2019\/08\/yhtgrfe.png",640,332,false],"1536x1536":["https:\/\/veteran.az\/wp-content\/uploads\/2019\/08\/yhtgrfe.png",780,405,false],"2048x2048":["https:\/\/veteran.az\/wp-content\/uploads\/2019\/08\/yhtgrfe.png",780,405,false],"covernews-slider-full":["https:\/\/veteran.az\/wp-content\/uploads\/2019\/08\/yhtgrfe.png",780,405,false],"covernews-slider-center":["https:\/\/veteran.az\/wp-content\/uploads\/2019\/08\/yhtgrfe.png",780,405,false],"covernews-featured":["https:\/\/veteran.az\/wp-content\/uploads\/2019\/08\/yhtgrfe.png",780,405,false],"covernews-medium":["https:\/\/veteran.az\/wp-content\/uploads\/2019\/08\/yhtgrfe-720x380.png",540,285,true],"covernews-medium-square":["https:\/\/veteran.az\/wp-content\/uploads\/2019\/08\/yhtgrfe-675x405.png",400,240,true]},"author_info":{"display_name":"Veteran.az","author_link":"https:\/\/veteran.az\/?author=3"},"category_info":"<a href=\"https:\/\/veteran.az\/?cat=4\" rel=\"category\">Tarix<\/a>","tag_info":"Tarix","comment_count":"0","_links":{"self":[{"href":"https:\/\/veteran.az\/index.php?rest_route=\/wp\/v2\/posts\/1157","targetHints":{"allow":["GET"]}}],"collection":[{"href":"https:\/\/veteran.az\/index.php?rest_route=\/wp\/v2\/posts"}],"about":[{"href":"https:\/\/veteran.az\/index.php?rest_route=\/wp\/v2\/types\/post"}],"author":[{"embeddable":true,"href":"https:\/\/veteran.az\/index.php?rest_route=\/wp\/v2\/users\/3"}],"replies":[{"embeddable":true,"href":"https:\/\/veteran.az\/index.php?rest_route=%2Fwp%2Fv2%2Fcomments&post=1157"}],"version-history":[{"count":3,"href":"https:\/\/veteran.az\/index.php?rest_route=\/wp\/v2\/posts\/1157\/revisions"}],"predecessor-version":[{"id":23079,"href":"https:\/\/veteran.az\/index.php?rest_route=\/wp\/v2\/posts\/1157\/revisions\/23079"}],"wp:featuredmedia":[{"embeddable":true,"href":"https:\/\/veteran.az\/index.php?rest_route=\/wp\/v2\/media\/1158"}],"wp:attachment":[{"href":"https:\/\/veteran.az\/index.php?rest_route=%2Fwp%2Fv2%2Fmedia&parent=1157"}],"wp:term":[{"taxonomy":"category","embeddable":true,"href":"https:\/\/veteran.az\/index.php?rest_route=%2Fwp%2Fv2%2Fcategories&post=1157"},{"taxonomy":"post_tag","embeddable":true,"href":"https:\/\/veteran.az\/index.php?rest_route=%2Fwp%2Fv2%2Ftags&post=1157"}],"curies":[{"name":"wp","href":"https:\/\/api.w.org\/{rel}","templated":true}]}}