{"id":11560,"date":"2021-08-13T02:06:40","date_gmt":"2021-08-12T22:06:40","guid":{"rendered":"http:\/\/veteran.az\/?p=11560"},"modified":"2021-08-13T02:07:12","modified_gmt":"2021-08-12T22:07:12","slug":"s%c9%99hid-zabitin-xatir%c9%99si-anilib-foto","status":"publish","type":"post","link":"https:\/\/veteran.az\/?p=11560","title":{"rendered":"\u015e\u0259hid zabitin xatir\u0259si an\u0131l\u0131b &#8212; FOTO"},"content":{"rendered":"\n<p>&#171;Q\u0259l\u0259b\u0259 mar\u015f\u0131&#187; il\u0259 ba\u015fa \u00e7atan t\u0259dbird\u0259 \u015f\u0259hid zabitin xatir\u0259si an\u0131l\u0131b.<\/p>\n\n\n\n<p>M\u00fcdafi\u0259 Nazirliyind\u0259n&nbsp;Ucnoqta.az-a veril\u0259n m\u0259lumata g\u00f6r\u0259, Az\u0259rbaycan Ordusunun igid d\u00f6y\u00fc\u015f\u00e7\u00fcl\u0259rind\u0259n biri olan kapitan \u018fkb\u0259r P\u0259nahov &#171;D\u0259mir Yumruq&#187; \u0259m\u0259liyyat\u0131 il\u0259 ba\u015flanan v\u0259 Erm\u0259nistan\u0131n r\u00fcsvay\u00e7\u0131 m\u0259\u011flubiyy\u0259ti il\u0259 ba\u015fa \u00e7atan V\u0259t\u0259n m\u00fcharib\u0259sinin ilk g\u00fcn\u00fcnd\u0259 b\u00f6y\u00fck q\u0259l\u0259b\u0259y\u0259 inam, d\u00fc\u015fm\u0259n\u0259 nifr\u0259t hissi il\u0259 d\u00f6y\u00fc\u015f meydan\u0131na at\u0131lm\u0131\u015f v\u0259 Murovda\u011f\u0131n strateji y\u00fcks\u0259klikl\u0259rinin azad olunmas\u0131 u\u011frunda h\u0259rbi \u0259m\u0259liyyatlarda f\u0259al i\u015ftirak edib.<\/p>\n\n\n\n<p>Motoat\u0131c\u0131 taborun q\u0259rargah b\u00f6l\u00fcy\u00fcn\u00fcn tank \u0259leyhin\u0259 taq\u0131m\u0131n\u0131n komandiri v\u0259zif\u0259sind\u0259n motoat\u0131c\u0131 tabor komandirinin m\u00fcavini v\u0259zif\u0259sin\u0259 v\u0259 &#171;kapitan&#187; h\u0259rbi r\u00fctb\u0259sin\u0259 y\u00fcks\u0259l\u0259n pe\u015f\u0259kar v\u0259 t\u0259cr\u00fcb\u0259li zabitimiz g\u0259rgin ke\u00e7\u0259n d\u00f6y\u00fc\u015fl\u0259rd\u0259 silahda\u015flar\u0131 il\u0259 birlikd\u0259 d\u00fc\u015fm\u0259n\u0259 canl\u0131 q\u00fcvv\u0259 v\u0259 h\u0259rbi texnika sar\u0131dan xeyli itki vermi\u015f v\u0259 m\u00fcharib\u0259nin \u00fc\u00e7\u00fcnc\u00fc g\u00fcn\u00fcnd\u0259 itkin d\u00fc\u015f\u00fcb.<\/p>\n\n\n\n<p>D\u00f6vl\u0259timizin ba\u015f\u00e7\u0131s\u0131 Ali Ba\u015f Komandan \u0130lham \u018fliyevin tap\u015f\u0131r\u0131\u011f\u0131, M\u00fcdafi\u0259 Nazirliyi v\u0259 dig\u0259r d\u00f6vl\u0259t strukturlar\u0131n\u0131n beyn\u0259lxalq t\u0259\u015fkilatlarla apard\u0131\u011f\u0131 dan\u0131\u015f\u0131qlar v\u0259 axtar\u0131\u015flar\u0131n say\u0259sind\u0259 \u015f\u0259hidin n\u0259\u015fi 9 aydan sonra Bak\u0131ya g\u0259tirilmi\u015f, \u0130kinci \u015e\u0259hidl\u0259r xiyaban\u0131nda h\u0259rbi v\u0259 dini \u0259n\u0259n\u0259l\u0259r\u0259 uy\u011fun olaraq d\u0259fn edilib.<\/p>\n\n\n\n<p>P\u0259nahovlar ail\u0259si bu m\u00fcdd\u0259t \u0259rzind\u0259 h\u0259mi\u015f\u0259 t\u0259mkin, d\u00f6z\u00fcm n\u00fcmayi\u015f etdirmi\u015f v\u0259 \u00f6lk\u0259 ba\u015f\u00e7\u0131s\u0131n\u0131n \u015f\u0259hid ail\u0259sinin tezlikl\u0259 intizar\u0131na son qoyaca\u011f\u0131na inan\u0131b.<\/p>\n\n\n\n<p>M\u00fcdafi\u0259 Nazirliyi v\u0259 X\u0259tai rayon \u0130cra Hakimiyy\u0259tinin r\u0259smil\u0259ri, ail\u0259 \u00fczvl\u0259ri, G\u00fcrc\u00fcstan Respublikas\u0131ndan g\u0259l\u0259n qohumlar\u0131, d\u00f6y\u00fc\u015f\u00e7\u00fc dostlar\u0131 v\u0259 ictimaiyy\u0259t n\u00fcmay\u0259nd\u0259l\u0259ri igid zabitimiz \u018f.P\u0259nahovun do\u011fum g\u00fcn\u00fc m\u00fcnasib\u0259ti il\u0259 \u0130kinci \u015e\u0259hidl\u0259r xiyaban\u0131na g\u0259l\u0259r\u0259k \u015f\u0259hidin m\u0259zar\u0131n\u0131 ziyar\u0259t edib, \u00f6n\u00fcn\u0259 \u00e7\u0259l\u0259ng v\u0259 g\u00fcll\u0259r d\u00fcz\u00fcb, xatir\u0259sini ehtiramla yad edibl\u0259r. \u015e\u0259hidl\u0259rin ruhuna dualar oxunduqdan sonra \u015fam a\u011faclar\u0131n\u0131n k\u00f6lg\u0259sind\u0259 igid d\u00f6y\u00fc\u015f\u00e7\u00fcn\u00fcn do\u011fum g\u00fcn\u00fcn\u0259 h\u0259sr olunmu\u015f xatir\u0259 m\u0259rasimi ke\u00e7irilib.<\/p>\n\n\n\n<p>Az\u0259rbaycan\u0131n \u0259razi b\u00fct\u00f6vl\u00fcy\u00fcn\u00fcn qorunmas\u0131 v\u0259 b\u0259rpas\u0131nda, el\u0259c\u0259 d\u0259 tarixi torpaqlar\u0131m\u0131z\u0131n i\u015f\u011faldan azad edilm\u0259sind\u0259 h\u0259m Birinci, h\u0259m d\u0259 \u0130kinci Qaraba\u011f m\u00fcharib\u0259sind\u0259 \u015f\u0259hid olanlar\u0131n xatir\u0259si bir d\u0259qiq\u0259lik s\u00fckutla yad edilib, h\u0259rbi orkestrin m\u00fc\u015fayi\u0259ti il\u0259 Az\u0259rbaycan Respublikas\u0131n\u0131n D\u00f6vl\u0259t Himni ifa olunub.<\/p>\n\n\n\n<p>Polkovnik Abdulla Qurbani \u015f\u0259hidin otuz illik q\u0131sa, lakin \u015f\u0259r\u0259fli \u00f6m\u00fcr v\u0259 d\u00f6y\u00fc\u015f yolundan dan\u0131\u015f\u0131b, Murovda\u011f d\u00f6y\u00fc\u015fl\u0259ri haqq\u0131nda xatir\u0259l\u0259rini s\u00f6yl\u0259yib v\u0259 unudulmaz Xalq \u015fairimiz M\u0259mm\u0259d Araz\u0131n h\u0259l\u0259 1994-c\u00fc ild\u0259 Murovda\u011f qartallar\u0131 il\u0259 g\u00f6r\u00fc\u015fd\u0259 dediyi fikirl\u0259ri yada sal\u0131b. O vaxt \u00d6m\u0259r a\u015f\u0131r\u0131m\u0131nda ke\u00e7iril\u0259n g\u00f6r\u00fc\u015fd\u0259 sevimli Xalq \u015fairimiz demi\u015fdir: \u201cMurov \u0259sg\u0259rinin bir g\u00fcn\u00fcn\u00fc ya\u015fama\u011f\u0131n \u00f6z\u00fc d\u0259 bir \u00f6m\u00fcrd\u00fcr. S\u0259rt \u015faxtayla, \u00e7ov\u011funla, boranla \u00fcz-\u00fcz\u0259 dayanaraq V\u0259t\u0259n torpaqlar\u0131n\u0131n ke\u015fiyini \u00e7\u0259k\u0259n h\u0259r bir Murov d\u00f6y\u00fc\u015f\u00e7\u00fcs\u00fcn\u00fcn h\u00fcn\u0259ri bir q\u0259hramanl\u0131q dastan\u0131d\u0131r\u201d.<\/p>\n\n\n\n<p>Bu m\u0259nada, \u015f\u0259hid \u018f.P\u0259nahovun h\u0259yat\u0131 v\u0259 xidm\u0259ti d\u0259 bir q\u0259hr\u0259manl\u0131q dastan\u0131d\u0131r.<\/p>\n\n\n\n<p>N\u0259z\u0259r\u0259 \u00e7atd\u0131r\u0131l\u0131b ki, \u018f.P\u0259nahov 1990-c\u0131 il avqustun 12-d\u0259 G\u00fcrc\u00fcstan Respublikas\u0131n\u0131n indiki Bolnisi rayonunun Musopriani (tarixi Babaki\u015filil\u0259r) k\u0259ndind\u0259 do\u011fulub v\u0259 valideynl\u0259ri il\u0259 birlikd\u0259 Bak\u0131 \u015f\u0259h\u0259rin\u0259 k\u00f6\u00e7\u00fcbl\u0259r. Bak\u0131 \u015f\u0259h\u0259rind\u0259ki 269 sayl\u0131 orta m\u0259kt\u0259bd\u0259 t\u0259hsil al\u0131b. Sonra is\u0259 taleyini V\u0259t\u0259n\u0259 xidm\u0259t pe\u015f\u0259sin\u0259, h\u0259rbi pe\u015f\u0259y\u0259 h\u0259sr edib.<\/p>\n\n\n\n<p>2011-ci ild\u0259 Heyd\u0259r \u018fliyev ad\u0131na Az\u0259rbaycan Ali H\u0259rbi M\u0259kt\u0259bini v\u0259 Silahl\u0131 Q\u00fcvv\u0259l\u0259rin T\u0259lim v\u0259 T\u0259dris M\u0259rk\u0259zinin \u201cZabit \u0130xtisas kursu\u201dnu m\u00fcv\u0259ff\u0259qiyy\u0259tl\u0259 ba\u015fa vurduqdan sonra g\u0259nc leytenant kimi xidm\u0259ti v\u0259zif\u0259l\u0259rinin \u00f6hd\u0259sind\u0259n layiqinc\u0259 g\u0259lib, qar\u015f\u0131s\u0131na qoyulan tap\u015f\u0131r\u0131qlar\u0131 u\u011furla yerin\u0259 yetirm\u0259k \u00fc\u00e7\u00fcn s\u0259yl\u0259rini \u0259sirg\u0259m\u0259yib. Komandanl\u0131q t\u0259r\u0259find\u0259n d\u0259f\u0259l\u0259rl\u0259 m\u00fckafatland\u0131r\u0131l\u0131b. Sa\u011fl\u0131\u011f\u0131nda Az\u0259rbaycan Respublikas\u0131n\u0131n Prezidenti ad\u0131ndan M\u00fcdafi\u0259 nazirinin \u0259mri il\u0259 \u201cAz\u0259rbaycan Respublikas\u0131 Silahl\u0131 Q\u00fcvv\u0259l\u0259rinin 95 illiyi (1918-2013)\u201d, \u201cAz\u0259rbaycan Ordusunun 100 illiyi (1918-2018)\u201d yubiley medallar\u0131 v\u0259 \u201cQ\u00fcsursuz xidm\u0259t\u0259 g\u00f6r\u0259\u201d 3-c\u00fc d\u0259r\u0259c\u0259li medalla t\u0259ltif edilib.<\/p>\n\n\n\n<p>A.Qurbani t\u0259dbir i\u015ftirak\u00e7\u0131lar\u0131n\u0131n n\u0259z\u0259rin\u0259 \u00e7atd\u0131r\u0131b ki, kapitan \u018f.P\u0259nahovun V\u0259t\u0259n m\u00fcharib\u0259sind\u0259 i\u015ftirak ed\u0259r\u0259k h\u0259rbi hiss\u0259 qar\u015f\u0131s\u0131nda qoyulmu\u015f tap\u015f\u0131r\u0131qlar\u0131n icras\u0131 zaman\u0131 v\u0259zif\u0259 borcunu \u015f\u0259r\u0259fl\u0259 yerin\u0259 yetirdiyin\u0259, \u015f\u0259xsi m\u0259rdlik v\u0259 igidlik g\u00f6st\u0259rdiyin\u0259 g\u00f6r\u0259 d\u00f6y\u00fc\u015f orden v\u0259 medallar\u0131 il\u0259 t\u0259ltif olunmas\u0131 haqq\u0131nda m\u00fcvafiq t\u0259qdimatlar g\u00f6nd\u0259rilib v\u0259 \u00f6l\u00fcm\u00fcnd\u0259n sonra o, bu il ilk d\u0259f\u0259 qeyd ed\u0259c\u0259yimiz Z\u0259f\u0259r G\u00fcn\u00fcnd\u0259, layiq oldu\u011fu m\u00fckafatlarla t\u0259ltif olunacaqd\u0131r.<\/p>\n\n\n\n<figure class=\"wp-block-image size-large\"><img decoding=\"async\" src=\"http:\/\/veteran.az\/wp-content\/uploads\/2021\/08\/61154f80554ae61154f80554af162878656061154f80554ab61154f80554ac.jpg\" alt=\"\" class=\"wp-image-11561\"\/><\/figure>\n\n\n\n<p>X\u0259tai rayon \u0130cra Hakimiyy\u0259tinin ba\u015f\u00e7\u0131s\u0131n\u0131n m\u00fcavini Etibar \u018fhm\u0259dov X\u0259tai rayonunda da \u015f\u0259hidl\u0259rin adlar\u0131n\u0131n \u0259b\u0259dil\u0259\u015fdirilm\u0259si, \u015f\u0259hid ail\u0259l\u0259rin\u0259 h\u0259rt\u0259r\u0259fli diqq\u0259t v\u0259 qay\u011f\u0131 g\u00f6st\u0259rilm\u0259sind\u0259n dan\u0131\u015f\u0131b v\u0259 bu m\u0259s\u0259l\u0259l\u0259rin d\u00f6vl\u0259timizin ba\u015f\u00e7\u0131s\u0131, M\u00fcz\u0259ff\u0259r Ali Ba\u015f Komandan \u0130lham \u018fliyevin daim n\u0259zar\u0259tind\u0259 oldu\u011funu qeyd edib.<\/p>\n\n\n\n<p>G\u0259ncl\u0259r ad\u0131ndan \u00e7\u0131x\u0131\u015f ed\u0259n Tural M\u0259mm\u0259dov bu g\u00fcn d\u0259 Az\u0259rbaycan g\u0259ncl\u0259rinin, Az\u0259rbaycan g\u0259ncliyinin Ali Ba\u015f Komandan\u0131n \u0259mrl\u0259rin\u0259 h\u0259r an haz\u0131r olduqlar\u0131n\u0131 vur\u011fulay\u0131b.<\/p>\n\n\n\n<p>\u015e\u0259hidin valideynl\u0259ri: atas\u0131 B\u0259yl\u0259r P\u0259nahov v\u0259 Mayqa ana \u00f6vladlar\u0131 il\u0259 f\u0259xr etdikl\u0259rini bildirib, q\u00fcrurla &#171;V\u0259t\u0259n sa\u011f olsun!&#187; dey\u0259r\u0259k ba\u015flar\u0131n\u0131 dik tutublar.<\/p>\n\n\n\n<p>Daxili Qo\u015funlar\u0131n ba\u015f \u00e7avu\u015fu \u015f\u0259hid V\u00fcqar C\u0259f\u0259rovun anas\u0131 S\u0259may\u0259 xan\u0131m t\u0259bir i\u015ftirak\u00e7\u0131lar\u0131n\u0131n aras\u0131ndan \u00e7\u0131xaraq \u018fkb\u0259rin anas\u0131n\u0131 qucaqlay\u0131b v\u0259 uca s\u0259sl\u0259 deyib: \u201cBiz \u015f\u0259hid analar\u0131na \u0259n b\u00f6y\u00fck t\u0259s\u0259lli \u00f6vladlar\u0131m\u0131z\u0131n intiqam\u0131n\u0131n al\u0131nmas\u0131 v\u0259 torpaqlar\u0131m\u0131z\u0131n i\u015f\u011faldan azad olunmas\u0131d\u0131r. M\u00fcz\u0259ff\u0259r Ali Ba\u015f Komandan\u0131m\u0131za, xalq\u0131m\u0131za minn\u0259tdar\u0131q ki, a\u011fr\u0131l\u0131, \u00fcz\u00fcnt\u00fcl\u00fc g\u00fcnl\u0259rimizd\u0259 bizi yalq\u0131z qoymad\u0131lar. Bu \u015f\u0259hidl\u0259rin h\u0259r\u0259si bir ocaqdan \u00e7\u0131xsa da, bu g\u00fcn b\u00fct\u00f6v Az\u0259rbaycan\u0131n, xalq\u0131m\u0131z\u0131n \u015f\u0259hidl\u0259ri oldular. Biz \u00f6vladlar\u0131m\u0131zla f\u0259xr edirik. Qoy Az\u0259rbaycan Bayra\u011f\u0131 h\u0259mi\u015f\u0259 y\u00fcks\u0259kl\u0259rd\u0259 dal\u011falans\u0131n!\u201d.<\/p>\n\n\n\n<p>G\u00fcrc\u00fcstan Respublikas\u0131ndan g\u0259l\u0259n Xan\u0131m n\u0259n\u0259: \u201c\u018fkb\u0259r m\u0259nim atam\u0131n ad\u0131d\u0131r, atam\u0131n ad\u0131na layiq n\u0259v\u0259 oldu q\u0259hr\u0259man balam. Qoy ham\u0131 bilsin, Az\u0259rbaycan d\u00fcnyan\u0131n b\u00fct\u00fcn gu\u015f\u0259l\u0259rind\u0259 ya\u015fayan az\u0259rbaycanl\u0131lar\u0131n qibl\u0259sidir, V\u0259t\u0259nidir. Biz, G\u00fcrc\u00fcstan az\u0259rbaycanl\u0131lar\u0131 da q\u0259lbimizin paytaxt\u0131 Az\u0259rbaycan\u0131m\u0131z\u0131n u\u011furlar\u0131na, z\u0259f\u0259rin\u0259 \u00e7ox sevinirik. Bizim k\u0259ndd\u0259n p\u0259rvazlanan v\u0259 sonralar Bak\u0131da ya\u015fayan, burada t\u0259hsil alan, Qaraba\u011f d\u00f6y\u00fc\u015fl\u0259rind\u0259 canlar\u0131ndan ke\u00e7\u0259n \u00fc\u00e7 \u015f\u0259hidimiz var. Az\u0259rbaycan \u00fcr\u0259yimizdir, can\u0131m\u0131zd\u0131r. Arzum budur ki, Allah bu d\u00f6vl\u0259ti, bu milll\u0259ti b\u0259dn\u0259z\u0259rd\u0259n, qara q\u00fcvv\u0259l\u0259rd\u0259n qorusun!\u201d,- deyib.<\/p>\n\n\n\n<p>T\u0259dbir &#171;Q\u0259l\u0259b\u0259 mar\u015f\u0131&#187; n\u0131n s\u0259dalar\u0131 alt\u0131nda ba\u015fa \u00e7at\u0131b.<\/p>\n\n\n\n<figure class=\"wp-block-image size-large\"><img decoding=\"async\" src=\"http:\/\/veteran.az\/wp-content\/uploads\/2021\/08\/13.jpg\" alt=\"\" class=\"wp-image-11562\"\/><\/figure>\n","protected":false},"excerpt":{"rendered":"<p>&#171;Q\u0259l\u0259b\u0259 mar\u015f\u0131&#187; il\u0259 ba\u015fa \u00e7atan t\u0259dbird\u0259 \u015f\u0259hid zabitin xatir\u0259si an\u0131l\u0131b. M\u00fcdafi\u0259 Nazirliyind\u0259n&nbsp;Ucnoqta.az-a veril\u0259n m\u0259lumata g\u00f6r\u0259,&#8230;<\/p>\n","protected":false},"author":3,"featured_media":0,"comment_status":"closed","ping_status":"closed","sticky":false,"template":"","format":"standard","meta":{"footnotes":""},"categories":[6],"tags":[],"class_list":["post-11560","post","type-post","status-publish","format-standard","hentry","category-cmiyyt"],"featured_image_urls":{"full":"","thumbnail":"","medium":"","medium_large":"","large":"","1536x1536":"","2048x2048":"","covernews-slider-full":"","covernews-slider-center":"","covernews-featured":"","covernews-medium":"","covernews-medium-square":""},"author_info":{"display_name":"Veteran.az","author_link":"https:\/\/veteran.az\/?author=3"},"category_info":"<a href=\"https:\/\/veteran.az\/?cat=6\" rel=\"category\">C\u0259miyy\u0259t<\/a>","tag_info":"C\u0259miyy\u0259t","comment_count":"0","_links":{"self":[{"href":"https:\/\/veteran.az\/index.php?rest_route=\/wp\/v2\/posts\/11560","targetHints":{"allow":["GET"]}}],"collection":[{"href":"https:\/\/veteran.az\/index.php?rest_route=\/wp\/v2\/posts"}],"about":[{"href":"https:\/\/veteran.az\/index.php?rest_route=\/wp\/v2\/types\/post"}],"author":[{"embeddable":true,"href":"https:\/\/veteran.az\/index.php?rest_route=\/wp\/v2\/users\/3"}],"replies":[{"embeddable":true,"href":"https:\/\/veteran.az\/index.php?rest_route=%2Fwp%2Fv2%2Fcomments&post=11560"}],"version-history":[{"count":1,"href":"https:\/\/veteran.az\/index.php?rest_route=\/wp\/v2\/posts\/11560\/revisions"}],"predecessor-version":[{"id":11564,"href":"https:\/\/veteran.az\/index.php?rest_route=\/wp\/v2\/posts\/11560\/revisions\/11564"}],"wp:attachment":[{"href":"https:\/\/veteran.az\/index.php?rest_route=%2Fwp%2Fv2%2Fmedia&parent=11560"}],"wp:term":[{"taxonomy":"category","embeddable":true,"href":"https:\/\/veteran.az\/index.php?rest_route=%2Fwp%2Fv2%2Fcategories&post=11560"},{"taxonomy":"post_tag","embeddable":true,"href":"https:\/\/veteran.az\/index.php?rest_route=%2Fwp%2Fv2%2Ftags&post=11560"}],"curies":[{"name":"wp","href":"https:\/\/api.w.org\/{rel}","templated":true}]}}