{"id":11556,"date":"2021-08-12T18:55:59","date_gmt":"2021-08-12T14:55:59","guid":{"rendered":"http:\/\/veteran.az\/?p=11556"},"modified":"2021-08-12T18:56:01","modified_gmt":"2021-08-12T14:56:01","slug":"ilham-%c9%99liyev-qarabagla-bagli-f%c9%99rman-imzaladi","status":"publish","type":"post","link":"https:\/\/veteran.az\/?p=11556","title":{"rendered":"\u0130lham \u018fliyev Qaraba\u011fla ba\u011fl\u0131 f\u0259rman imzalad\u0131"},"content":{"rendered":"\n<p><strong>Prezident \u0130lham \u018fliyev i\u015f\u011faldan azad olunmu\u015f \u0259razil\u0259rd\u0259 tikilil\u0259rin m\u00fcv\u0259qq\u0259ti reyestri haqq\u0131nda f\u0259rman imzalay\u0131b.<\/strong><\/p>\n\n\n\n<p>Bu f\u0259rmanla Nazirl\u0259r Kabinetin\u0259 iki ay m\u00fcdd\u0259tind\u0259 \u201cAz\u0259rbaycan\u00a0Respublikas\u0131n\u0131n i\u015f\u011faldan azad olunmu\u015f \u0259razil\u0259rind\u0259 m\u00fcv\u0259qq\u0259ti x\u00fcsusi idar\u0259etm\u0259nin t\u0259\u015fkili haqq\u0131nda\u201d Az\u0259rbaycan Respublikas\u0131 Prezidentinin 2020-ci il 29 oktyabr tarixli 1170 n\u00f6mr\u0259li F\u0259rman\u0131n\u0131n 7.4-c\u00fc b\u0259ndin\u0259 uy\u011fun olaraq apar\u0131lm\u0131\u015f inventarla\u015fd\u0131rman\u0131n n\u0259tic\u0259l\u0259ri \u0259sas\u0131nda i\u015f\u011faldan azad olunmu\u015f \u0259razil\u0259rd\u0259 tikilil\u0259rin m\u00f6vcud v\u0259ziyy\u0259ti v\u0259 h\u0259min tikilil\u0259rd\u0259 ba\u015f ver\u0259n d\u0259yi\u015fiklikl\u0259r bar\u0259d\u0259 m\u0259lumatlar\u0131n u\u00e7otunun apar\u0131lmas\u0131, habel\u0259 tikilil\u0259rin s\u00f6k\u00fclm\u0259si sah\u0259sind\u0259 d\u00f6vl\u0259t orqanlar\u0131n\u0131n (qurumlar\u0131n\u0131n) \u00e7evik \u0259laq\u0259l\u0259ndirilmi\u015f f\u0259aliyy\u0259tinin t\u0259min edilm\u0259si m\u0259qs\u0259dil\u0259 i\u015f\u011faldan azad olunmu\u015f \u0259razil\u0259rd\u0259 tikilil\u0259rin m\u00fcv\u0259qq\u0259ti reyestrini (bundan sonra \u2013 reyestr) yaratmas\u0131 tap\u015f\u0131r\u0131l\u0131b.<\/p>\n\n\n\n<p>1.2. Az\u0259rbaycan Respublikas\u0131 \u0130qtisadiyyat Nazirliyinin v\u0259 Az\u0259rbaycan Respublikas\u0131 D\u00f6vl\u0259t \u015e\u0259h\u0259rsalma v\u0259 Arxitektura Komit\u0259sinin t\u0259klifl\u0259ri \u0259sas\u0131nda \u201c\u0130\u015f\u011faldan azad olunmu\u015f \u0259razil\u0259rd\u0259 tikilil\u0259rin m\u00fcv\u0259qq\u0259ti reyestri haqq\u0131nda \u018fsasnam\u0259\u201dni t\u0259sdiq etsin;<\/p>\n\n\n\n<p>1.3. i\u015f\u011faldan azad olunmu\u015f \u0259razil\u0259rd\u0259 b\u0259rpa v\u0259 yenid\u0259nqurma i\u015fl\u0259rinin daha s\u0259m\u0259r\u0259li t\u0259\u015fkili m\u0259qs\u0259dil\u0259 reyestr\u0259 daxil olan tikilil\u0259rin m\u00fcvafiq \u0259razid\u0259 tikinti niyy\u0259tinin h\u0259yata ke\u00e7irilm\u0259si z\u0259rur\u0259ti il\u0259 ba\u011fl\u0131 s\u00f6k\u00fclm\u0259si qada\u011fan edil\u0259n, s\u00f6k\u00fclm\u0259sin\u0259 r\u0259y t\u0259l\u0259b olunan v\u0259 s\u00f6k\u00fclm\u0259si m\u00fcmk\u00fcn olan kateqoriyalar \u00fczr\u0259 b\u00f6lg\u00fcs\u00fcn\u00fc t\u0259sdiq etsin;<\/p>\n\n\n\n<p>1.4. bu F\u0259rmandan ir\u0259li g\u0259l\u0259n dig\u0259r m\u0259s\u0259l\u0259l\u0259ri h\u0259ll etsin.<\/p>\n\n\n\n<p>2. M\u00fc\u0259yy\u0259n edilsin ki:<\/p>\n\n\n\n<p>2.1. reyestrin t\u0259rtibini v\u0259 apar\u0131lmas\u0131n\u0131 Az\u0259rbaycan Respublikas\u0131n\u0131n D\u00f6vl\u0259t \u015e\u0259h\u0259rsalma v\u0259 Arxitektura Komit\u0259si h\u0259yata ke\u00e7irir;<\/p>\n\n\n\n<p>2.2. bu F\u0259rman\u0131n 1.3-c\u00fc b\u0259ndin\u0259 \u0259sas\u0259n s\u00f6k\u00fclm\u0259si m\u00fcmk\u00fcn olan tikilil\u0259rin s\u00f6k\u00fclm\u0259sin\u0259 bu bar\u0259d\u0259 m\u0259lumat t\u0259qdim edildikd\u0259n, dig\u0259r tikilil\u0259r\u0259 m\u00fcnasib\u0259td\u0259 is\u0259 s\u00f6k\u00fclm\u0259nin m\u0259qs\u0259duy\u011funlu\u011funa dair aidiyy\u0259ti \u00fczr\u0259 Az\u0259rbaycan Respublikas\u0131 Prezidentinin x\u00fcsusi n\u00fcmay\u0259nd\u0259sinin, Az\u0259rbaycan Respublikas\u0131 F\u00f6vq\u0259lad\u0259 Hallar Nazirliyinin, Az\u0259rbaycan Respublikas\u0131 M\u0259d\u0259niyy\u0259t Nazirliyinin, Az\u0259rbaycan Respublikas\u0131 D\u00f6vl\u0259t \u015e\u0259h\u0259rsalma v\u0259 Arxitektura Komit\u0259sinin bu F\u0259rman\u0131n 1.2-ci b\u0259ndind\u0259 n\u0259z\u0259rd\u0259 tutulan \u201c\u0130\u015f\u011faldan azad olunmu\u015f \u0259razil\u0259rd\u0259 tikilil\u0259rin m\u00fcv\u0259qq\u0259ti reyestri haqq\u0131nda \u018fsasnam\u0259\u201d il\u0259 m\u00fc\u0259yy\u0259n edil\u0259n qaydada r\u0259y verilm\u0259sind\u0259n sonra h\u0259yata ke\u00e7irilir.<\/p>\n\n\n\n<p>3. Az\u0259rbaycan Respublikas\u0131n\u0131n D\u00f6vl\u0259t \u015e\u0259h\u0259rsalma v\u0259 Arxitektura Komit\u0259si:<\/p>\n\n\n\n<p>3.1. bu F\u0259rman\u0131n 2.2-ci b\u0259ndind\u0259n ir\u0259li g\u0259l\u0259n t\u0259l\u0259bl\u0259r\u0259 riay\u0259t edilm\u0259sin\u0259 n\u0259zar\u0259ti h\u0259yata ke\u00e7irsin;<\/p>\n\n\n\n<p>3.2. bu F\u0259rmandan ir\u0259li g\u0259l\u0259n dig\u0259r m\u0259s\u0259l\u0259l\u0259ri h\u0259ll etsin.<\/p>\n","protected":false},"excerpt":{"rendered":"<p>Prezident \u0130lham \u018fliyev i\u015f\u011faldan azad olunmu\u015f \u0259razil\u0259rd\u0259 tikilil\u0259rin m\u00fcv\u0259qq\u0259ti reyestri haqq\u0131nda f\u0259rman imzalay\u0131b. Bu f\u0259rmanla&#8230;<\/p>\n","protected":false},"author":3,"featured_media":11557,"comment_status":"closed","ping_status":"closed","sticky":false,"template":"","format":"standard","meta":{"footnotes":""},"categories":[6],"tags":[],"class_list":["post-11556","post","type-post","status-publish","format-standard","has-post-thumbnail","hentry","category-cmiyyt"],"featured_image_urls":{"full":["https:\/\/veteran.az\/wp-content\/uploads\/2021\/08\/2020-12-23_190344.jpg",632,350,false],"thumbnail":["https:\/\/veteran.az\/wp-content\/uploads\/2021\/08\/2020-12-23_190344-150x150.jpg",150,150,true],"medium":["https:\/\/veteran.az\/wp-content\/uploads\/2021\/08\/2020-12-23_190344-300x166.jpg",300,166,true],"medium_large":["https:\/\/veteran.az\/wp-content\/uploads\/2021\/08\/2020-12-23_190344.jpg",632,350,false],"large":["https:\/\/veteran.az\/wp-content\/uploads\/2021\/08\/2020-12-23_190344.jpg",632,350,false],"1536x1536":["https:\/\/veteran.az\/wp-content\/uploads\/2021\/08\/2020-12-23_190344.jpg",632,350,false],"2048x2048":["https:\/\/veteran.az\/wp-content\/uploads\/2021\/08\/2020-12-23_190344.jpg",632,350,false],"covernews-slider-full":["https:\/\/veteran.az\/wp-content\/uploads\/2021\/08\/2020-12-23_190344.jpg",632,350,false],"covernews-slider-center":["https:\/\/veteran.az\/wp-content\/uploads\/2021\/08\/2020-12-23_190344.jpg",632,350,false],"covernews-featured":["https:\/\/veteran.az\/wp-content\/uploads\/2021\/08\/2020-12-23_190344.jpg",632,350,false],"covernews-medium":["https:\/\/veteran.az\/wp-content\/uploads\/2021\/08\/2020-12-23_190344.jpg",540,299,false],"covernews-medium-square":["https:\/\/veteran.az\/wp-content\/uploads\/2021\/08\/2020-12-23_190344.jpg",400,222,false]},"author_info":{"display_name":"Veteran.az","author_link":"https:\/\/veteran.az\/?author=3"},"category_info":"<a href=\"https:\/\/veteran.az\/?cat=6\" rel=\"category\">C\u0259miyy\u0259t<\/a>","tag_info":"C\u0259miyy\u0259t","comment_count":"0","_links":{"self":[{"href":"https:\/\/veteran.az\/index.php?rest_route=\/wp\/v2\/posts\/11556","targetHints":{"allow":["GET"]}}],"collection":[{"href":"https:\/\/veteran.az\/index.php?rest_route=\/wp\/v2\/posts"}],"about":[{"href":"https:\/\/veteran.az\/index.php?rest_route=\/wp\/v2\/types\/post"}],"author":[{"embeddable":true,"href":"https:\/\/veteran.az\/index.php?rest_route=\/wp\/v2\/users\/3"}],"replies":[{"embeddable":true,"href":"https:\/\/veteran.az\/index.php?rest_route=%2Fwp%2Fv2%2Fcomments&post=11556"}],"version-history":[{"count":1,"href":"https:\/\/veteran.az\/index.php?rest_route=\/wp\/v2\/posts\/11556\/revisions"}],"predecessor-version":[{"id":11558,"href":"https:\/\/veteran.az\/index.php?rest_route=\/wp\/v2\/posts\/11556\/revisions\/11558"}],"wp:featuredmedia":[{"embeddable":true,"href":"https:\/\/veteran.az\/index.php?rest_route=\/wp\/v2\/media\/11557"}],"wp:attachment":[{"href":"https:\/\/veteran.az\/index.php?rest_route=%2Fwp%2Fv2%2Fmedia&parent=11556"}],"wp:term":[{"taxonomy":"category","embeddable":true,"href":"https:\/\/veteran.az\/index.php?rest_route=%2Fwp%2Fv2%2Fcategories&post=11556"},{"taxonomy":"post_tag","embeddable":true,"href":"https:\/\/veteran.az\/index.php?rest_route=%2Fwp%2Fv2%2Ftags&post=11556"}],"curies":[{"name":"wp","href":"https:\/\/api.w.org\/{rel}","templated":true}]}}