{"id":11537,"date":"2021-08-11T11:11:51","date_gmt":"2021-08-11T07:11:51","guid":{"rendered":"http:\/\/veteran.az\/?p=11537"},"modified":"2021-08-11T11:11:52","modified_gmt":"2021-08-11T07:11:52","slug":"sabah-sad-x%c9%99b%c9%99rl%c9%99r-esid%c9%99c%c9%99yik-nazir-muavini","status":"publish","type":"post","link":"https:\/\/veteran.az\/?p=11537","title":{"rendered":"\u201cSabah \u015fad x\u0259b\u0259rl\u0259r e\u015fid\u0259c\u0259yik\u201d &#8212; Nazir m\u00fcavini"},"content":{"rendered":"\n<p><strong>Art\u0131q dem\u0259k olar ki, yan\u011f\u0131nlar n\u0259zar\u0259t alt\u0131ndad\u0131r. Sabah yan\u011f\u0131nlarla ba\u011fl\u0131 \u015fad x\u0259b\u0259rl\u0259r e\u015fid\u0259c\u0259yik.<\/strong><\/p>\n\n\n\n<p>Veteran.az Az\u0259rTAc-a istinad\u0259n x\u0259b\u0259r verir ki, bu s\u00f6zl\u0259ri Mu\u011fladak\u0131 b\u00f6hran m\u0259rk\u0259zind\u0259 ke\u00e7iril\u0259n m\u00fc\u015favir\u0259d\u0259n sonra jurnalistl\u0259r\u0259 a\u00e7\u0131qlama ver\u0259n F\u00f6vq\u0259lad\u0259 Hallar Nazirinin m\u00fcavini Etibar Mirz\u0259yev deyib.<\/p>\n\n\n\n<figure class=\"wp-block-image size-large\"><img decoding=\"async\" src=\"http:\/\/veteran.az\/wp-content\/uploads\/2021\/08\/vet.jpg\" alt=\"\" class=\"wp-image-11538\"\/><\/figure>\n\n\n\n<p>Nazir m\u00fcavini qeyd edib: &#171;Mu\u011flada b\u00f6hran m\u0259rk\u0259zind\u0259 ke\u00e7iril\u0259n 3 saata yax\u0131n m\u00fczakir\u0259 ba\u015fa \u00e7at\u0131b. Bu g\u00fcn K\u00f6yc\u0259\u011fiz v\u0259 Bodrum \u0259traf\u0131nda yan\u011f\u0131nlar ba\u015f verib. Dig\u0259r yan\u011f\u0131nlar n\u0259zar\u0259t alt\u0131ndad\u0131r. Art\u0131q dem\u0259k olar ki, K\u00f6yc\u0259\u011fizd\u0259ki yan\u011f\u0131n n\u0259zar\u0259t alt\u0131na al\u0131n\u0131b&#187;.<\/p>\n\n\n\n<p>General-leytenant avqustun 10-da olan son m\u0259lumatda bildirib ki, FHN-in 500-\u0259 yax\u0131n \u0259m\u0259kda\u015f\u0131 Yenik\u00f6y, K\u0259m\u0259rk\u00f6y, K\u00f6yc\u0259\u011fiz v\u0259 \u0130lanl\u0131 da\u011f\u0131nda xidm\u0259t apar\u0131blar. Bu \u0259razid\u0259 77-y\u0259 yax\u0131n yan\u011f\u0131ns\u00f6nd\u00fcrm\u0259 avtomobill\u0259ri xidm\u0259ti i\u015fl\u0259r g\u00f6r\u00fcbl\u0259r. Bizim \u0259m\u0259kda\u015flar\u0131m\u0131z K\u00f6yc\u0259\u011fizd\u0259 yan\u011f\u0131n oca\u011flar\u0131n\u0131n soyudulmas\u0131 i\u015fl\u0259rini g\u00f6r\u00fcbl\u0259r. T\u0259sad\u00fcf\u0259n \u0130lan da\u011f\u0131 m\u0259nt\u0259q\u0259sind\u0259 yan\u011f\u0131n ba\u015flay\u0131b. Bizim orda 30-dan art\u0131q avtomobilimiz v\u0259 150 n\u0259f\u0259r\u0259 yax\u0131n \u015f\u0259xsi hey\u0259timiz var idi. Onlar\u0131n c\u0259ld m\u00fcdaxil\u0259si n\u0259tic\u0259sind\u0259 yan\u011f\u0131n\u0131n b\u00f6y\u00fck \u0259raziy\u0259 yay\u0131lmas\u0131n\u0131n qar\u015f\u0131s\u0131 al\u0131n\u0131b. \u018fg\u0259r yan\u011f\u0131n\u0131n s\u00f6nd\u00fcr\u00fclm\u0259sind\u0259 bir az yubanma olsayd\u0131, bunun qar\u015f\u0131s\u0131n\u0131 almaq \u00e7ox \u00e7\u0259tin olacaqd\u0131&#187;.<\/p>\n\n\n\n<p>E.Mirz\u0259yev yan\u011f\u0131n\u0131n f\u0259sadlar\u0131 bar\u0259d\u0259 vur\u011fulay\u0131b:<\/p>\n\n\n\n<p>&#171;G\u00f6rd\u00fcy\u00fcn\u00fcz bu b\u00f6hran m\u0259rk\u0259zind\u0259 yan\u011f\u0131n\u0131n vurdu\u011fu f\u0259sadlar\u0131n aradan qald\u0131r\u0131lmas\u0131 il\u0259 ba\u011fl\u0131 m\u00fczakir\u0259l\u0259r apar\u0131l\u0131r. Burada k\u0259nd t\u0259s\u0259rr\u00fcfat\u0131na d\u0259y\u0259n ziyan hesablan\u0131r. Mu\u011flada \u0259sas\u0259n ar\u0131\u00e7\u0131l\u0131q v\u0259 maldarl\u0131qla m\u0259\u015f\u011ful olurlar. Bu \u0259razid\u0259 h\u0259m\u00e7inin evl\u0259r\u0259 d\u0259y\u0259n ziyanlar hesablanacaq. Bundan \u0259lav\u0259 olaraq \u015f\u0259h\u0259rd\u0259 v\u0259 rayonda olan rabit\u0259 v\u0259 kommunikasiya x\u0259tl\u0259rin\u0259 d\u0259y\u0259n ziyanlarda hesablan\u0131r&#187;.<\/p>\n\n\n\n<p>T\u00fcrkiy\u0259 xalq\u0131n\u0131n qarda\u015fl\u0131\u011f\u0131ndan dan\u0131\u015fan nazir m\u00fcavini deyib:<\/p>\n\n\n\n<p>&#171;H\u0259r birimizin g\u00f6rd\u00fcy\u00fc kimi bu \u015f\u0259h\u0259rl\u0259rd\u0259 v\u0259 rayonlarda Az\u0259rbaycan yan\u011f\u0131ns\u00f6nd\u00fcr\u0259nl\u0259rin\u0259 g\u00f6z\u0259l m\u00fcnasib\u0259t olub. Bu bizim \u00fc\u00e7\u00fcn h\u0259m\u00e7inin bir t\u0259cr\u00fcb\u0259 oldu. Biz daim T\u00fcrkiy\u0259nin yan\u0131nday\u0131q. Ya\u015fas\u0131n T\u00fcrkiy\u0259 Az\u0259rbaycan qarda\u015fl\u0131\u011f\u0131!&#187;<\/p>\n","protected":false},"excerpt":{"rendered":"<p>Art\u0131q dem\u0259k olar ki, yan\u011f\u0131nlar n\u0259zar\u0259t alt\u0131ndad\u0131r. Sabah yan\u011f\u0131nlarla ba\u011fl\u0131 \u015fad x\u0259b\u0259rl\u0259r e\u015fid\u0259c\u0259yik. Veteran.az Az\u0259rTAc-a&#8230;<\/p>\n","protected":false},"author":3,"featured_media":0,"comment_status":"closed","ping_status":"closed","sticky":false,"template":"","format":"standard","meta":{"footnotes":""},"categories":[6],"tags":[],"class_list":["post-11537","post","type-post","status-publish","format-standard","hentry","category-cmiyyt"],"featured_image_urls":{"full":"","thumbnail":"","medium":"","medium_large":"","large":"","1536x1536":"","2048x2048":"","covernews-slider-full":"","covernews-slider-center":"","covernews-featured":"","covernews-medium":"","covernews-medium-square":""},"author_info":{"display_name":"Veteran.az","author_link":"https:\/\/veteran.az\/?author=3"},"category_info":"<a href=\"https:\/\/veteran.az\/?cat=6\" rel=\"category\">C\u0259miyy\u0259t<\/a>","tag_info":"C\u0259miyy\u0259t","comment_count":"0","_links":{"self":[{"href":"https:\/\/veteran.az\/index.php?rest_route=\/wp\/v2\/posts\/11537","targetHints":{"allow":["GET"]}}],"collection":[{"href":"https:\/\/veteran.az\/index.php?rest_route=\/wp\/v2\/posts"}],"about":[{"href":"https:\/\/veteran.az\/index.php?rest_route=\/wp\/v2\/types\/post"}],"author":[{"embeddable":true,"href":"https:\/\/veteran.az\/index.php?rest_route=\/wp\/v2\/users\/3"}],"replies":[{"embeddable":true,"href":"https:\/\/veteran.az\/index.php?rest_route=%2Fwp%2Fv2%2Fcomments&post=11537"}],"version-history":[{"count":1,"href":"https:\/\/veteran.az\/index.php?rest_route=\/wp\/v2\/posts\/11537\/revisions"}],"predecessor-version":[{"id":11540,"href":"https:\/\/veteran.az\/index.php?rest_route=\/wp\/v2\/posts\/11537\/revisions\/11540"}],"wp:attachment":[{"href":"https:\/\/veteran.az\/index.php?rest_route=%2Fwp%2Fv2%2Fmedia&parent=11537"}],"wp:term":[{"taxonomy":"category","embeddable":true,"href":"https:\/\/veteran.az\/index.php?rest_route=%2Fwp%2Fv2%2Fcategories&post=11537"},{"taxonomy":"post_tag","embeddable":true,"href":"https:\/\/veteran.az\/index.php?rest_route=%2Fwp%2Fv2%2Ftags&post=11537"}],"curies":[{"name":"wp","href":"https:\/\/api.w.org\/{rel}","templated":true}]}}