{"id":11509,"date":"2021-08-10T01:00:34","date_gmt":"2021-08-09T21:00:34","guid":{"rendered":"http:\/\/veteran.az\/?p=11509"},"modified":"2021-08-10T01:00:35","modified_gmt":"2021-08-09T21:00:35","slug":"bolqaristan-prezidenti-ilham-%c9%99liyev%c9%99-z%c9%99ng-edib","status":"publish","type":"post","link":"https:\/\/veteran.az\/?p=11509","title":{"rendered":"Bolqar\u0131stan Prezidenti \u0130lham \u018fliyev\u0259 z\u0259ng edib"},"content":{"rendered":"\n<p><strong>Avqustun 9-da Bolqar\u0131stan Respublikas\u0131n\u0131n Prezidenti Rumen Radev Az\u0259rbaycan Respublikas\u0131n\u0131n Prezidenti \u0130lham \u018fliyev\u0259 telefonla z\u0259ng edib.<\/strong><\/p>\n\n\n\n<p>Bu bar\u0259d\u0259 Prezidentin M\u0259tbuat Xidm\u0259ti m\u0259lumat yay\u0131b.<\/p>\n\n\n\n<p>S\u00f6hb\u0259t zaman\u0131 Az\u0259rbaycan-Bolqar\u0131stan m\u00fcnasib\u0259tl\u0259ri, o c\u00fcml\u0259d\u0259n energetika sah\u0259sind\u0259 \u0259m\u0259kda\u015fl\u0131q v\u0259 ikit\u0259r\u0259fli \u0259laq\u0259l\u0259rin inki\u015faf perspektivl\u0259ri m\u00fczakir\u0259 edilib. \u00d6lk\u0259l\u0259rimiz aras\u0131nda t\u0259r\u0259fda\u015fl\u0131\u011f\u0131n y\u00fcks\u0259k s\u0259viyy\u0259sind\u0259n m\u0259mnunluq ifad\u0259 olunub.<\/p>\n\n\n\n<p>S\u00f6hb\u0259t \u0259snas\u0131nda Az\u0259rbaycan t\u0259bii qaz\u0131n\u0131n Bolqar\u0131stana ixrac\u0131 v\u0259 Yunan\u0131stan-Bolqar\u0131stan qaz interkonnektorunun tikintisi il\u0259 ba\u011fl\u0131 m\u0259s\u0259l\u0259l\u0259r\u0259 dair fikir m\u00fcbadil\u0259si apar\u0131l\u0131b. Prezident \u0130lham \u018fliyev bildirib ki, Az\u0259rbaycan Respublikas\u0131 Bolqar\u0131stana t\u0259kc\u0259 t\u0259bii qaz deyil, elektrik enerjisinin d\u0259 ixrac\u0131na ba\u015flay\u0131b v\u0259 bu da energetika sektorunda \u0259m\u0259kda\u015fl\u0131\u011f\u0131n geni\u015fl\u0259ndirilm\u0259si \u00fc\u00e7\u00fcn yeni imkanlar yarad\u0131r.<\/p>\n\n\n\n<p>Prezident Rumen Radev Az\u0259rbaycanda yarad\u0131lm\u0131\u015f sosial innovasiya m\u0259rk\u0259zl\u0259rinin \u0259h\u0259miyy\u0259tini vur\u011fulayaraq bu sah\u0259d\u0259 \u00f6lk\u0259mizin t\u0259cr\u00fcb\u0259sin\u0259 maraq ifad\u0259 edib.<\/p>\n\n\n\n<p>Bolqar\u0131stan\u0131n d\u00f6vl\u0259t ba\u015f\u00e7\u0131s\u0131 Az\u0259rbaycan Prezidentini \u00f6lk\u0259sin\u0259 s\u0259f\u0259r\u0259 d\u0259v\u0259t edib. Prezident \u0130lham \u018fliyev d\u0259v\u0259t\u0259 g\u00f6r\u0259 minn\u0259tdarl\u0131q ifad\u0259 ed\u0259r\u0259k, bu s\u0259f\u0259rin m\u00fcnasib vaxtda h\u0259yata ke\u00e7iril\u0259c\u0259yini bildirib.<\/p>\n","protected":false},"excerpt":{"rendered":"<p>Avqustun 9-da Bolqar\u0131stan Respublikas\u0131n\u0131n Prezidenti Rumen Radev Az\u0259rbaycan Respublikas\u0131n\u0131n Prezidenti \u0130lham \u018fliyev\u0259 telefonla z\u0259ng edib&#8230;.<\/p>\n","protected":false},"author":3,"featured_media":11510,"comment_status":"closed","ping_status":"closed","sticky":false,"template":"","format":"standard","meta":{"footnotes":""},"categories":[6],"tags":[],"class_list":["post-11509","post","type-post","status-publish","format-standard","has-post-thumbnail","hentry","category-cmiyyt"],"featured_image_urls":{"full":["https:\/\/veteran.az\/wp-content\/uploads\/2021\/08\/d6ac71ad81e23dd49971a82fbeff9821850.jpg",800,498,false],"thumbnail":["https:\/\/veteran.az\/wp-content\/uploads\/2021\/08\/d6ac71ad81e23dd49971a82fbeff9821850-150x150.jpg",150,150,true],"medium":["https:\/\/veteran.az\/wp-content\/uploads\/2021\/08\/d6ac71ad81e23dd49971a82fbeff9821850-300x187.jpg",300,187,true],"medium_large":["https:\/\/veteran.az\/wp-content\/uploads\/2021\/08\/d6ac71ad81e23dd49971a82fbeff9821850-768x478.jpg",640,398,true],"large":["https:\/\/veteran.az\/wp-content\/uploads\/2021\/08\/d6ac71ad81e23dd49971a82fbeff9821850.jpg",640,398,false],"1536x1536":["https:\/\/veteran.az\/wp-content\/uploads\/2021\/08\/d6ac71ad81e23dd49971a82fbeff9821850.jpg",800,498,false],"2048x2048":["https:\/\/veteran.az\/wp-content\/uploads\/2021\/08\/d6ac71ad81e23dd49971a82fbeff9821850.jpg",800,498,false],"covernews-slider-full":["https:\/\/veteran.az\/wp-content\/uploads\/2021\/08\/d6ac71ad81e23dd49971a82fbeff9821850.jpg",800,498,false],"covernews-slider-center":["https:\/\/veteran.az\/wp-content\/uploads\/2021\/08\/d6ac71ad81e23dd49971a82fbeff9821850.jpg",800,498,false],"covernews-featured":["https:\/\/veteran.az\/wp-content\/uploads\/2021\/08\/d6ac71ad81e23dd49971a82fbeff9821850.jpg",800,498,false],"covernews-medium":["https:\/\/veteran.az\/wp-content\/uploads\/2021\/08\/d6ac71ad81e23dd49971a82fbeff9821850-720x380.jpg",540,285,true],"covernews-medium-square":["https:\/\/veteran.az\/wp-content\/uploads\/2021\/08\/d6ac71ad81e23dd49971a82fbeff9821850-675x450.jpg",375,250,true]},"author_info":{"display_name":"Veteran.az","author_link":"https:\/\/veteran.az\/?author=3"},"category_info":"<a href=\"https:\/\/veteran.az\/?cat=6\" rel=\"category\">C\u0259miyy\u0259t<\/a>","tag_info":"C\u0259miyy\u0259t","comment_count":"0","_links":{"self":[{"href":"https:\/\/veteran.az\/index.php?rest_route=\/wp\/v2\/posts\/11509","targetHints":{"allow":["GET"]}}],"collection":[{"href":"https:\/\/veteran.az\/index.php?rest_route=\/wp\/v2\/posts"}],"about":[{"href":"https:\/\/veteran.az\/index.php?rest_route=\/wp\/v2\/types\/post"}],"author":[{"embeddable":true,"href":"https:\/\/veteran.az\/index.php?rest_route=\/wp\/v2\/users\/3"}],"replies":[{"embeddable":true,"href":"https:\/\/veteran.az\/index.php?rest_route=%2Fwp%2Fv2%2Fcomments&post=11509"}],"version-history":[{"count":1,"href":"https:\/\/veteran.az\/index.php?rest_route=\/wp\/v2\/posts\/11509\/revisions"}],"predecessor-version":[{"id":11511,"href":"https:\/\/veteran.az\/index.php?rest_route=\/wp\/v2\/posts\/11509\/revisions\/11511"}],"wp:featuredmedia":[{"embeddable":true,"href":"https:\/\/veteran.az\/index.php?rest_route=\/wp\/v2\/media\/11510"}],"wp:attachment":[{"href":"https:\/\/veteran.az\/index.php?rest_route=%2Fwp%2Fv2%2Fmedia&parent=11509"}],"wp:term":[{"taxonomy":"category","embeddable":true,"href":"https:\/\/veteran.az\/index.php?rest_route=%2Fwp%2Fv2%2Fcategories&post=11509"},{"taxonomy":"post_tag","embeddable":true,"href":"https:\/\/veteran.az\/index.php?rest_route=%2Fwp%2Fv2%2Ftags&post=11509"}],"curies":[{"name":"wp","href":"https:\/\/api.w.org\/{rel}","templated":true}]}}