{"id":11416,"date":"2021-08-05T01:57:51","date_gmt":"2021-08-04T21:57:51","guid":{"rendered":"http:\/\/veteran.az\/?p=11416"},"modified":"2021-08-05T01:57:52","modified_gmt":"2021-08-04T21:57:52","slug":"%c9%99rdogan-mes%c9%99-yanginlarinda-terror-izini-t%c9%99sdiql%c9%99di","status":"publish","type":"post","link":"https:\/\/veteran.az\/?p=11416","title":{"rendered":"\u018frdo\u011fan me\u015f\u0259 yan\u011f\u0131nlar\u0131nda terror izini t\u0259sdiql\u0259di"},"content":{"rendered":"\n<p><strong>T\u00fcrkiy\u0259 Prezidenti R\u0259c\u0259b Tayyib \u018frdo\u011fan me\u015f\u0259 yan\u011f\u0131nlar\u0131 il\u0259 ba\u011fl\u0131 a\u00e7\u0131qlama verib.<\/strong><\/p>\n\n\n\n<p>\u018frdo\u011fan yerli televiziyalara m\u00fcsahib\u0259sind\u0259 yan\u011f\u0131nlarda terror izin\u0259 rastland\u0131\u011f\u0131n\u0131, saxlan\u0131lan \u015f\u0259xsl\u0259rin ail\u0259l\u0259rinin PKK ba\u011flant\u0131lar\u0131n\u0131n oldu\u011funu bildirib:<\/p>\n\n\n\n<p>\u201cPolis m\u0259s\u0259l\u0259 il\u0259 \u0259laq\u0259dar ara\u015fd\u0131rmalar\u0131na davam edir. Bu narahatl\u0131\u011f\u0131 \u0259n ba\u015f\u0131ndan b\u0259ri ya\u015fad\u0131q. Bunun alt\u0131ndna n\u0259l\u0259rs\u0259 \u00e7\u0131xs\u0131. Tutulanlar\u0131n ail\u0259l\u0259rinin PKK il\u0259 \u0259laq\u0259l\u0259rinin oldu\u011funu m\u00fc\u0259yy\u0259n etdik. B\u00fct\u00fcn polis t\u0259\u015fkilat\u0131m\u0131z v\u0259 k\u0259\u015ffiyyat\u0131m\u0131z bunu ara\u015fd\u0131r\u0131r. Bizim ciy\u0259rl\u0259rimiz yan\u0131r. Ciy\u0259rimizi yand\u0131ran\u0131n ciy\u0259rini yand\u0131raca\u011f\u0131q. Burada canl\u0131lar yand\u0131.<\/p>\n\n\n\n<p>Ortada bir cinay\u0259t var. Bir t\u0259r\u0259fd\u0259n t\u0259l\u0259fat oldu, bir d\u0259 o me\u015f\u0259l\u0259r x\u00fcsusil\u0259 ar\u0131lar\u0131m\u0131z\u0131n \u0259n \u00e7ox m\u0259hsul verdiyi yerl\u0259rdir. Marmaris bu m\u00f6vzuda m\u0259\u015fhurdur. Bunlar\u0131 bir k\u0259nara qoyma\u011f\u0131m\u0131z m\u00fcmk\u00fcn deyil. Yan\u011f\u0131nlarla ba\u011fl\u0131 h\u0259r c\u00fcr x\u0259b\u0259r, s\u0259n\u0259d v\u0259 m\u0259lumat k\u0259\u015ffiyyat\u0131m\u0131z t\u0259r\u0259find\u0259n diqq\u0259tl\u0259 inc\u0259l\u0259nir. Davam ed\u0259n ara\u015fd\u0131rmalar\u0131n n\u0259tic\u0259l\u0259rini ictimaiyy\u0259tl\u0259 payla\u015faca\u011f\u0131q\u201d.<\/p>\n","protected":false},"excerpt":{"rendered":"<p>T\u00fcrkiy\u0259 Prezidenti R\u0259c\u0259b Tayyib \u018frdo\u011fan me\u015f\u0259 yan\u011f\u0131nlar\u0131 il\u0259 ba\u011fl\u0131 a\u00e7\u0131qlama verib. \u018frdo\u011fan yerli televiziyalara m\u00fcsahib\u0259sind\u0259&#8230;<\/p>\n","protected":false},"author":3,"featured_media":11417,"comment_status":"closed","ping_status":"closed","sticky":false,"template":"","format":"standard","meta":{"footnotes":""},"categories":[6],"tags":[],"class_list":["post-11416","post","type-post","status-publish","format-standard","has-post-thumbnail","hentry","category-cmiyyt"],"featured_image_urls":{"full":["https:\/\/veteran.az\/wp-content\/uploads\/2021\/08\/erdogan.jpg",637,400,false],"thumbnail":["https:\/\/veteran.az\/wp-content\/uploads\/2021\/08\/erdogan-150x150.jpg",150,150,true],"medium":["https:\/\/veteran.az\/wp-content\/uploads\/2021\/08\/erdogan-300x188.jpg",300,188,true],"medium_large":["https:\/\/veteran.az\/wp-content\/uploads\/2021\/08\/erdogan.jpg",637,400,false],"large":["https:\/\/veteran.az\/wp-content\/uploads\/2021\/08\/erdogan.jpg",637,400,false],"1536x1536":["https:\/\/veteran.az\/wp-content\/uploads\/2021\/08\/erdogan.jpg",637,400,false],"2048x2048":["https:\/\/veteran.az\/wp-content\/uploads\/2021\/08\/erdogan.jpg",637,400,false],"covernews-slider-full":["https:\/\/veteran.az\/wp-content\/uploads\/2021\/08\/erdogan.jpg",637,400,false],"covernews-slider-center":["https:\/\/veteran.az\/wp-content\/uploads\/2021\/08\/erdogan.jpg",637,400,false],"covernews-featured":["https:\/\/veteran.az\/wp-content\/uploads\/2021\/08\/erdogan.jpg",637,400,false],"covernews-medium":["https:\/\/veteran.az\/wp-content\/uploads\/2021\/08\/erdogan-637x380.jpg",540,322,true],"covernews-medium-square":["https:\/\/veteran.az\/wp-content\/uploads\/2021\/08\/erdogan.jpg",398,250,false]},"author_info":{"display_name":"Veteran.az","author_link":"https:\/\/veteran.az\/?author=3"},"category_info":"<a href=\"https:\/\/veteran.az\/?cat=6\" rel=\"category\">C\u0259miyy\u0259t<\/a>","tag_info":"C\u0259miyy\u0259t","comment_count":"0","_links":{"self":[{"href":"https:\/\/veteran.az\/index.php?rest_route=\/wp\/v2\/posts\/11416","targetHints":{"allow":["GET"]}}],"collection":[{"href":"https:\/\/veteran.az\/index.php?rest_route=\/wp\/v2\/posts"}],"about":[{"href":"https:\/\/veteran.az\/index.php?rest_route=\/wp\/v2\/types\/post"}],"author":[{"embeddable":true,"href":"https:\/\/veteran.az\/index.php?rest_route=\/wp\/v2\/users\/3"}],"replies":[{"embeddable":true,"href":"https:\/\/veteran.az\/index.php?rest_route=%2Fwp%2Fv2%2Fcomments&post=11416"}],"version-history":[{"count":1,"href":"https:\/\/veteran.az\/index.php?rest_route=\/wp\/v2\/posts\/11416\/revisions"}],"predecessor-version":[{"id":11418,"href":"https:\/\/veteran.az\/index.php?rest_route=\/wp\/v2\/posts\/11416\/revisions\/11418"}],"wp:featuredmedia":[{"embeddable":true,"href":"https:\/\/veteran.az\/index.php?rest_route=\/wp\/v2\/media\/11417"}],"wp:attachment":[{"href":"https:\/\/veteran.az\/index.php?rest_route=%2Fwp%2Fv2%2Fmedia&parent=11416"}],"wp:term":[{"taxonomy":"category","embeddable":true,"href":"https:\/\/veteran.az\/index.php?rest_route=%2Fwp%2Fv2%2Fcategories&post=11416"},{"taxonomy":"post_tag","embeddable":true,"href":"https:\/\/veteran.az\/index.php?rest_route=%2Fwp%2Fv2%2Ftags&post=11416"}],"curies":[{"name":"wp","href":"https:\/\/api.w.org\/{rel}","templated":true}]}}