{"id":11387,"date":"2021-08-03T17:48:05","date_gmt":"2021-08-03T13:48:05","guid":{"rendered":"http:\/\/veteran.az\/?p=11387"},"modified":"2021-08-03T17:48:06","modified_gmt":"2021-08-03T13:48:06","slug":"vilay%c9%99t-eyvazov-qazi-v%c9%99-s%c9%99hid-ovladlarini-isl%c9%99-t%c9%99min-etdi","status":"publish","type":"post","link":"https:\/\/veteran.az\/?p=11387","title":{"rendered":"Vilay\u0259t Eyvazov qazi v\u0259 \u015f\u0259hid \u00f6vladlar\u0131n\u0131 i\u015fl\u0259 t\u0259min etdi"},"content":{"rendered":"\n<p><strong>Avqustun 3-d\u0259 daxili i\u015fl\u0259r naziri general-polkovnik Vilay\u0259t Eyvazov respublikan\u0131n \u015f\u0259h\u0259r, rayon polis orqanlar\u0131nda v\u0259 \u018flahidd\u0259 \u00c7evik Polis Alay\u0131nda vakant olan s\u0131ravi v\u0259 ki\u00e7ik r\u0259is hey\u0259ti v\u0259zif\u0259l\u0259rind\u0259 xidm\u0259t etm\u0259k arzusunda olan g\u0259ncl\u0259rin s\u0131ra bax\u0131\u015f\u0131n\u0131 ke\u00e7irib.<\/strong><\/p>\n\n\n\n<p>Nazir ayr\u0131-ayr\u0131l\u0131qda h\u0259r bir g\u0259ncin zahiri g\u00f6rk\u0259mi, fiziki haz\u0131rl\u0131\u011f\u0131n\u0131n v\u0259ziyy\u0259ti, \u00fcmumi bilik s\u0259viyy\u0259si v\u0259 d\u00fcnyag\u00f6r\u00fc\u015f\u00fc il\u0259 maraqlan\u0131b.<\/p>\n\n\n\n<p>K\u00fctl\u0259vi informasiya vasit\u0259l\u0259rind\u0259, o c\u00fcml\u0259d\u0259n Nazirliyin r\u0259smi sayt\u0131nda v\u0259 sosial \u015f\u0259b\u0259k\u0259l\u0259rd\u0259ki s\u0259hif\u0259l\u0259rind\u0259 \u0259vv\u0259lc\u0259d\u0259n verilmi\u015f elana uy\u011fun olaraq, Nazirliy\u0259 onlayn qaydada m\u00fcraci\u0259t etmi\u015f iddia\u00e7\u0131lardan daha haz\u0131rl\u0131ql\u0131 olan 194 n\u0259f\u0259r se\u00e7im turunun n\u00f6vb\u0259ti m\u0259rh\u0259l\u0259sin\u0259 burax\u0131l\u0131b.<\/p>\n\n\n\n<figure class=\"wp-block-image size-large is-resized\"><img loading=\"lazy\" decoding=\"async\" src=\"http:\/\/veteran.az\/wp-content\/uploads\/2021\/08\/FB_IMG_1627995985838.jpg\" alt=\"\" class=\"wp-image-11388\" width=\"579\" height=\"374\"\/><\/figure>\n\n\n\n<p>Qeyd ed\u0259k ki, onlardan 62 n\u0259f\u0259ri torpaqlar\u0131m\u0131z\u0131n i\u015f\u011faldan azad edilm\u0259si u\u011frunda ged\u0259n d\u00f6y\u00fc\u015fl\u0259rd\u0259 i\u015ftirak etmi\u015f g\u0259ncl\u0259r, 4 n\u0259f\u0259ri is\u0259 \u015f\u0259hid ail\u0259l\u0259rinin \u00fczvl\u0259ri olub.<\/p>\n\n\n\n<p>G\u0259ncl\u0259r qar\u015f\u0131s\u0131nda \u00e7\u0131x\u0131\u015f ed\u0259n nazir V.Eyvazov Az\u0259rbaycan Respublikas\u0131n\u0131n Prezidenti, Silahl\u0131 Q\u00fcvv\u0259l\u0259rin Ali Ba\u015f Komandan\u0131 c\u0259nab \u0130lham \u018fliyevin \u00f6lk\u0259mizin h\u0259rt\u0259r\u0259fli inki\u015faf\u0131nda, h\u0259m\u00e7inin V\u0259t\u0259n M\u00fcharib\u0259sind\u0259 g\u0259ncl\u0259rimizin b\u00f6y\u00fck rolu oldu\u011funu, \u00f6lk\u0259mizin \u00fcmumi inki\u015faf\u0131na b\u00f6y\u00fck t\u00f6hf\u0259 verdikl\u0259rini vur\u011fulay\u0131b. O, daxili i\u015fl\u0259r orqanlar\u0131nda xidm\u0259t\u0259 q\u0259bul edil\u0259c\u0259k g\u0259ncl\u0259r\u0259 f\u0259aliyy\u0259tl\u0259rind\u0259 u\u011furlar arzulay\u0131b v\u0259 t\u00f6vsiy\u0259l\u0259rini verib.<\/p>\n","protected":false},"excerpt":{"rendered":"<p>Avqustun 3-d\u0259 daxili i\u015fl\u0259r naziri general-polkovnik Vilay\u0259t Eyvazov respublikan\u0131n \u015f\u0259h\u0259r, rayon polis orqanlar\u0131nda v\u0259 \u018flahidd\u0259&#8230;<\/p>\n","protected":false},"author":3,"featured_media":11389,"comment_status":"closed","ping_status":"closed","sticky":false,"template":"","format":"standard","meta":{"footnotes":""},"categories":[6],"tags":[],"class_list":["post-11387","post","type-post","status-publish","format-standard","has-post-thumbnail","hentry","category-cmiyyt"],"featured_image_urls":{"full":["https:\/\/veteran.az\/wp-content\/uploads\/2021\/08\/1566902046_vilayet.jpg",750,375,false],"thumbnail":["https:\/\/veteran.az\/wp-content\/uploads\/2021\/08\/1566902046_vilayet-150x150.jpg",150,150,true],"medium":["https:\/\/veteran.az\/wp-content\/uploads\/2021\/08\/1566902046_vilayet-300x150.jpg",300,150,true],"medium_large":["https:\/\/veteran.az\/wp-content\/uploads\/2021\/08\/1566902046_vilayet.jpg",640,320,false],"large":["https:\/\/veteran.az\/wp-content\/uploads\/2021\/08\/1566902046_vilayet.jpg",640,320,false],"1536x1536":["https:\/\/veteran.az\/wp-content\/uploads\/2021\/08\/1566902046_vilayet.jpg",750,375,false],"2048x2048":["https:\/\/veteran.az\/wp-content\/uploads\/2021\/08\/1566902046_vilayet.jpg",750,375,false],"covernews-slider-full":["https:\/\/veteran.az\/wp-content\/uploads\/2021\/08\/1566902046_vilayet.jpg",750,375,false],"covernews-slider-center":["https:\/\/veteran.az\/wp-content\/uploads\/2021\/08\/1566902046_vilayet.jpg",750,375,false],"covernews-featured":["https:\/\/veteran.az\/wp-content\/uploads\/2021\/08\/1566902046_vilayet.jpg",750,375,false],"covernews-medium":["https:\/\/veteran.az\/wp-content\/uploads\/2021\/08\/1566902046_vilayet-720x375.jpg",540,281,true],"covernews-medium-square":["https:\/\/veteran.az\/wp-content\/uploads\/2021\/08\/1566902046_vilayet-675x375.jpg",400,222,true]},"author_info":{"display_name":"Veteran.az","author_link":"https:\/\/veteran.az\/?author=3"},"category_info":"<a href=\"https:\/\/veteran.az\/?cat=6\" rel=\"category\">C\u0259miyy\u0259t<\/a>","tag_info":"C\u0259miyy\u0259t","comment_count":"0","_links":{"self":[{"href":"https:\/\/veteran.az\/index.php?rest_route=\/wp\/v2\/posts\/11387","targetHints":{"allow":["GET"]}}],"collection":[{"href":"https:\/\/veteran.az\/index.php?rest_route=\/wp\/v2\/posts"}],"about":[{"href":"https:\/\/veteran.az\/index.php?rest_route=\/wp\/v2\/types\/post"}],"author":[{"embeddable":true,"href":"https:\/\/veteran.az\/index.php?rest_route=\/wp\/v2\/users\/3"}],"replies":[{"embeddable":true,"href":"https:\/\/veteran.az\/index.php?rest_route=%2Fwp%2Fv2%2Fcomments&post=11387"}],"version-history":[{"count":1,"href":"https:\/\/veteran.az\/index.php?rest_route=\/wp\/v2\/posts\/11387\/revisions"}],"predecessor-version":[{"id":11390,"href":"https:\/\/veteran.az\/index.php?rest_route=\/wp\/v2\/posts\/11387\/revisions\/11390"}],"wp:featuredmedia":[{"embeddable":true,"href":"https:\/\/veteran.az\/index.php?rest_route=\/wp\/v2\/media\/11389"}],"wp:attachment":[{"href":"https:\/\/veteran.az\/index.php?rest_route=%2Fwp%2Fv2%2Fmedia&parent=11387"}],"wp:term":[{"taxonomy":"category","embeddable":true,"href":"https:\/\/veteran.az\/index.php?rest_route=%2Fwp%2Fv2%2Fcategories&post=11387"},{"taxonomy":"post_tag","embeddable":true,"href":"https:\/\/veteran.az\/index.php?rest_route=%2Fwp%2Fv2%2Ftags&post=11387"}],"curies":[{"name":"wp","href":"https:\/\/api.w.org\/{rel}","templated":true}]}}