{"id":11326,"date":"2021-08-01T01:22:03","date_gmt":"2021-07-31T21:22:03","guid":{"rendered":"http:\/\/veteran.az\/?p=11326"},"modified":"2021-08-01T01:22:04","modified_gmt":"2021-07-31T21:22:04","slug":"fhn-turkiy%c9%99y%c9%99-%c9%99lav%c9%99-olaraq-1-helikopter-53-texnika-220-yanginsondur%c9%99n-gond%c9%99rib","status":"publish","type":"post","link":"https:\/\/veteran.az\/?p=11326","title":{"rendered":"FHN T\u00fcrkiy\u0259y\u0259 \u0259lav\u0259 olaraq 1 helikopter, 53 texnika, 220 yan\u011f\u0131ns\u00f6nd\u00fcr\u0259n g\u00f6nd\u0259rib"},"content":{"rendered":"\n<p><strong>T\u00fcrkiy\u0259d\u0259 me\u015f\u0259 yan\u011f\u0131nlar\u0131n\u0131n s\u00f6nd\u00fcr\u00fclm\u0259si v\u0259 daha geni\u015f miqyasda yay\u0131lmas\u0131n\u0131n qar\u015f\u0131s\u0131n\u0131n al\u0131nmas\u0131 m\u0259qs\u0259dil\u0259 Az\u0259rbaycan Prezidenti \u0130lham \u018fliyevin tap\u015f\u0131r\u0131\u011f\u0131na uy\u011fun olaraq, F\u00f6vq\u0259lad\u0259 Hallar Nazirliyinin (FHN) m\u00fcvafiq yan\u011f\u0131n-xilasetm\u0259 q\u00fcvv\u0259l\u0259rinin n\u00f6vb\u0259ti qrupu iyulun 31-d\u0259 qarda\u015f \u00f6lk\u0259y\u0259 yola sal\u0131n\u0131b.<br><br><\/strong>Yan\u011f\u0131n-xilasetm\u0259 qrupuna 1 helikopter, 53 \u0259d\u0259d yan\u011f\u0131ns\u00f6nd\u00fcrm\u0259 v\u0259 x\u00fcsusi t\u0259yinatl\u0131 xilasetm\u0259 texnikas\u0131, 220 n\u0259f\u0259r yan\u011f\u0131ns\u00f6nd\u00fcr\u0259n v\u0259 xilasedici daxildir.<\/p>\n\n\n\n<p>Qrupu f\u00f6vq\u0259lad\u0259 hallar nazirinin m\u00fcavini general-leytenant Etibar Mirz\u0259yev yola sal\u0131b v\u0259 m\u00fcvafiq tap\u015f\u0131r\u0131qlar verib.<\/p>\n\n\n\n<p>Nazir m\u00fcavini jurnalistl\u0259r\u0259 m\u00fcsahib\u0259sind\u0259 T\u00fcrkiy\u0259d\u0259 yan\u011f\u0131nlar\u0131n s\u00f6nd\u00fcr\u00fclm\u0259sinin m\u00fcr\u0259kk\u0259bliyini qeyd edib.&nbsp;<\/p>\n\n\n\n<p>Bildirib ki, az\u0259rbaycanl\u0131 v\u0259 t\u00fcrkiy\u0259li m\u00fct\u0259x\u0259ssisl\u0259r yan\u011f\u0131n\u0131n lokalla\u015fd\u0131r\u0131lmas\u0131 v\u0259 qar\u015f\u0131s\u0131n\u0131n al\u0131nmas\u0131 \u00fc\u00e7\u00fcn birlikd\u0259 f\u0259dakarl\u0131qla \u00e7al\u0131\u015f\u0131rlar. Qrup G\u00fcrc\u00fcstandan ke\u00e7m\u0259kl\u0259 iki sutka \u0259rzind\u0259 Marmaris\u0259 \u00e7atacaq v\u0259 birinci qrupun \u00fczvl\u0259rin\u0259 qo\u015fularaq yan\u011f\u0131nlar\u0131n s\u00f6nd\u00fcr\u00fclm\u0259sind\u0259 i\u015ftirak ed\u0259c\u0259k.<\/p>\n\n\n\n<p>Xat\u0131rladaq ki, Az\u0259rbaycan Respublikas\u0131 Prezidentinin tap\u015f\u0131r\u0131\u011f\u0131na \u0259sas\u0259n, FHN-in yan\u011f\u0131ns\u00f6nd\u00fcrm\u0259 q\u00fcvv\u0259l\u0259rinin 100 \u0259m\u0259kda\u015f\u0131ndan ibar\u0259t birinci qrup \u00f6t\u0259n g\u00fcn T\u00fcrkiy\u0259y\u0259 yola d\u00fc\u015f\u00fcb.&nbsp;<\/p>\n\n\n\n<p>Yan\u011f\u0131ns\u00f6nd\u00fcr\u0259nl\u0259rimiz iki qrupa ayr\u0131laraq haz\u0131rda Marmaris b\u00f6lg\u0259sind\u0259 yan\u011f\u0131nlar\u0131n s\u00f6nd\u00fcr\u00fclm\u0259sind\u0259 f\u0259dakarl\u0131qla \u00e7al\u0131\u015f\u0131rlar. X\u00fcsusil\u0259 havan\u0131n y\u00fcks\u0259k temperaturunun h\u00f6km s\u00fcrd\u00fcy\u00fc m\u00fcr\u0259kk\u0259b relyefli da\u011fl\u0131q \u0259razid\u0259 yan\u011f\u0131ns\u00f6nd\u00fcr\u0259nl\u0259rimiz m\u0259tinlikl\u0259 m\u00fcbariz\u0259 apar\u0131rlar.<\/p>\n","protected":false},"excerpt":{"rendered":"<p>T\u00fcrkiy\u0259d\u0259 me\u015f\u0259 yan\u011f\u0131nlar\u0131n\u0131n s\u00f6nd\u00fcr\u00fclm\u0259si v\u0259 daha geni\u015f miqyasda yay\u0131lmas\u0131n\u0131n qar\u015f\u0131s\u0131n\u0131n al\u0131nmas\u0131 m\u0259qs\u0259dil\u0259 Az\u0259rbaycan Prezidenti \u0130lham&#8230;<\/p>\n","protected":false},"author":3,"featured_media":11327,"comment_status":"closed","ping_status":"closed","sticky":false,"template":"","format":"standard","meta":{"footnotes":""},"categories":[6],"tags":[],"class_list":["post-11326","post","type-post","status-publish","format-standard","has-post-thumbnail","hentry","category-cmiyyt"],"featured_image_urls":{"full":["https:\/\/veteran.az\/wp-content\/uploads\/2021\/08\/1627746326_turk-yangin.jpg",800,450,false],"thumbnail":["https:\/\/veteran.az\/wp-content\/uploads\/2021\/08\/1627746326_turk-yangin-150x150.jpg",150,150,true],"medium":["https:\/\/veteran.az\/wp-content\/uploads\/2021\/08\/1627746326_turk-yangin-300x169.jpg",300,169,true],"medium_large":["https:\/\/veteran.az\/wp-content\/uploads\/2021\/08\/1627746326_turk-yangin-768x432.jpg",640,360,true],"large":["https:\/\/veteran.az\/wp-content\/uploads\/2021\/08\/1627746326_turk-yangin.jpg",640,360,false],"1536x1536":["https:\/\/veteran.az\/wp-content\/uploads\/2021\/08\/1627746326_turk-yangin.jpg",800,450,false],"2048x2048":["https:\/\/veteran.az\/wp-content\/uploads\/2021\/08\/1627746326_turk-yangin.jpg",800,450,false],"covernews-slider-full":["https:\/\/veteran.az\/wp-content\/uploads\/2021\/08\/1627746326_turk-yangin.jpg",800,450,false],"covernews-slider-center":["https:\/\/veteran.az\/wp-content\/uploads\/2021\/08\/1627746326_turk-yangin.jpg",800,450,false],"covernews-featured":["https:\/\/veteran.az\/wp-content\/uploads\/2021\/08\/1627746326_turk-yangin.jpg",800,450,false],"covernews-medium":["https:\/\/veteran.az\/wp-content\/uploads\/2021\/08\/1627746326_turk-yangin-720x380.jpg",540,285,true],"covernews-medium-square":["https:\/\/veteran.az\/wp-content\/uploads\/2021\/08\/1627746326_turk-yangin-675x450.jpg",375,250,true]},"author_info":{"display_name":"Veteran.az","author_link":"https:\/\/veteran.az\/?author=3"},"category_info":"<a href=\"https:\/\/veteran.az\/?cat=6\" rel=\"category\">C\u0259miyy\u0259t<\/a>","tag_info":"C\u0259miyy\u0259t","comment_count":"0","_links":{"self":[{"href":"https:\/\/veteran.az\/index.php?rest_route=\/wp\/v2\/posts\/11326","targetHints":{"allow":["GET"]}}],"collection":[{"href":"https:\/\/veteran.az\/index.php?rest_route=\/wp\/v2\/posts"}],"about":[{"href":"https:\/\/veteran.az\/index.php?rest_route=\/wp\/v2\/types\/post"}],"author":[{"embeddable":true,"href":"https:\/\/veteran.az\/index.php?rest_route=\/wp\/v2\/users\/3"}],"replies":[{"embeddable":true,"href":"https:\/\/veteran.az\/index.php?rest_route=%2Fwp%2Fv2%2Fcomments&post=11326"}],"version-history":[{"count":1,"href":"https:\/\/veteran.az\/index.php?rest_route=\/wp\/v2\/posts\/11326\/revisions"}],"predecessor-version":[{"id":11328,"href":"https:\/\/veteran.az\/index.php?rest_route=\/wp\/v2\/posts\/11326\/revisions\/11328"}],"wp:featuredmedia":[{"embeddable":true,"href":"https:\/\/veteran.az\/index.php?rest_route=\/wp\/v2\/media\/11327"}],"wp:attachment":[{"href":"https:\/\/veteran.az\/index.php?rest_route=%2Fwp%2Fv2%2Fmedia&parent=11326"}],"wp:term":[{"taxonomy":"category","embeddable":true,"href":"https:\/\/veteran.az\/index.php?rest_route=%2Fwp%2Fv2%2Fcategories&post=11326"},{"taxonomy":"post_tag","embeddable":true,"href":"https:\/\/veteran.az\/index.php?rest_route=%2Fwp%2Fv2%2Ftags&post=11326"}],"curies":[{"name":"wp","href":"https:\/\/api.w.org\/{rel}","templated":true}]}}