{"id":1130,"date":"2019-08-08T03:56:37","date_gmt":"2019-08-07T23:56:37","guid":{"rendered":"http:\/\/veteran.az\/?p=1130"},"modified":"2019-08-08T03:56:40","modified_gmt":"2019-08-07T23:56:40","slug":"bayragimiza-t%c9%99rs-baxanlar-onlar-niy%c9%99-c%c9%99zalandirilmir","status":"publish","type":"post","link":"https:\/\/veteran.az\/?p=1130","title":{"rendered":"Bayra\u011f\u0131m\u0131za t\u0259rs baxanlar &#8212; onlar niy\u0259 c\u0259zaland\u0131r\u0131lm\u0131r?"},"content":{"rendered":"\n<p><strong>Veteran.az<\/strong> x\u0259b\u0259r verir ki, T\u00fcrkiy\u0259nin Ordu \u015f\u0259h\u0259rind\u0259 Az\u0259rbaycan, G\u00fcrc\u00fcstan v\u0259 T\u00fcrkiy\u0259nin k\u0259nd t\u0259s\u0259rr\u00fcfat\u0131 nazirl\u0259rinin i\u015ftirak\u0131 il\u0259 t\u0259dbir ke\u00e7irilib.<\/p>\n\n\n\n<p>T\u0259dbird\u0259 diqq\u0259t\u00e7\u0259k\u0259n hadis\u0259 ya\u015fan\u0131b. Bel\u0259 ki, masa \u00fcz\u0259rind\u0259 Az\u0259rbaycan bayra\u011f\u0131n\u0131n t\u0259rsin\u0259 qoyuldu\u011funu g\u00f6r\u0259n K\u0259nd T\u0259s\u0259rr\u00fcfat\u0131 naziri \u0130nam K\u0259rimov d\u0259rhal m\u00fcdaxil\u0259 edib v\u0259 bayra\u011f\u0131m\u0131z\u0131 d\u00fcz\u0259ldib.<\/p>\n\n\n\n<p>Nazirin bu add\u0131m\u0131 diqq\u0259td\u0259n yay\u0131nmay\u0131b v\u0259 sosial \u015f\u0259b\u0259k\u0259l\u0259rd\u0259 t\u0259qdir olunub. H\u0259qiq\u0259t\u0259n d\u0259 nazir \u0130. K\u0259rimovun bu add\u0131m\u0131 t\u0259qdir\u0259 layiq olmaqla yana\u015f\u0131 &#171;bayra\u011f\u0131 t\u0259rs tutan&#187; kadrlara da bir g\u00f6rk olmal\u0131d\u0131r. \u00c7\u00fcnki Az\u0259rbaycan bayra\u011f\u0131n\u0131n t\u0259rsin\u0259 as\u0131lmas\u0131 \u0259n\u0259n\u0259si yerli FET\u00d6 simvollar\u0131ndan biri olmas\u0131 \u00e7oxlar\u0131na art\u0131q m\u0259lumdur. Biz kims\u0259ni FET\u00d6-\u00e7\u00fc hesab etm\u0259d\u0259n bu adamlar\u0131n bir daha bayra\u011f\u0131m\u0131za olan say\u011f\u0131s\u0131zl\u0131qlar\u0131n\u0131 diqq\u0259tiniz\u0259 \u00e7atd\u0131raca\u011f\u0131q.<br><\/p>\n\n\n\n<figure class=\"wp-block-image\"><img decoding=\"async\" src=\"https:\/\/i.resimyukle.xyz\/ef1HfP.jpg\" alt=\"BAYRA\u011eIMIZA T\u018fRS BAXCANLAR, N\u0130Y\u018f ONLAR C\u018fZALANDIRILMIR?\"\/><\/figure>\n\n\n\n<p>Bayra\u011f\u0131n t\u0259rs tutulmas\u0131n\u0131n ilk pioneri milli tabulara qar\u015f\u0131 \u00e7\u0131xmaqla \u00f6z\u00fcn\u00fc de\u015fifr\u0259 ed\u0259n Fazil Mustafad\u0131r. 2010-cu ild\u0259 AB\u015e-da A\u011f Evin qar\u015f\u0131s\u0131nda t\u0259rs tuitdu\u011fu \u015f\u0259klini sosial \u015f\u0259b\u0259k\u0259l\u0259rd\u0259 yaym\u0131\u015fd\u0131. M\u0259tbuata a\u00e7\u0131qlamas\u0131nda bunun bir t\u0259l\u0259sk\u0259nlikl\u0259 ba\u011fl\u0131 oldu\u011funu s\u00f6yl\u0259y\u0259n Fazil Mustafan\u0131n bu etiraf etmi\u015fdi. Amma bu yet\u0259n\u0259 bir da\u015f atan deputat\u0131n t\u0259l\u0259sk\u0259nliyi hiss olunmur v\u0259 b\u00fct\u00fcn paltarlar\u0131 \u00f6z yerin\u0259 geyinilib. \u018fg\u0259r penc\u0259kl\u0259 \u015falvar\u0131n\u0131n yeri d\u0259yi\u015fik olsayd\u0131 inanmaq olard\u0131.<br><\/p>\n\n\n\n<figure class=\"wp-block-image\"><img decoding=\"async\" src=\"https:\/\/i.resimyukle.xyz\/W5BPLT.png\" alt=\"BAYRA\u011eIMIZA T\u018fRS BAXCANLAR, N\u0130Y\u018f ONLAR C\u018fZALANDIRILMIR?\"\/><\/figure>\n\n\n\n<p>2014 &#8212; c\u00fc ild\u0259 Bak\u0131-Quba yolunun 140-c\u0131 kilometrliyind\u0259 \u015eabran rayonu \u0259razisind\u0259 yerl\u0259\u015f\u0259n abid\u0259 g\u00f6st\u0259rici \u00fcz\u0259rind\u0259 Az\u0259rbaycan bayra\u011f\u0131 t\u0259rsin\u0259 as\u0131lm\u0131\u015fd\u0131. Yaln\u0131z saytlar\u0131n v\u0259 sosial \u015f\u0259b\u0259k\u0259l\u0259rinirad\u0131ndan sonra \u015eabran Rayon \u0130cra Hakimiyy\u0259tind\u0259n sayta bildirilmi\u015fdi ki, h\u0259qiq\u0259t\u0259n d\u0259 bel\u0259 bir s\u0259hv olub v\u0259 art\u0131q aradan qald\u0131r\u0131l\u0131b.<br><\/p>\n\n\n\n<figure class=\"wp-block-image\"><img decoding=\"async\" src=\"https:\/\/i.resimyukle.xyz\/QK1dJW.png\" alt=\"BAYRA\u011eIMIZA T\u018fRS BAXCANLAR, N\u0130Y\u018f ONLAR C\u018fZALANDIRILMIR?\"\/><\/figure>\n\n\n\n<p>2016-c\u0131 il\u0259 is\u0259 erm\u0259ni kils\u0259l\u0259rin\u0259 pulsuz qaz verm\u0259siyl\u0259 tan\u0131nan SOCAR prezidenti R\u00f6vn\u0259q Abdullayev \u00f6z dam\u011fas\u0131n\u0131 vurdu. \u00d6nc\u0259 h\u0259min il mart\u0131n 4-d\u0259 D\u00f6vl\u0259t Neft \u015eirk\u0259tinin (SOCAR) prezidenti R\u00f6vn\u0259q Abdullayev G\u00fcrc\u00fcstana s\u0259f\u0259ri zaman\u0131 ba\u015f verib. Abdullayev G\u00fcrc\u00fcstanda bu \u00f6lk\u0259nin d\u00f6vl\u0259t r\u0259smil\u0259ri il\u0259 geni\u015f t\u0259rkibd\u0259 g\u00f6r\u00fc\u015f zaman\u0131 bayra\u011f\u0131m\u0131z\u0131n t\u0259rs as\u0131lmas\u0131na etinas\u0131z yana\u015f\u0131b. Hadis\u0259 Kvemo Kartlid\u0259 ba\u015f verib. Abdullayev v\u0259 n\u00fcmay\u0259nd\u0259 hey\u0259ti Kvemo Kartlinin qubernatoru Paata Xizana\u015fvili il\u0259 G\u00fcrc\u00fcstan\u0131n enerji naziri Kaxa Kaladzenin d\u0259 i\u015ftirak etdiyi g\u00f6r\u00fc\u015f ke\u00e7irib. SOCAR prezidenti Az\u0259rbaycan\u0131n h\u0259diyy\u0259si olaraq G\u0259nc\u0259 Avtomobil Zavodunun istehsal\u0131 olan 10 \u0259d\u0259d traktor v\u0259 kotan\u0131 Kvemo Kartli quberniyas\u0131 adminstrasiyas\u0131na t\u0259qdim edib. G\u00f6r\u00fc\u015fd\u0259 SOCAR il\u0259 Kvemo Kartli qubernatorlu\u011fu aras\u0131nda \u018fm\u0259kda\u015fl\u0131q Memorandumu imzalan\u0131b. Bayraq da masan\u0131n \u00fcz\u0259rin\u0259 bu imzalanma m\u0259rasimind\u0259 t\u0259rs qoyulub. Bayra\u011f\u0131m\u0131za h\u00f6rm\u0259tsizlik g\u00f6r\u00fc\u015fd\u0259 i\u015ftirak ed\u0259n Az\u0259rbaycan\u0131n bu \u00f6lk\u0259d\u0259ki s\u0259firi Az\u0259r H\u00fcseyn v\u0259 dig\u0259r r\u0259smi \u015f\u0259xsl\u0259rin d\u0259 diqq\u0259tini c\u0259lb etm\u0259yib. H\u0259tta g\u00f6r\u00fc\u015fd\u0259n sonra bayra\u011f\u0131m\u0131z\u0131n t\u0259rs as\u0131ld\u0131\u011f\u0131n\u0131 \u0259ks etdir\u0259n fotolar he\u00e7 n\u0259 olmam\u0131\u015f kimi G\u00fcrc\u00fcstan v\u0259 Az\u0259rbaycan m\u0259tbuat\u0131nda da tirajlan\u0131b.<br><\/p>\n\n\n\n<figure class=\"wp-block-image\"><img decoding=\"async\" src=\"https:\/\/i.resimyukle.xyz\/G7803C.png\" alt=\"BAYRA\u011eIMIZA T\u018fRS BAXCANLAR, N\u0130Y\u018f ONLAR C\u018fZALANDIRILMIR?\"\/><\/figure>\n\n\n\n<p>Daha sonra, Az\u0259rbaycan d\u00f6vl\u0259t agentliyi Az\u0259rtac \u00e7oxlu sayda informasiya m\u0259nb\u0259l\u0259rind\u0259 v\u0259 sosial \u015f\u0259b\u0259k\u0259l\u0259rd\u0259 yay\u0131lan bu fotoya \u201c\u0259l g\u0259zdirib\u201d, y\u0259ni bayra\u011f\u0131 foto\u015fopla d\u00fcz v\u0259ziyy\u0259tin\u0259 g\u0259tirib. SOCAR-\u0131n r\u0259smi sayt\u0131nda is\u0259 Abdullayevin Kvemo Kartli s\u0259f\u0259ri bar\u0259d\u0259 x\u0259b\u0259r\u0259 bir ne\u00e7\u0259 foto \u0259lav\u0259 olunsa da, m\u0259hz imzalanma m\u0259rasimind\u0259n foto \u201cyada d\u00fc\u015fm\u0259yib\u201d. Bu add\u0131m da &#171;t\u0259sad\u00fcf&#187; elan edilib.Amma t\u0259sad\u00fcf tarixind\u0259 4 t\u0259sad\u00fcf\u00fcn eyni yerd\u0259 olmas\u0131 qeyd\u0259 al\u0131nmay\u0131b.<br><\/p>\n\n\n\n<figure class=\"wp-block-image\"><img decoding=\"async\" src=\"https:\/\/i.resimyukle.xyz\/ObUCG8.png\" alt=\"BAYRA\u011eIMIZA T\u018fRS BAXCANLAR, N\u0130Y\u018f ONLAR C\u018fZALANDIRILMIR?\"\/><\/figure>\n\n\n\n<p>T\u0259nqid\u00e7i-alim \u0130rad\u0259 Musayevan\u0131n 11-10-2017-ci ild\u0259 publika.az sayt\u0131na verdiyi m\u00fcsahib\u0259sind\u0259 Az\u0259rbaycan bayra\u011f\u0131n\u0131n t\u0259rs qoyulmas\u0131 ciddi m\u00fczakir\u0259l\u0259r\u0259 s\u0259b\u0259b olub.<\/p>\n\n\n\n<p>2019-cu il\u0259 is\u0259 Az\u0259rbaycan iqtisadiyyat naziri \u015eahin Mustafayev \u00f6z &#171;t\u0259rs bayraq&#187; dam\u011fas\u0131n\u0131 vurub. Az\u0259rbaycan iqtisadiyyat naziri \u015eahin Mustafayevl\u0259 Rusiyan\u0131n s\u0259naye v\u0259 ticar\u0259t naziri Denis Manturov aras\u0131nda Yekaterinburqda ke\u00e7iril\u0259n INNOPROM-2019 beyn\u0259lxalq s\u0259naye s\u0259rgisi \u00e7\u0259r\u00e7iv\u0259sind\u0259 ke\u00e7iril\u0259n g\u00f6r\u00fc\u015fd\u0259 Az\u0259rbaycan bayra\u011f\u0131 nazirin g\u00f6z\u00fc qar\u015f\u0131s\u0131nda n\u00f6vb\u0259ti d\u0259f\u0259 d\u00fczg\u00fcn yerl\u0259\u015fdirilm\u0259yib, ya\u015f\u0131l r\u0259ng yuxar\u0131da olub. Bayra\u011f\u0131m\u0131za g\u00f6st\u0259ril\u0259n bu diqq\u0259tsizlik d\u0259rhal sosial \u015f\u0259b\u0259k\u0259l\u0259rd\u0259 t\u0259nqid edilib. Lakin bu etirazlara ad\u0259ti \u00fczr\u0259 haqq\u0131nda erm\u0259nil\u0259r televiziya filmi \u00e7\u0259k\u0259n nazir he\u00e7 bir reaksiya verm\u0259yib. He\u00e7 olmasa yalandan olsa da dem\u0259yib ki, bu t\u0259sad\u00fcfd\u00fcr v\u0259 ya sizin bayra\u011f\u0131n\u0131z\u0131 tan\u0131m\u0131ram.<br><\/p>\n\n\n\n<figure class=\"wp-block-image\"><img decoding=\"async\" src=\"https:\/\/i.resimyukle.xyz\/7W83z1.png\" alt=\"BAYRA\u011eIMIZA T\u018fRS BAXCANLAR, N\u0130Y\u018f ONLAR C\u018fZALANDIRILMIR?\"\/><\/figure>\n\n\n\n<p>\u00dcst\u0259lik &#171;t\u0259rs bayraq&#187;lara v\u0259killik ed\u0259n \u018flm\u0259mm\u0259d Nuriyev g\u00fcl vuraraq deyib: &#171;Bayra\u011f\u0131n t\u0259rsin\u0259 as\u0131lmas\u0131 il\u0259 ba\u011fl\u0131 h\u0259r hans\u0131 m\u0259suliyy\u0259t n\u0259z\u0259rd\u0259 tutulmay\u0131b\u201d. Amma h\u00fcquq t\u0259hsilli \u018f. Nuriyev bilm\u0259lidir ki, bu n\u00fcanslar \u201cAz\u0259rbaycan Respublikas\u0131n\u0131n D\u00f6vl\u0259t Gerbi haqq\u0131nda\u201d qanun layih\u0259sind\u0259 \u0259ks olunub.<br>Qanunun t\u0259l\u0259bl\u0259rini pozan \u015f\u0259xsl\u0259r \u0130nzibati X\u0259talar M\u0259c\u0259ll\u0259sin\u0259, D\u00f6vl\u0259t Gerbi bar\u0259d\u0259 t\u0259hqiredici h\u0259r\u0259k\u0259tl\u0259r ed\u0259n \u015f\u0259xsl\u0259r is\u0259 Cinay\u0259t M\u0259c\u0259ll\u0259sin\u0259 uy\u011fun olaraq m\u0259suliyy\u0259t da\u015f\u0131y\u0131rlar.<\/p>\n\n\n\n<p>Cinay\u0259t M\u0259c\u0259ll\u0259sinin 324-c\u00fc madd\u0259sind\u0259 g\u00f6st\u0259rilib ki, (D\u00f6vl\u0259t Bayra\u011f\u0131 v\u0259 ya D\u00f6vl\u0259t Gerbi bar\u0259d\u0259 t\u0259hqiredici h\u0259r\u0259k\u0259tl\u0259r) Az\u0259rbaycan Respublikas\u0131n\u0131n D\u00f6vl\u0259t Bayra\u011f\u0131 v\u0259 ya Az\u0259rbaycan Respublikas\u0131n\u0131n D\u00f6vl\u0259t Gerbi bar\u0259d\u0259 t\u0259hqiredici h\u0259r\u0259k\u0259tl\u0259r ed\u0259n \u015f\u0259xsl\u0259r 2 il\u0259d\u0259k m\u00fcdd\u0259t\u0259 azadl\u0131\u011f\u0131n m\u0259hdudla\u015fd\u0131r\u0131lmas\u0131 v\u0259 ya 1 il\u0259d\u0259k m\u00fcdd\u0259t\u0259 azadl\u0131qdan m\u0259hrum etm\u0259 il\u0259 c\u0259zaland\u0131r\u0131l\u0131r.<\/p>\n\n\n\n<p>Qanun layih\u0259sin\u0259 d\u0259yi\u015fiklikl\u0259r is\u0259 Milli M\u0259clisin dekabr\u0131n 18-d\u0259 ke\u00e7iril\u0259c\u0259k iclas\u0131nda m\u00fczakir\u0259 edil\u0259c\u0259k.<\/p>\n\n\n\n<p>Qald\u0131 ki, bayra\u011f\u0131n t\u0259rsin\u0259 as\u0131lmas\u0131 D\u00f6vl\u0259t r\u0259mzini t\u0259hqir deyils\u0259, b\u0259s n\u0259dir? Bayra\u011f\u0131 t\u0259rs\u0259 asanlar n\u0259 \u0259c\u0259b k\u0259till\u0259rd\u0259 ba\u015flar\u0131 \u00fcst\u00fcnd\u0259 oturmurlar?<\/p>\n\n\n\n<p>Biz qar\u015f\u0131s\u0131nda diz \u00e7\u00f6kd\u00fcy\u00fcm\u00fcz Tanr\u0131sal bayra\u011f\u0131 dik\u0259ltm\u0259yi bilirik v\u0259 o bayraq dik\u0259linc\u0259 onu sevm\u0259y\u0259nl\u0259r ba\u015f-ayaq dururlar.<\/p>\n\n\n\n<p>M\u00f6vzuya qay\u0131daca\u011f\u0131q&#8230;<\/p>\n\n\n\n<p><strong>Veteran.az Ara\u015fd\u0131rma Qrupu <\/strong><\/p>\n","protected":false},"excerpt":{"rendered":"<p>Veteran.az x\u0259b\u0259r verir ki, T\u00fcrkiy\u0259nin Ordu \u015f\u0259h\u0259rind\u0259 Az\u0259rbaycan, G\u00fcrc\u00fcstan v\u0259 T\u00fcrkiy\u0259nin k\u0259nd t\u0259s\u0259rr\u00fcfat\u0131 nazirl\u0259rinin i\u015ftirak\u0131&#8230;<\/p>\n","protected":false},"author":3,"featured_media":1131,"comment_status":"closed","ping_status":"closed","sticky":false,"template":"","format":"standard","meta":{"footnotes":""},"categories":[6],"tags":[],"class_list":["post-1130","post","type-post","status-publish","format-standard","has-post-thumbnail","hentry","category-cmiyyt"],"featured_image_urls":{"full":["https:\/\/veteran.az\/wp-content\/uploads\/2019\/08\/4r3derf.png",700,493,false],"thumbnail":["https:\/\/veteran.az\/wp-content\/uploads\/2019\/08\/4r3derf-150x150.png",150,150,true],"medium":["https:\/\/veteran.az\/wp-content\/uploads\/2019\/08\/4r3derf-300x211.png",300,211,true],"medium_large":["https:\/\/veteran.az\/wp-content\/uploads\/2019\/08\/4r3derf.png",640,451,false],"large":["https:\/\/veteran.az\/wp-content\/uploads\/2019\/08\/4r3derf.png",640,451,false],"1536x1536":["https:\/\/veteran.az\/wp-content\/uploads\/2019\/08\/4r3derf.png",700,493,false],"2048x2048":["https:\/\/veteran.az\/wp-content\/uploads\/2019\/08\/4r3derf.png",700,493,false],"covernews-slider-full":["https:\/\/veteran.az\/wp-content\/uploads\/2019\/08\/4r3derf.png",700,493,false],"covernews-slider-center":["https:\/\/veteran.az\/wp-content\/uploads\/2019\/08\/4r3derf.png",700,493,false],"covernews-featured":["https:\/\/veteran.az\/wp-content\/uploads\/2019\/08\/4r3derf.png",700,493,false],"covernews-medium":["https:\/\/veteran.az\/wp-content\/uploads\/2019\/08\/4r3derf-700x380.png",540,293,true],"covernews-medium-square":["https:\/\/veteran.az\/wp-content\/uploads\/2019\/08\/4r3derf-675x450.png",375,250,true]},"author_info":{"display_name":"Veteran.az","author_link":"https:\/\/veteran.az\/?author=3"},"category_info":"<a href=\"https:\/\/veteran.az\/?cat=6\" rel=\"category\">C\u0259miyy\u0259t<\/a>","tag_info":"C\u0259miyy\u0259t","comment_count":"0","_links":{"self":[{"href":"https:\/\/veteran.az\/index.php?rest_route=\/wp\/v2\/posts\/1130","targetHints":{"allow":["GET"]}}],"collection":[{"href":"https:\/\/veteran.az\/index.php?rest_route=\/wp\/v2\/posts"}],"about":[{"href":"https:\/\/veteran.az\/index.php?rest_route=\/wp\/v2\/types\/post"}],"author":[{"embeddable":true,"href":"https:\/\/veteran.az\/index.php?rest_route=\/wp\/v2\/users\/3"}],"replies":[{"embeddable":true,"href":"https:\/\/veteran.az\/index.php?rest_route=%2Fwp%2Fv2%2Fcomments&post=1130"}],"version-history":[{"count":1,"href":"https:\/\/veteran.az\/index.php?rest_route=\/wp\/v2\/posts\/1130\/revisions"}],"predecessor-version":[{"id":1132,"href":"https:\/\/veteran.az\/index.php?rest_route=\/wp\/v2\/posts\/1130\/revisions\/1132"}],"wp:featuredmedia":[{"embeddable":true,"href":"https:\/\/veteran.az\/index.php?rest_route=\/wp\/v2\/media\/1131"}],"wp:attachment":[{"href":"https:\/\/veteran.az\/index.php?rest_route=%2Fwp%2Fv2%2Fmedia&parent=1130"}],"wp:term":[{"taxonomy":"category","embeddable":true,"href":"https:\/\/veteran.az\/index.php?rest_route=%2Fwp%2Fv2%2Fcategories&post=1130"},{"taxonomy":"post_tag","embeddable":true,"href":"https:\/\/veteran.az\/index.php?rest_route=%2Fwp%2Fv2%2Ftags&post=1130"}],"curies":[{"name":"wp","href":"https:\/\/api.w.org\/{rel}","templated":true}]}}